{"id":8050,"date":"2026-04-28T20:00:53","date_gmt":"2026-04-28T19:00:53","guid":{"rendered":"https:\/\/28april.org\/?p=8050"},"modified":"2026-04-28T18:50:16","modified_gmt":"2026-04-28T17:50:16","slug":"croatia-nacionalni-dan-zastite-na-radu-28-travnja","status":"publish","type":"post","link":"https:\/\/28april.org\/?p=8050","title":{"rendered":"Croatia: Nacionalni dan za\u0161tite na radu &#8211; 28. travnja"},"content":{"rendered":"<div class=\"html-div xdj266r x14z9mp xat24cr x1lziwak xexx8yu xyri2b x18d9i69 x1c1uobl\" data-ad-rendering-role=\"story_message\">\n<div class=\"x1l90r2v x1iorvi4 x1g0dm76 xpdmqnj\" data-ad-comet-preview=\"message\" data-ad-preview=\"message\">\n<div class=\"x78zum5 xdt5ytf xz62fqu x16ldp7u\">\n<div class=\"xu06os2 x1ok221b\">\n<div class=\"html-div xdj266r x14z9mp xat24cr x1lziwak xexx8yu xyri2b x18d9i69 x1c1uobl\">\n<div class=\"xdj266r x14z9mp xat24cr x1lziwak x1vvkbs x126k92a\">\n<div dir=\"auto\">Nacionalni dan za\u0161tite na radu<\/div>\n<\/div>\n<div class=\"x14z9mp xat24cr x1lziwak x1vvkbs xtlvy1s x126k92a\">\n<div dir=\"auto\">Od 2007. godine u Republici Hrvatskoj se 28. travnja, odlukom Hrvatskog sabora, obilje\u017eava kao Nacionalni dan za\u0161tite na radu.<\/div>\n<\/div>\n<div class=\"x14z9mp xat24cr x1lziwak x1vvkbs xtlvy1s x126k92a\">\n<div dir=\"auto\">Svrha obilje\u017eavanja ovog dana je podizanje svijesti o va\u017enosti unaprje\u0111enja za\u0161tite na radu, smanjenja broja ozljeda na radu, profesionalnih bolesti i bolesti u vezi s radom te o\u010duvanja radne sposobnosti radnika. Obilje\u017eavanjem ovog dana nagla\u0161ava se va\u017enost osiguranja zdravog i sigurnog okru\u017eenja za rad, \u0161to je u skladu i s odredbama Europske konvencije o ljudskim pravima prema kojima svaki radnik ima pravo raditi u uvjetima u kojima se \u010duva njegovo zdravlje, sigurnost i dostojanstvo.<\/div>\n<\/div>\n<div class=\"x14z9mp xat24cr x1lziwak x1vvkbs xtlvy1s x126k92a\">\n<div dir=\"auto\">U ostvarenju ovog cilja svoj doprinos moraju dati svi dionici u sustavu, od tijela javnih vlasti, socijalnih partnera, poslodavaca, znanstveno-istra\u017eiva\u010dkih institucija, pa sve do samih radnika koji trebaju ukazivati na nepravilnosti u radnom okru\u017eenju.<\/div>\n<\/div>\n<\/div>\n<\/div>\n<\/div>\n<\/div>\n<\/div>\n<blockquote class=\"html-blockquote xexx8yu x18d9i69 x12u81az x1t7ytsu x56jcm7 x14z9mp xieb3on x1gslohp xv54qhq xf7dkkf xyqm7xq\">\n<div class=\"x78zum5 xdt5ytf xz62fqu x16ldp7u\">\n<div class=\"xu06os2 x1ok221b\">\n<div class=\"html-div xdj266r x14z9mp xat24cr x1lziwak xexx8yu xyri2b x18d9i69 x1c1uobl\">\n<div class=\"xdj266r x14z9mp xat24cr x1lziwak x1vvkbs x126k92a\">\n<div dir=\"auto\">National Work Safety Day<\/div>\n<\/div>\n<div class=\"x14z9mp xat24cr x1lziwak x1vvkbs xtlvy1s x126k92a\">\n<div dir=\"auto\">Since 2007. 28 years in the Republic of Croatia. April, by the decision of the Croatian Parliament, is marked as the National Day of Protection at Work.<\/div>\n<\/div>\n<div class=\"x14z9mp xat24cr x1lziwak x1vvkbs xtlvy1s x126k92a\">\n<div dir=\"auto\">The purpose of celebrating this day is to raise awareness of the importance of improving safety at work, reducing the number of injuries at work, occupational illnesses and work-related diseases and preserving the ability to work. Celebrating this day emphasizes the importance of ensuring a healthy and safe work environment, which is in accordance with the provisions of the European Convention on Human Rights, according to which every worker has the right to work in conditions that preserve his health, safety and dignity.<\/div>\n<\/div>\n<div class=\"x14z9mp xat24cr x1lziwak x1vvkbs xtlvy1s x126k92a\">\n<div dir=\"auto\">All stakeholders in the system must contribute to achieving this goal, from public authorities, social partners, employers, scientific and research institutions, and all the way to the workers themselves who need to point out irregularities in the work environment.<\/div>\n<div dir=\"auto\"><img src=\"https:\/\/scontent-man2-1.xx.fbcdn.net\/v\/t39.30808-6\/683203667_27087447467505515_9119098440097900524_n.jpg?stp=dst-jpg_s565x565_tt6&amp;_nc_cat=103&amp;ccb=1-7&amp;_nc_sid=e06c5d&amp;_nc_ohc=cVE1PY8Gg-AQ7kNvwHVoq8x&amp;_nc_oc=Adrkiyeqlzd7hQXOYoDT8UXTd8E9Fln-rT55ReyQaPEr_0qo0VJKloZK5McbPVwN3oM&amp;_nc_zt=23&amp;_nc_ht=scontent-man2-1.xx&amp;_nc_gid=N1yjYue-_lMH9mtpNvQrBw&amp;_nc_ss=7b2a8&amp;oh=00_Af0nUPVc3cGL4GxqDusTKFYFyNdApS799s6jWBBGaI_QVQ&amp;oe=69F6AB9A\" alt=\"May be an image of text that says &quot;Nacionalni dan za\u0161tite na radu&quot;\" \/><\/div>\n<\/div>\n<\/div>\n<\/div>\n<\/div>\n<\/blockquote>\n<div class=\"sharedaddy sd-sharing-enabled\"><div class=\"robots-nocontent sd-block sd-social sd-social-icon sd-sharing\"><h3 class=\"sd-title\">Share this post<\/h3><div class=\"sd-content\"><ul><li class=\"share-facebook\"><a rel=\"nofollow noopener noreferrer\" data-shared=\"sharing-facebook-8050\" class=\"share-facebook sd-button share-icon no-text\" href=\"https:\/\/28april.org\/?p=8050&amp;share=facebook\" target=\"_blank\" title=\"Click to share on Facebook\" ><span><\/span><span class=\"sharing-screen-reader-text\">Click to share on Facebook (Opens in new window)<\/span><\/a><\/li><li class=\"share-linkedin\"><a rel=\"nofollow noopener noreferrer\" data-shared=\"sharing-linkedin-8050\" class=\"share-linkedin sd-button share-icon no-text\" href=\"https:\/\/28april.org\/?p=8050&amp;share=linkedin\" target=\"_blank\" title=\"Click to share on LinkedIn\" ><span><\/span><span class=\"sharing-screen-reader-text\">Click to share on LinkedIn (Opens in new window)<\/span><\/a><\/li><li class=\"share-twitter\"><a rel=\"nofollow noopener noreferrer\" data-shared=\"sharing-twitter-8050\" class=\"share-twitter sd-button share-icon no-text\" href=\"https:\/\/28april.org\/?p=8050&amp;share=twitter\" target=\"_blank\" title=\"Click to share on Twitter\" ><span><\/span><span class=\"sharing-screen-reader-text\">Click to share on Twitter (Opens in new window)<\/span><\/a><\/li><li class=\"share-pocket\"><a rel=\"nofollow noopener noreferrer\" data-shared=\"\" class=\"share-pocket sd-button share-icon no-text\" href=\"https:\/\/28april.org\/?p=8050&amp;share=pocket\" target=\"_blank\" title=\"Click to share on Pocket\" ><span><\/span><span class=\"sharing-screen-reader-text\">Click to share on Pocket (Opens in new window)<\/span><\/a><\/li><li class=\"share-jetpack-whatsapp\"><a rel=\"nofollow noopener noreferrer\" data-shared=\"\" class=\"share-jetpack-whatsapp sd-button share-icon no-text\" href=\"https:\/\/28april.org\/?p=8050&amp;share=jetpack-whatsapp\" target=\"_blank\" title=\"Click to share on WhatsApp\" ><span><\/span><span class=\"sharing-screen-reader-text\">Click to share on WhatsApp (Opens in new window)<\/span><\/a><\/li><li class=\"share-print\"><a rel=\"nofollow noopener noreferrer\" data-shared=\"\" class=\"share-print sd-button share-icon no-text\" href=\"https:\/\/28april.org\/?p=8050\" target=\"_blank\" title=\"Click to print\" ><span><\/span><span class=\"sharing-screen-reader-text\">Click to print (Opens in new window)<\/span><\/a><\/li><li class=\"share-email\"><a rel=\"nofollow noopener noreferrer\" data-shared=\"\" class=\"share-email sd-button share-icon no-text\" href=\"mailto:?subject=%5BShared%20Post%5D%20Croatia%3A%20Nacionalni%20dan%20za%C5%A1tite%20na%20radu%20-%2028.%20travnja&body=https%3A%2F%2F28april.org%2F%3Fp%3D8050&share=email\" target=\"_blank\" title=\"Click to email a link to a friend\" data-email-share-error-title=\"Do you have email set up?\" data-email-share-error-text=\"If you&#039;re having problems sharing via email, you might not have email set up for your browser. You may need to create a new email yourself.\" data-email-share-nonce=\"9a101823be\" data-email-share-track-url=\"https:\/\/28april.org\/?p=8050&amp;share=email\"><span><\/span><span class=\"sharing-screen-reader-text\">Click to email a link to a friend (Opens in new window)<\/span><\/a><\/li><li class=\"share-pinterest\"><a rel=\"nofollow noopener noreferrer\" data-shared=\"sharing-pinterest-8050\" class=\"share-pinterest sd-button share-icon no-text\" href=\"https:\/\/28april.org\/?p=8050&amp;share=pinterest\" target=\"_blank\" title=\"Click to share on Pinterest\" ><span><\/span><span class=\"sharing-screen-reader-text\">Click to share on Pinterest (Opens in new window)<\/span><\/a><\/li><li class=\"share-telegram\"><a rel=\"nofollow noopener noreferrer\" data-shared=\"\" class=\"share-telegram sd-button share-icon no-text\" href=\"https:\/\/28april.org\/?p=8050&amp;share=telegram\" target=\"_blank\" title=\"Click to share on Telegram\" ><span><\/span><span class=\"sharing-screen-reader-text\">Click to share on Telegram (Opens in new window)<\/span><\/a><\/li><li class=\"share-end\"><\/li><\/ul><\/div><\/div><\/div>","protected":false},"excerpt":{"rendered":"<p>Nacionalni dan za\u0161tite na radu Od 2007. godine u Republici Hrvatskoj se 28. travnja, odlukom Hrvatskog sabora, obilje\u017eava kao Nacionalni dan za\u0161tite na radu. Svrha obilje\u017eavanja ovog dana je podizanje svijesti o va\u017enosti unaprje\u0111enja za\u0161tite na radu, smanjenja broja ozljeda na radu, profesionalnih bolesti i bolesti u vezi s radom te o\u010duvanja radne sposobnosti radnika. &hellip; <a href=\"https:\/\/28april.org\/?p=8050\" class=\"more-link\">Continue reading <span class=\"screen-reader-text\">Croatia: Nacionalni dan za\u0161tite na radu &#8211; 28. travnja<\/span> <span class=\"meta-nav\">&rarr;<\/span><\/a><\/p>\n<div class=\"sharedaddy sd-sharing-enabled\"><div class=\"robots-nocontent sd-block sd-social sd-social-icon sd-sharing\"><h3 class=\"sd-title\">Share this post<\/h3><div class=\"sd-content\"><ul><li class=\"share-facebook\"><a rel=\"nofollow noopener noreferrer\" data-shared=\"sharing-facebook-8050\" class=\"share-facebook sd-button share-icon no-text\" href=\"https:\/\/28april.org\/?p=8050&amp;share=facebook\" target=\"_blank\" title=\"Click to share on Facebook\" ><span><\/span><span class=\"sharing-screen-reader-text\">Click to share on Facebook (Opens in new window)<\/span><\/a><\/li><li class=\"share-linkedin\"><a rel=\"nofollow noopener noreferrer\" data-shared=\"sharing-linkedin-8050\" class=\"share-linkedin sd-button share-icon no-text\" href=\"https:\/\/28april.org\/?p=8050&amp;share=linkedin\" target=\"_blank\" title=\"Click to share on LinkedIn\" ><span><\/span><span class=\"sharing-screen-reader-text\">Click to share on LinkedIn (Opens in new window)<\/span><\/a><\/li><li class=\"share-twitter\"><a rel=\"nofollow noopener noreferrer\" data-shared=\"sharing-twitter-8050\" class=\"share-twitter sd-button share-icon no-text\" href=\"https:\/\/28april.org\/?p=8050&amp;share=twitter\" target=\"_blank\" title=\"Click to share on Twitter\" ><span><\/span><span class=\"sharing-screen-reader-text\">Click to share on Twitter (Opens in new window)<\/span><\/a><\/li><li class=\"share-pocket\"><a rel=\"nofollow noopener noreferrer\" data-shared=\"\" class=\"share-pocket sd-button share-icon no-text\" href=\"https:\/\/28april.org\/?p=8050&amp;share=pocket\" target=\"_blank\" title=\"Click to share on Pocket\" ><span><\/span><span class=\"sharing-screen-reader-text\">Click to share on Pocket (Opens in new window)<\/span><\/a><\/li><li class=\"share-jetpack-whatsapp\"><a rel=\"nofollow noopener noreferrer\" data-shared=\"\" class=\"share-jetpack-whatsapp sd-button share-icon no-text\" href=\"https:\/\/28april.org\/?p=8050&amp;share=jetpack-whatsapp\" target=\"_blank\" title=\"Click to share on WhatsApp\" ><span><\/span><span class=\"sharing-screen-reader-text\">Click to share on WhatsApp (Opens in new window)<\/span><\/a><\/li><li class=\"share-print\"><a rel=\"nofollow noopener noreferrer\" data-shared=\"\" class=\"share-print sd-button share-icon no-text\" href=\"https:\/\/28april.org\/?p=8050\" target=\"_blank\" title=\"Click to print\" ><span><\/span><span class=\"sharing-screen-reader-text\">Click to print (Opens in new window)<\/span><\/a><\/li><li class=\"share-email\"><a rel=\"nofollow noopener noreferrer\" data-shared=\"\" class=\"share-email sd-button share-icon no-text\" href=\"mailto:?subject=%5BShared%20Post%5D%20Croatia%3A%20Nacionalni%20dan%20za%C5%A1tite%20na%20radu%20-%2028.%20travnja&body=https%3A%2F%2F28april.org%2F%3Fp%3D8050&share=email\" target=\"_blank\" title=\"Click to email a link to a friend\" data-email-share-error-title=\"Do you have email set up?\" data-email-share-error-text=\"If you&#039;re having problems sharing via email, you might not have email set up for your browser. You may need to create a new email yourself.\" data-email-share-nonce=\"9a101823be\" data-email-share-track-url=\"https:\/\/28april.org\/?p=8050&amp;share=email\"><span><\/span><span class=\"sharing-screen-reader-text\">Click to email a link to a friend (Opens in new window)<\/span><\/a><\/li><li class=\"share-pinterest\"><a rel=\"nofollow noopener noreferrer\" data-shared=\"sharing-pinterest-8050\" class=\"share-pinterest sd-button share-icon no-text\" href=\"https:\/\/28april.org\/?p=8050&amp;share=pinterest\" target=\"_blank\" title=\"Click to share on Pinterest\" ><span><\/span><span class=\"sharing-screen-reader-text\">Click to share on Pinterest (Opens in new window)<\/span><\/a><\/li><li class=\"share-telegram\"><a rel=\"nofollow noopener noreferrer\" data-shared=\"\" class=\"share-telegram sd-button share-icon no-text\" href=\"https:\/\/28april.org\/?p=8050&amp;share=telegram\" target=\"_blank\" title=\"Click to share on Telegram\" ><span><\/span><span class=\"sharing-screen-reader-text\">Click to share on Telegram (Opens in new window)<\/span><\/a><\/li><li class=\"share-end\"><\/li><\/ul><\/div><\/div><\/div>","protected":false},"author":1,"featured_media":0,"comment_status":"open","ping_status":"open","sticky":false,"template":"","format":"standard","meta":{"jetpack_post_was_ever_published":false},"categories":[2110,2202,2117,4,3],"tags":[2112,692,2203],"jetpack_featured_media_url":"","jetpack_shortlink":"https:\/\/wp.me\/p7r6RV-25Q","jetpack_sharing_enabled":true,"jetpack_likes_enabled":false,"_links":{"self":[{"href":"https:\/\/28april.org\/index.php?rest_route=\/wp\/v2\/posts\/8050"}],"collection":[{"href":"https:\/\/28april.org\/index.php?rest_route=\/wp\/v2\/posts"}],"about":[{"href":"https:\/\/28april.org\/index.php?rest_route=\/wp\/v2\/types\/post"}],"author":[{"embeddable":true,"href":"https:\/\/28april.org\/index.php?rest_route=\/wp\/v2\/users\/1"}],"replies":[{"embeddable":true,"href":"https:\/\/28april.org\/index.php?rest_route=%2Fwp%2Fv2%2Fcomments&post=8050"}],"version-history":[{"count":1,"href":"https:\/\/28april.org\/index.php?rest_route=\/wp\/v2\/posts\/8050\/revisions"}],"predecessor-version":[{"id":8051,"href":"https:\/\/28april.org\/index.php?rest_route=\/wp\/v2\/posts\/8050\/revisions\/8051"}],"wp:attachment":[{"href":"https:\/\/28april.org\/index.php?rest_route=%2Fwp%2Fv2%2Fmedia&parent=8050"}],"wp:term":[{"taxonomy":"category","embeddable":true,"href":"https:\/\/28april.org\/index.php?rest_route=%2Fwp%2Fv2%2Fcategories&post=8050"},{"taxonomy":"post_tag","embeddable":true,"href":"https:\/\/28april.org\/index.php?rest_route=%2Fwp%2Fv2%2Ftags&post=8050"}],"curies":[{"name":"wp","href":"https:\/\/api.w.org\/{rel}","templated":true}]}}