{"id":8040,"date":"2026-04-28T19:10:37","date_gmt":"2026-04-28T18:10:37","guid":{"rendered":"https:\/\/28april.org\/?p=8040"},"modified":"2026-04-28T18:35:34","modified_gmt":"2026-04-28T17:35:34","slug":"france-perdre-la-sante-perdre-la-vie-en-raison-du-travail-ca-suffit-cgt","status":"publish","type":"post","link":"https:\/\/28april.org\/?p=8040","title":{"rendered":"France: Perdre la sant\u00e9, perdre la vie, en raison du travail : \u00e7a suffit ! | CGT"},"content":{"rendered":"<div class=\"row\">\n<div class=\"column small-12 medium-10 large-8\">\n<h1 class=\"field-sep-24 h1-big\">Perdre la sant\u00e9, perdre la vie, en raison du travail\u2009: \u00e7a suffit\u2009!<\/h1>\n<div class=\"inline flex field-sep-32 date-publish-container\">\n<div class=\"date-style\">Ce 28\u202f avril 2026, journ\u00e9e internationale de la sant\u00e9 et de la s\u00e9curit\u00e9 au travail, la CGT appelle comme chaque ann\u00e9e \u00e0 la mobilisation pour qu\u2019enfin de r\u00e9elles mesures soient prises pour en finir avec la mort ou les blessures graves au travail.<\/div>\n<\/div>\n<\/div>\n<\/div>\n<div class=\"row\">\n<div class=\"column small-12 medium-10 large-10\">\n<div class=\"image-container image-detail parag-sep \">\n<div class=\"field field-node--field-imagette-media field-name-field-imagette-media field-type-entity-reference field-label-visually_hidden\">\n<div class=\"field-label visually-hidden\"><\/div>\n<div class=\"field-items\">\n<div class=\"field-item\">\n<article>\n<div class=\"field field-media--field-media-image field-name-field-media-image field-type-image field-label-hidden\">\n<div class=\"image-container\"><img loading=\"lazy\" src=\"https:\/\/www.cgt.fr\/sites\/default\/files\/styles\/image_detail\/public\/2026-04\/Visuel%20journe%CC%81e%20morts%20au%20travail%20%202026.png?itok=dBIgWmcl\" alt=\"Visuel journe\u0301e morts au travail 2026\" width=\"968\" height=\"550\" \/><\/div>\n<div class=\"image-container\"><span style=\"font-size: 24px; font-weight: bold;\">Le monde du travail n\u2019est pas s\u00fbr<\/span><\/div>\n<\/div>\n<\/article>\n<\/div>\n<\/div>\n<\/div>\n<\/div>\n<\/div>\n<\/div>\n<div class=\"field-node--body field-body body row\">\n<div class=\"column small-12 medium-10 large-8 field-sep-32\">\n<div class=\"field field-node--body field-name-body field-type-text-with-summary field-label-hidden\">\n<div class=\"field-items\">\n<div class=\"field-item\">\n<p>Dans le monde, chaque ann\u00e9e, on d\u00e9nombre pr\u00e8s de 380\u202fmillions d\u2019accidents du travail, entra\u00eenant absences, handicaps\u2026 voire la mort\u2009: plus de 3\u202fmillions de d\u00e9c\u00e8s sont li\u00e9s aux accidents du travail ou aux maladies professionnelles.<\/p>\n<p>En 2024, le bilan de la S\u00e9curit\u00e9 sociale d\u00e9nombre 1\u2009297 morts au travail ou par le travail (auxquels il faut ajouter les travailleur\u00b7ses d\u00e9pendant du r\u00e9gime agricole, des r\u00e9gimes sp\u00e9ciaux, de la fonction publique, et les ind\u00e9pendant\u00b7es, non comptabilis\u00e9\u00b7es dans le rapport)\u2009:<\/p>\n<ul>\n<li><strong>764<\/strong>\u00a0d\u00e9c\u00e8s \u00e0 la suite d\u2019un\u00a0<strong>accident de travai<\/strong>l\u2009;<\/li>\n<li><strong>318<\/strong>\u00a0\u00e0 la suite d\u2019un\u00a0<strong>accident de trajet<\/strong>\u2009;<\/li>\n<li><strong>215<\/strong>\u00a0d\u00e9c\u00e8s \u00e0 la\u00a0<strong>suite d\u2019une maladie professionnelle<\/strong>.<\/li>\n<\/ul>\n<p>C\u2019est un scandale national,\u00a0<strong>plus de 3 morts par jour<\/strong>\u00a0\u2013 invisibilis\u00e9es ou trait\u00e9es le plus souvent comme de simples faits divers.<\/p>\n<h4>En 2025, 5 victimes \u00e9taient des mineur\u00b7es, apprenti\u00b7es ou lyc\u00e9en\u00b7nes de moins de 18 ans.<\/h4>\n<p>C\u2019est un bilan d\u00e9sastreux pour le gouvernement et le patronat, qui d\u00e9fendent l\u2019entreprise comme lieu d\u2019apprentissage tout en refusant de prendre en compte la r\u00e9alit\u00e9 du travail et ses cons\u00e9quences.<\/p>\n<p>Les morts \u00e0 la suite d\u2019une maladie professionnelle sont aussi en augmentation. Les cancers professionnels sont encore nettement sous-d\u00e9clar\u00e9s, et souvent non consid\u00e9r\u00e9s comme li\u00e9s \u00e0 l\u2019activit\u00e9 professionnelle, faussant ainsi les statistiques et donc \u00e0 terme la pr\u00e9vention n\u00e9cessaire des risques et la r\u00e9paration des pr\u00e9judices subis par les victimes du travail.<\/p>\n<p>\u00c0 ces morts s\u2019ajoutent\u00a0<strong>des milliers d\u2019accidents graves occasionnant des lourdes s\u00e9quelles<\/strong>\u00a0parfois durables et entra\u00eenant trop souvent un licenciement pour inaptitude.<\/p>\n<h3>L\u2019accidentologie au travail n\u2019est pas une fatalit\u00e9<\/h3>\n<p>Les morts au travail ou du fait du travail et les blessures graves\u00a0<strong>ne sont jamais le fruit du hasard et sont parfaitement \u00e9vitable<\/strong>s. Elles sont tr\u00e8s souvent le r\u00e9sultat de choix patronaux d\u00e9lib\u00e9r\u00e9s de maximiser les profits.<br \/>\nLe travail dans l\u2019urgence, le d\u00e9faut de pr\u00e9vention de fa\u00e7on g\u00e9n\u00e9rale et d\u2019une pr\u00e9vention genr\u00e9e (prenant en compte les situations de travail diff\u00e9renci\u00e9es et les sp\u00e9cificit\u00e9s biologiques des femmes et des hommes),\u00a0<strong>les organisations du travail d\u00e9l\u00e9t\u00e8res sont parmi les facteurs aggravants des risques professionnels<\/strong>.<\/p>\n<h4>Les actions dissuasives sont insuffisantes, les contr\u00f4les trop faiblement r\u00e9alis\u00e9s.<\/h4>\n<p><strong>Apr\u00e8s avoir organis\u00e9 la p\u00e9nurie de m\u00e9decins du travail, d\u2019inspecteur\u00b7ices du travail et de contr\u00f4leur\u00b7ses de la S\u00e9curit\u00e9 sociale dans les caisses r\u00e9gionales, il est temps de r\u00e9investir dans ces emplois n\u00e9cessaires \u00e0 la pr\u00e9vention et au contr\u00f4le des risques au travail<\/strong>.<\/p>\n<p>La s\u00e9curit\u00e9 au travail n\u2019est pas une priorit\u00e9 pour les pouvoirs publics en g\u00e9n\u00e9ral, pour le minist\u00e8re de la Justice en particulier \u2013 trop de proc\u00e8s-verbaux des inspecteur\u00b7ices du travail sont\u00a0<strong>class\u00e9s sans suite par les procureur\u00b7ses<\/strong>\u00a0de la R\u00e9publique, soit par manque de moyens soit par d\u00e9cision politique.<\/p>\n<p>Les employeur\u00b7ses condamn\u00e9s comme responsables d\u2019un accident mortel re\u00e7oivent des peines peu dissuasives,\u00a0<strong>des amendes d\u00e9risoires qui n\u2019ont qu\u2019un faible impact sur la pr\u00e9vention des risques<\/strong>.<\/p>\n<p>Sanction d\u00e9risoire \u00e9galement pour la mise en \u0153uvre du document unique d\u2019\u00e9valuation des risques professionnels et sa mise \u00e0 jour r\u00e9guli\u00e8re\u2009:\u00a0<strong>1\u2009500 euros d\u2019amende n\u2019incitent pas les employeur\u00b7ses \u00e0 respecter cette obligation l\u00e9gale<\/strong>\u00a0\u2013 et 50\u202f% d\u2019entre eux ne le font pas.<\/p>\n<p>Combattre les risques au travail n\u00e9cessite de renforcer les moyens des agent\u00b7es de l\u2019\u00c9tat pour pr\u00e9venir les risques et contr\u00f4ler l\u2019application de la loi.<\/p>\n<h3>Renforcer le pouvoir d\u2019agir des salari\u00e9\u00b7es<\/h3>\n<p>Les gouvernements de Macron ont\u00a0<strong>drastiquement limit\u00e9 l\u2019intervention des repr\u00e9sentant\u00b7es du personnel, et les CHSCT ont totalement disparu depuis 2020 tous secteurs confondus<\/strong>.<\/p>\n<p>La CGT consid\u00e8re que\u00a0<strong>cette situation participe \u00e0 l\u2019aggravation des conditions de travail<\/strong>\u00a0et au recul en mati\u00e8re de pr\u00e9vention des risques professionnels.<\/p>\n<p>Le pouvoir d\u2019agir des salari\u00e9\u00b7es et de leurs repr\u00e9sentant\u00b7es dans les entreprises doit \u00eatre renforc\u00e9. En particulier,\u00a0<strong>les CHSCT, institutions indispensables \u00e0 la pr\u00e9vention des risques professionnels<\/strong>, doivent \u00eatre remis en place, avec des pr\u00e9rogatives nouvelles, et \u00eatre accessibles \u00e0 tou\u00b7tes les travailleur\u00b7ses\u2009!<\/p>\n<h3>Tou\u00b7tes mobilis\u00e9\u00b7es le 28 avril !<\/h3>\n<p>La\u00a0<strong>journ\u00e9e internationale de la sant\u00e9 et de la s\u00e9curit\u00e9 au travail\u00a0<\/strong>est l\u2019occasion de visibiliser les morts et blessures au travail \u00e9vitables.<\/p>\n<p>Pour transformer le travail et arr\u00eater cette h\u00e9catombe, exigeons :<\/p>\n<ul>\n<li><strong>l\u2019obligation de la mise en \u0153uvre du DUERP<\/strong>, un DUERP qui soit genr\u00e9 (obligation depuis 2014 qui n\u2019est pas appliqu\u00e9e) avec contr\u00f4le de son application et de sa mise \u00e0 jour\u2009;<\/li>\n<li>le\u00a0<strong>renforcement de la protection des travailleur\u00b7ses<\/strong>\u00a0et le respect du droit de retrait\u2009;<\/li>\n<li>une\u00a0<strong>politique p\u00e9nale du travail s\u00e9v\u00e8re<\/strong>\u00a0condamnant fermement les employeur\u00b7ses responsables d\u2019accidents graves au travail\u2009;<\/li>\n<li>la\u00a0<strong>suppression du recours \u00e0 la sous-traitance\u00a0<\/strong>pour les activit\u00e9s \u00e0 risques, et le renforcement des responsabilit\u00e9s et la condamnation des donneurs d\u2019ordre. L\u2019abus des niveaux de sous-traitance est un facteur aggravant\u2009!<\/li>\n<li>un\u00a0<strong>renforcement de la r\u00e9glementation<\/strong>\u00a0pour prot\u00e9ger la sant\u00e9 et la s\u00e9curit\u00e9 des salari\u00e9\u00b7es\u2009;<\/li>\n<li>la\u00a0<strong>suppression des stages en entreprise d\u00e8s le coll\u00e8ge<\/strong>\u00a0et des s\u00e9quences \u00ab\u202fd\u2019observation\u202f\u00bb en 2nde g\u00e9n\u00e9rale et technologique\u2009;<\/li>\n<li>l\u2019<strong>am\u00e9lioration des protections l\u00e9gales pour les mineur\u00b7es en formation professionnelle<\/strong>, notamment le r\u00e9tablissement de celles supprim\u00e9es en\u202f2015 et\u202f2018\u2009;<\/li>\n<li>le\u00a0<strong>retour des CHSCT et des d\u00e9l\u00e9gu\u00e9\u00b7es du personnel<\/strong>\u00a0(DP), outil de proximit\u00e9 et de pr\u00e9vention par excellence, avec des pr\u00e9rogatives et une accessibilit\u00e9 renforc\u00e9es\u2009;<\/li>\n<li>le\u00a0<strong>doublement du nombre d\u2019inspecteur\u00b7ices du travail<\/strong>, le renforcement des effectifs de contr\u00f4leur\u00b7ses Carsat (S\u00e9curit\u00e9 sociale), avec de plus larges pr\u00e9rogatives coercitives (arr\u00eat de chantiers et travaux dangereux)\u2009;<\/li>\n<li>l\u2019<strong>assurance de l\u2019ind\u00e9pendance et de la protection de tou\u00b7tes les acteur\u00b7ices de la sant\u00e9 au travail<\/strong>, y compris des m\u00e9decins du travail et des \u00e9quipes des SPSTI.<\/li>\n<\/ul>\n<h2 class=\"text-align-center\">\n\u27a1\ufe0f T\u00e9l\u00e9charger le tract<\/h2>\n<p><img loading=\"lazy\" class=\"align-center\" src=\"https:\/\/www.cgt.fr\/sites\/default\/files\/inline-images\/Capture%20d%E2%80%99e%CC%81cran%202026-04-15%20a%CC%80%2015.37.41.png\" alt=\"Tract 28 avril\" width=\"557\" height=\"810\" data-entity-uuid=\"662d5dd5-32d2-4213-956e-ee71974919bc\" data-entity-type=\"file\" \/><\/p>\n<p class=\"text-align-center\">\nFormat TDC\u00a0<a href=\"https:\/\/cloud.cgt.fr\/index.php\/s\/7XPARccEpzNnGNB\" target=\"_blank\" rel=\"noopener\">ici<\/a><br \/>\nFormat RVB\u00a0<a href=\"https:\/\/cloud.cgt.fr\/index.php\/s\/mLXNimmTRCpMAHx\" target=\"_blank\" rel=\"noopener\">ici<\/a><br \/>\nFormat CMJN\u00a0<a href=\"https:\/\/cloud.cgt.fr\/index.php\/s\/TLBLGM9WZFk3ALf\" target=\"_blank\" rel=\"noopener\">ici<\/a><\/p>\n<p class=\"text-align-center\">\n<p><img loading=\"lazy\" class=\"align-center\" src=\"https:\/\/www.cgt.fr\/sites\/default\/files\/inline-images\/Capture%20d%E2%80%99e%CC%81cran%202026-04-17%20a%CC%80%2009.26.36.png\" alt=\"tract \u00e0 t\u00e9l\u00e9charger\" width=\"602\" height=\"866\" data-entity-uuid=\"6556803b-8e70-4ca6-86a3-40de8db0a114\" data-entity-type=\"file\" \/><\/p>\n<h3 class=\"text-align-center\">\nT\u00e9l\u00e9charger le tract \u2935\ufe0f<\/h3>\n<\/div>\n<\/div>\n<\/div>\n<\/div>\n<\/div>\n<div class=\"sharedaddy sd-sharing-enabled\"><div class=\"robots-nocontent sd-block sd-social sd-social-icon sd-sharing\"><h3 class=\"sd-title\">Share this post<\/h3><div class=\"sd-content\"><ul><li class=\"share-facebook\"><a rel=\"nofollow noopener noreferrer\" data-shared=\"sharing-facebook-8040\" class=\"share-facebook sd-button share-icon no-text\" href=\"https:\/\/28april.org\/?p=8040&amp;share=facebook\" target=\"_blank\" title=\"Click to share on Facebook\" ><span><\/span><span class=\"sharing-screen-reader-text\">Click to share on Facebook (Opens in new window)<\/span><\/a><\/li><li class=\"share-linkedin\"><a rel=\"nofollow noopener noreferrer\" data-shared=\"sharing-linkedin-8040\" class=\"share-linkedin sd-button share-icon no-text\" href=\"https:\/\/28april.org\/?p=8040&amp;share=linkedin\" target=\"_blank\" title=\"Click to share on LinkedIn\" ><span><\/span><span class=\"sharing-screen-reader-text\">Click to share on LinkedIn (Opens in new window)<\/span><\/a><\/li><li class=\"share-twitter\"><a rel=\"nofollow noopener noreferrer\" data-shared=\"sharing-twitter-8040\" class=\"share-twitter sd-button share-icon no-text\" href=\"https:\/\/28april.org\/?p=8040&amp;share=twitter\" target=\"_blank\" title=\"Click to share on Twitter\" ><span><\/span><span class=\"sharing-screen-reader-text\">Click to share on Twitter (Opens in new window)<\/span><\/a><\/li><li class=\"share-pocket\"><a rel=\"nofollow noopener noreferrer\" data-shared=\"\" class=\"share-pocket sd-button share-icon no-text\" href=\"https:\/\/28april.org\/?p=8040&amp;share=pocket\" target=\"_blank\" title=\"Click to share on Pocket\" ><span><\/span><span class=\"sharing-screen-reader-text\">Click to share on Pocket (Opens in new window)<\/span><\/a><\/li><li class=\"share-jetpack-whatsapp\"><a rel=\"nofollow noopener noreferrer\" data-shared=\"\" class=\"share-jetpack-whatsapp sd-button share-icon no-text\" href=\"https:\/\/28april.org\/?p=8040&amp;share=jetpack-whatsapp\" target=\"_blank\" title=\"Click to share on WhatsApp\" ><span><\/span><span class=\"sharing-screen-reader-text\">Click to share on WhatsApp (Opens in new window)<\/span><\/a><\/li><li class=\"share-print\"><a rel=\"nofollow noopener noreferrer\" data-shared=\"\" class=\"share-print sd-button share-icon no-text\" href=\"https:\/\/28april.org\/?p=8040\" target=\"_blank\" title=\"Click to print\" ><span><\/span><span class=\"sharing-screen-reader-text\">Click to print (Opens in new window)<\/span><\/a><\/li><li class=\"share-email\"><a rel=\"nofollow noopener noreferrer\" data-shared=\"\" class=\"share-email sd-button share-icon no-text\" href=\"mailto:?subject=%5BShared%20Post%5D%20France%3A%20Perdre%20la%20sant%C3%A9%2C%20perdre%20la%20vie%2C%20en%20raison%20du%20travail%20%3A%20%C3%A7a%20suffit%20%21%20%7C%20CGT&body=https%3A%2F%2F28april.org%2F%3Fp%3D8040&share=email\" target=\"_blank\" title=\"Click to email a link to a friend\" data-email-share-error-title=\"Do you have email set up?\" data-email-share-error-text=\"If you&#039;re having problems sharing via email, you might not have email set up for your browser. You may need to create a new email yourself.\" data-email-share-nonce=\"aa8b6edeb8\" data-email-share-track-url=\"https:\/\/28april.org\/?p=8040&amp;share=email\"><span><\/span><span class=\"sharing-screen-reader-text\">Click to email a link to a friend (Opens in new window)<\/span><\/a><\/li><li class=\"share-pinterest\"><a rel=\"nofollow noopener noreferrer\" data-shared=\"sharing-pinterest-8040\" class=\"share-pinterest sd-button share-icon no-text\" href=\"https:\/\/28april.org\/?p=8040&amp;share=pinterest\" target=\"_blank\" title=\"Click to share on Pinterest\" ><span><\/span><span class=\"sharing-screen-reader-text\">Click to share on Pinterest (Opens in new window)<\/span><\/a><\/li><li class=\"share-telegram\"><a rel=\"nofollow noopener noreferrer\" data-shared=\"\" class=\"share-telegram sd-button share-icon no-text\" href=\"https:\/\/28april.org\/?p=8040&amp;share=telegram\" target=\"_blank\" title=\"Click to share on Telegram\" ><span><\/span><span class=\"sharing-screen-reader-text\">Click to share on Telegram (Opens in new window)<\/span><\/a><\/li><li class=\"share-end\"><\/li><\/ul><\/div><\/div><\/div>","protected":false},"excerpt":{"rendered":"<p>Perdre la sant\u00e9, perdre la vie, en raison du travail\u2009: \u00e7a suffit\u2009! Ce 28\u202f avril 2026, journ\u00e9e internationale de la sant\u00e9 et de la s\u00e9curit\u00e9 au travail, la CGT appelle comme chaque ann\u00e9e \u00e0 la mobilisation pour qu\u2019enfin de r\u00e9elles mesures soient prises pour en finir avec la mort ou les blessures graves au travail. &hellip; <a href=\"https:\/\/28april.org\/?p=8040\" class=\"more-link\">Continue reading <span class=\"screen-reader-text\">France: Perdre la sant\u00e9, perdre la vie, en raison du travail : \u00e7a suffit ! | CGT<\/span> <span class=\"meta-nav\">&rarr;<\/span><\/a><\/p>\n<div class=\"sharedaddy sd-sharing-enabled\"><div class=\"robots-nocontent sd-block sd-social sd-social-icon sd-sharing\"><h3 class=\"sd-title\">Share this post<\/h3><div class=\"sd-content\"><ul><li class=\"share-facebook\"><a rel=\"nofollow noopener noreferrer\" data-shared=\"sharing-facebook-8040\" class=\"share-facebook sd-button share-icon no-text\" href=\"https:\/\/28april.org\/?p=8040&amp;share=facebook\" target=\"_blank\" title=\"Click to share on Facebook\" ><span><\/span><span class=\"sharing-screen-reader-text\">Click to share on Facebook (Opens in new window)<\/span><\/a><\/li><li class=\"share-linkedin\"><a rel=\"nofollow noopener noreferrer\" data-shared=\"sharing-linkedin-8040\" class=\"share-linkedin sd-button share-icon no-text\" href=\"https:\/\/28april.org\/?p=8040&amp;share=linkedin\" target=\"_blank\" title=\"Click to share on LinkedIn\" ><span><\/span><span class=\"sharing-screen-reader-text\">Click to share on LinkedIn (Opens in new window)<\/span><\/a><\/li><li class=\"share-twitter\"><a rel=\"nofollow noopener noreferrer\" data-shared=\"sharing-twitter-8040\" class=\"share-twitter sd-button share-icon no-text\" href=\"https:\/\/28april.org\/?p=8040&amp;share=twitter\" target=\"_blank\" title=\"Click to share on Twitter\" ><span><\/span><span class=\"sharing-screen-reader-text\">Click to share on Twitter (Opens in new window)<\/span><\/a><\/li><li class=\"share-pocket\"><a rel=\"nofollow noopener noreferrer\" data-shared=\"\" class=\"share-pocket sd-button share-icon no-text\" href=\"https:\/\/28april.org\/?p=8040&amp;share=pocket\" target=\"_blank\" title=\"Click to share on Pocket\" ><span><\/span><span class=\"sharing-screen-reader-text\">Click to share on Pocket (Opens in new window)<\/span><\/a><\/li><li class=\"share-jetpack-whatsapp\"><a rel=\"nofollow noopener noreferrer\" data-shared=\"\" class=\"share-jetpack-whatsapp sd-button share-icon no-text\" href=\"https:\/\/28april.org\/?p=8040&amp;share=jetpack-whatsapp\" target=\"_blank\" title=\"Click to share on WhatsApp\" ><span><\/span><span class=\"sharing-screen-reader-text\">Click to share on WhatsApp (Opens in new window)<\/span><\/a><\/li><li class=\"share-print\"><a rel=\"nofollow noopener noreferrer\" data-shared=\"\" class=\"share-print sd-button share-icon no-text\" href=\"https:\/\/28april.org\/?p=8040\" target=\"_blank\" title=\"Click to print\" ><span><\/span><span class=\"sharing-screen-reader-text\">Click to print (Opens in new window)<\/span><\/a><\/li><li class=\"share-email\"><a rel=\"nofollow noopener noreferrer\" data-shared=\"\" class=\"share-email sd-button share-icon no-text\" href=\"mailto:?subject=%5BShared%20Post%5D%20France%3A%20Perdre%20la%20sant%C3%A9%2C%20perdre%20la%20vie%2C%20en%20raison%20du%20travail%20%3A%20%C3%A7a%20suffit%20%21%20%7C%20CGT&body=https%3A%2F%2F28april.org%2F%3Fp%3D8040&share=email\" target=\"_blank\" title=\"Click to email a link to a friend\" data-email-share-error-title=\"Do you have email set up?\" data-email-share-error-text=\"If you&#039;re having problems sharing via email, you might not have email set up for your browser. You may need to create a new email yourself.\" data-email-share-nonce=\"aa8b6edeb8\" data-email-share-track-url=\"https:\/\/28april.org\/?p=8040&amp;share=email\"><span><\/span><span class=\"sharing-screen-reader-text\">Click to email a link to a friend (Opens in new window)<\/span><\/a><\/li><li class=\"share-pinterest\"><a rel=\"nofollow noopener noreferrer\" data-shared=\"sharing-pinterest-8040\" class=\"share-pinterest sd-button share-icon no-text\" href=\"https:\/\/28april.org\/?p=8040&amp;share=pinterest\" target=\"_blank\" title=\"Click to share on Pinterest\" ><span><\/span><span class=\"sharing-screen-reader-text\">Click to share on Pinterest (Opens in new window)<\/span><\/a><\/li><li class=\"share-telegram\"><a rel=\"nofollow noopener noreferrer\" data-shared=\"\" class=\"share-telegram sd-button share-icon no-text\" href=\"https:\/\/28april.org\/?p=8040&amp;share=telegram\" target=\"_blank\" title=\"Click to share on Telegram\" ><span><\/span><span class=\"sharing-screen-reader-text\">Click to share on Telegram (Opens in new window)<\/span><\/a><\/li><li class=\"share-end\"><\/li><\/ul><\/div><\/div><\/div>","protected":false},"author":1,"featured_media":0,"comment_status":"open","ping_status":"open","sticky":false,"template":"","format":"standard","meta":{"jetpack_post_was_ever_published":false},"categories":[2110,2117,2144,4,3],"tags":[2112,692,158,313],"jetpack_featured_media_url":"","jetpack_shortlink":"https:\/\/wp.me\/p7r6RV-25G","jetpack_sharing_enabled":true,"jetpack_likes_enabled":false,"_links":{"self":[{"href":"https:\/\/28april.org\/index.php?rest_route=\/wp\/v2\/posts\/8040"}],"collection":[{"href":"https:\/\/28april.org\/index.php?rest_route=\/wp\/v2\/posts"}],"about":[{"href":"https:\/\/28april.org\/index.php?rest_route=\/wp\/v2\/types\/post"}],"author":[{"embeddable":true,"href":"https:\/\/28april.org\/index.php?rest_route=\/wp\/v2\/users\/1"}],"replies":[{"embeddable":true,"href":"https:\/\/28april.org\/index.php?rest_route=%2Fwp%2Fv2%2Fcomments&post=8040"}],"version-history":[{"count":2,"href":"https:\/\/28april.org\/index.php?rest_route=\/wp\/v2\/posts\/8040\/revisions"}],"predecessor-version":[{"id":8042,"href":"https:\/\/28april.org\/index.php?rest_route=\/wp\/v2\/posts\/8040\/revisions\/8042"}],"wp:attachment":[{"href":"https:\/\/28april.org\/index.php?rest_route=%2Fwp%2Fv2%2Fmedia&parent=8040"}],"wp:term":[{"taxonomy":"category","embeddable":true,"href":"https:\/\/28april.org\/index.php?rest_route=%2Fwp%2Fv2%2Fcategories&post=8040"},{"taxonomy":"post_tag","embeddable":true,"href":"https:\/\/28april.org\/index.php?rest_route=%2Fwp%2Fv2%2Ftags&post=8040"}],"curies":[{"name":"wp","href":"https:\/\/api.w.org\/{rel}","templated":true}]}}