{"id":8037,"date":"2026-04-28T19:00:42","date_gmt":"2026-04-28T18:00:42","guid":{"rendered":"https:\/\/28april.org\/?p=8037"},"modified":"2026-04-28T18:31:05","modified_gmt":"2026-04-28T17:31:05","slug":"france-prendre-a-bras-le-corps-les-risques-psychosociaux-au-travail-cfdt","status":"publish","type":"post","link":"https:\/\/28april.org\/?p=8037","title":{"rendered":"France: Prendre \u00e0 bras-le-corps les risques psychosociaux au travail | CFDT"},"content":{"rendered":"<section class=\"page section\" data-theme=\"offwhite\">\n<div class=\"container container--md\">\n<h1 class=\"page-title h150\">Prendre \u00e0 bras-le-corps les risques psychosociaux au travail<\/h1>\n<div class=\"page-date\">\u00c0 l\u2019occasion de la Journ\u00e9e mondiale de la s\u00e9curit\u00e9 et de la sant\u00e9 au travail, le 28 avril, l\u2019Organisation internationale du travail (OIT) publie un rapport mondial majeur consacr\u00e9 aux risques psychosociaux au travail.<\/div>\n<div><\/div>\n<div class=\"page-description\">\n<div class=\"page-description-text cms\">\n<p>Ce rapport met en lumi\u00e8re un constat essentiel : l\u2019environnement psychosocial, c\u2019est-\u00e0-dire la mani\u00e8re dont le travail est con\u00e7u, organis\u00e9 et manag\u00e9, influence directement la sant\u00e9, la s\u00e9curit\u00e9 et la performance des travailleurs.<\/p>\n<\/div>\n<\/div>\n<\/div>\n<\/section>\n<section class=\"text section\" data-theme=\"offwhite\">\n<div class=\"container container--md\">\n<div class=\"cms\">\n<p>Les facteurs psychosociaux (la charge de travail, la clart\u00e9 des r\u00f4les, l\u2019autonomie, le soutien manag\u00e9rial ou encore l\u2019\u00e9quit\u00e9 des processus) ne rel\u00e8vent pas de simples perceptions individuelles. Lorsqu\u2019ils sont d\u00e9grad\u00e9s, ils constituent de v\u00e9ritables risques professionnels, au m\u00eame titre que les risques physiques, chimiques ou biologiques.<\/p>\n<p>Face \u00e0 ces enjeux, le rapport de l\u2019OIT promeut une approche organisationnelle et pr\u00e9ventive, structur\u00e9e autour de trois niveaux indissociables :<\/p>\n<ul>\n<li>Le poste de travail et son contenu,<\/li>\n<li>Les modes de management et d\u2019organisation,<\/li>\n<li>Le cadre global des politiques et proc\u00e9dures de l\u2019entreprise.<\/li>\n<\/ul>\n<p>Cette approche syst\u00e9mique marque une \u00e9volution majeure : elle invite \u00e0 traiter les risques psychosociaux non plus comme des difficult\u00e9s individuelles, mais comme des questions centrales de travail, d\u2019organisation du travail et de gouvernance.<\/p>\n<p>Dans ce contexte, la CFDT s\u2019inscrit pleinement dans cette dynamique. Elle portera cette vision lors du webinaire organis\u00e9 par l\u2019OIT \u00e0 l\u2019occasion de cette journ\u00e9e mondiale, en d\u00e9fendant :<\/p>\n<ul>\n<li>Une pr\u00e9vention primaire des risques psychosociaux,<\/li>\n<li>Une transformation des organisations du travail,<\/li>\n<li>Et un renforcement du dialogue social comme levier de sant\u00e9 au travail.<\/li>\n<\/ul>\n<p><strong>Au-del\u00e0 des dispositifs de pr\u00e9vention, la CFDT affirme que les salari\u00e9s attendent un management qui reconnait la r\u00e9alit\u00e9 de leur travail, leur donne les moyens d\u2019agir sur les transformations en cours, et leur permet de trouver du sens dans leur activit\u00e9. Le dialogue professionnel, au plus pr\u00e8s du terrain, est \u00e0 ce titre un levier indispensable de sant\u00e9 au travail.<\/strong><\/p>\n<p>Pour la CFDT, la pr\u00e9vention des risques psychosociaux passe avant tout par une am\u00e9lioration concr\u00e8te des conditions de travail et une responsabilisation des organisations.<\/p>\n<p><span style=\"font-size: 24px; font-weight: bold;\">A t\u00e9l\u00e9charger<\/span><\/div>\n<\/div>\n<\/section>\n<section class=\"resources section\" data-theme=\"offwhite\">\n<div class=\"container container--md\">\n<ul class=\"resources-list\">\n<li class=\"resources-item\">\n<article class=\"resource-card\"><img loading=\"lazy\" class=\"resource-card-image\" src=\"https:\/\/www.cfdt.fr\/frontend\/images\/document.png\" alt=\"\" width=\"54\" height=\"69\" \/><\/p>\n<div class=\"resource-card-content\">\n<h4 class=\"resource-card-title h600\">CP Journ\u00e9e mondiale sant\u00e9 au travail<\/h4>\n<p>PDF<a href=\"https:\/\/www.cfdt.fr\/sinformer\/communiques-de-presse\/prendre-a-bras-le-corps-les-risques-psychosociaux-au-travail\">https:\/\/www.cfdt.fr\/sinformer\/communiques-de-presse\/prendre-a-bras-le-corps-les-risques-psychosociaux-au-travail<\/a><\/p>\n<\/div>\n<\/article>\n<\/li>\n<\/ul>\n<\/div>\n<\/section>\n<div class=\"sharedaddy sd-sharing-enabled\"><div class=\"robots-nocontent sd-block sd-social sd-social-icon sd-sharing\"><h3 class=\"sd-title\">Share this post<\/h3><div class=\"sd-content\"><ul><li class=\"share-facebook\"><a rel=\"nofollow noopener noreferrer\" data-shared=\"sharing-facebook-8037\" class=\"share-facebook sd-button share-icon no-text\" href=\"https:\/\/28april.org\/?p=8037&amp;share=facebook\" target=\"_blank\" title=\"Click to share on Facebook\" ><span><\/span><span class=\"sharing-screen-reader-text\">Click to share on Facebook (Opens in new window)<\/span><\/a><\/li><li class=\"share-linkedin\"><a rel=\"nofollow noopener noreferrer\" data-shared=\"sharing-linkedin-8037\" class=\"share-linkedin sd-button share-icon no-text\" href=\"https:\/\/28april.org\/?p=8037&amp;share=linkedin\" target=\"_blank\" title=\"Click to share on LinkedIn\" ><span><\/span><span class=\"sharing-screen-reader-text\">Click to share on LinkedIn (Opens in new window)<\/span><\/a><\/li><li class=\"share-twitter\"><a rel=\"nofollow noopener noreferrer\" data-shared=\"sharing-twitter-8037\" class=\"share-twitter sd-button share-icon no-text\" href=\"https:\/\/28april.org\/?p=8037&amp;share=twitter\" target=\"_blank\" title=\"Click to share on Twitter\" ><span><\/span><span class=\"sharing-screen-reader-text\">Click to share on Twitter (Opens in new window)<\/span><\/a><\/li><li class=\"share-pocket\"><a rel=\"nofollow noopener noreferrer\" data-shared=\"\" class=\"share-pocket sd-button share-icon no-text\" href=\"https:\/\/28april.org\/?p=8037&amp;share=pocket\" target=\"_blank\" title=\"Click to share on Pocket\" ><span><\/span><span class=\"sharing-screen-reader-text\">Click to share on Pocket (Opens in new window)<\/span><\/a><\/li><li class=\"share-jetpack-whatsapp\"><a rel=\"nofollow noopener noreferrer\" data-shared=\"\" class=\"share-jetpack-whatsapp sd-button share-icon no-text\" href=\"https:\/\/28april.org\/?p=8037&amp;share=jetpack-whatsapp\" target=\"_blank\" title=\"Click to share on WhatsApp\" ><span><\/span><span class=\"sharing-screen-reader-text\">Click to share on WhatsApp (Opens in new window)<\/span><\/a><\/li><li class=\"share-print\"><a rel=\"nofollow noopener noreferrer\" data-shared=\"\" class=\"share-print sd-button share-icon no-text\" href=\"https:\/\/28april.org\/?p=8037\" target=\"_blank\" title=\"Click to print\" ><span><\/span><span class=\"sharing-screen-reader-text\">Click to print (Opens in new window)<\/span><\/a><\/li><li class=\"share-email\"><a rel=\"nofollow noopener noreferrer\" data-shared=\"\" class=\"share-email sd-button share-icon no-text\" href=\"mailto:?subject=%5BShared%20Post%5D%20France%3A%20Prendre%20%C3%A0%20bras-le-corps%20les%20risques%20psychosociaux%20au%20travail%20%7C%20CFDT&body=https%3A%2F%2F28april.org%2F%3Fp%3D8037&share=email\" target=\"_blank\" title=\"Click to email a link to a friend\" data-email-share-error-title=\"Do you have email set up?\" data-email-share-error-text=\"If you&#039;re having problems sharing via email, you might not have email set up for your browser. You may need to create a new email yourself.\" data-email-share-nonce=\"d7fa33c596\" data-email-share-track-url=\"https:\/\/28april.org\/?p=8037&amp;share=email\"><span><\/span><span class=\"sharing-screen-reader-text\">Click to email a link to a friend (Opens in new window)<\/span><\/a><\/li><li class=\"share-pinterest\"><a rel=\"nofollow noopener noreferrer\" data-shared=\"sharing-pinterest-8037\" class=\"share-pinterest sd-button share-icon no-text\" href=\"https:\/\/28april.org\/?p=8037&amp;share=pinterest\" target=\"_blank\" title=\"Click to share on Pinterest\" ><span><\/span><span class=\"sharing-screen-reader-text\">Click to share on Pinterest (Opens in new window)<\/span><\/a><\/li><li class=\"share-telegram\"><a rel=\"nofollow noopener noreferrer\" data-shared=\"\" class=\"share-telegram sd-button share-icon no-text\" href=\"https:\/\/28april.org\/?p=8037&amp;share=telegram\" target=\"_blank\" title=\"Click to share on Telegram\" ><span><\/span><span class=\"sharing-screen-reader-text\">Click to share on Telegram (Opens in new window)<\/span><\/a><\/li><li class=\"share-end\"><\/li><\/ul><\/div><\/div><\/div>","protected":false},"excerpt":{"rendered":"<p>Prendre \u00e0 bras-le-corps les risques psychosociaux au travail \u00c0 l\u2019occasion de la Journ\u00e9e mondiale de la s\u00e9curit\u00e9 et de la sant\u00e9 au travail, le 28 avril, l\u2019Organisation internationale du travail (OIT) publie un rapport mondial majeur consacr\u00e9 aux risques psychosociaux au travail. Ce rapport met en lumi\u00e8re un constat essentiel : l\u2019environnement psychosocial, c\u2019est-\u00e0-dire la &hellip; <a href=\"https:\/\/28april.org\/?p=8037\" class=\"more-link\">Continue reading <span class=\"screen-reader-text\">France: Prendre \u00e0 bras-le-corps les risques psychosociaux au travail | CFDT<\/span> <span class=\"meta-nav\">&rarr;<\/span><\/a><\/p>\n<div class=\"sharedaddy sd-sharing-enabled\"><div class=\"robots-nocontent sd-block sd-social sd-social-icon sd-sharing\"><h3 class=\"sd-title\">Share this post<\/h3><div class=\"sd-content\"><ul><li class=\"share-facebook\"><a rel=\"nofollow noopener noreferrer\" data-shared=\"sharing-facebook-8037\" class=\"share-facebook sd-button share-icon no-text\" href=\"https:\/\/28april.org\/?p=8037&amp;share=facebook\" target=\"_blank\" title=\"Click to share on Facebook\" ><span><\/span><span class=\"sharing-screen-reader-text\">Click to share on Facebook (Opens in new window)<\/span><\/a><\/li><li class=\"share-linkedin\"><a rel=\"nofollow noopener noreferrer\" data-shared=\"sharing-linkedin-8037\" class=\"share-linkedin sd-button share-icon no-text\" href=\"https:\/\/28april.org\/?p=8037&amp;share=linkedin\" target=\"_blank\" title=\"Click to share on LinkedIn\" ><span><\/span><span class=\"sharing-screen-reader-text\">Click to share on LinkedIn (Opens in new window)<\/span><\/a><\/li><li class=\"share-twitter\"><a rel=\"nofollow noopener noreferrer\" data-shared=\"sharing-twitter-8037\" class=\"share-twitter sd-button share-icon no-text\" href=\"https:\/\/28april.org\/?p=8037&amp;share=twitter\" target=\"_blank\" title=\"Click to share on Twitter\" ><span><\/span><span class=\"sharing-screen-reader-text\">Click to share on Twitter (Opens in new window)<\/span><\/a><\/li><li class=\"share-pocket\"><a rel=\"nofollow noopener noreferrer\" data-shared=\"\" class=\"share-pocket sd-button share-icon no-text\" href=\"https:\/\/28april.org\/?p=8037&amp;share=pocket\" target=\"_blank\" title=\"Click to share on Pocket\" ><span><\/span><span class=\"sharing-screen-reader-text\">Click to share on Pocket (Opens in new window)<\/span><\/a><\/li><li class=\"share-jetpack-whatsapp\"><a rel=\"nofollow noopener noreferrer\" data-shared=\"\" class=\"share-jetpack-whatsapp sd-button share-icon no-text\" href=\"https:\/\/28april.org\/?p=8037&amp;share=jetpack-whatsapp\" target=\"_blank\" title=\"Click to share on WhatsApp\" ><span><\/span><span class=\"sharing-screen-reader-text\">Click to share on WhatsApp (Opens in new window)<\/span><\/a><\/li><li class=\"share-print\"><a rel=\"nofollow noopener noreferrer\" data-shared=\"\" class=\"share-print sd-button share-icon no-text\" href=\"https:\/\/28april.org\/?p=8037\" target=\"_blank\" title=\"Click to print\" ><span><\/span><span class=\"sharing-screen-reader-text\">Click to print (Opens in new window)<\/span><\/a><\/li><li class=\"share-email\"><a rel=\"nofollow noopener noreferrer\" data-shared=\"\" class=\"share-email sd-button share-icon no-text\" href=\"mailto:?subject=%5BShared%20Post%5D%20France%3A%20Prendre%20%C3%A0%20bras-le-corps%20les%20risques%20psychosociaux%20au%20travail%20%7C%20CFDT&body=https%3A%2F%2F28april.org%2F%3Fp%3D8037&share=email\" target=\"_blank\" title=\"Click to email a link to a friend\" data-email-share-error-title=\"Do you have email set up?\" data-email-share-error-text=\"If you&#039;re having problems sharing via email, you might not have email set up for your browser. You may need to create a new email yourself.\" data-email-share-nonce=\"d7fa33c596\" data-email-share-track-url=\"https:\/\/28april.org\/?p=8037&amp;share=email\"><span><\/span><span class=\"sharing-screen-reader-text\">Click to email a link to a friend (Opens in new window)<\/span><\/a><\/li><li class=\"share-pinterest\"><a rel=\"nofollow noopener noreferrer\" data-shared=\"sharing-pinterest-8037\" class=\"share-pinterest sd-button share-icon no-text\" href=\"https:\/\/28april.org\/?p=8037&amp;share=pinterest\" target=\"_blank\" title=\"Click to share on Pinterest\" ><span><\/span><span class=\"sharing-screen-reader-text\">Click to share on Pinterest (Opens in new window)<\/span><\/a><\/li><li class=\"share-telegram\"><a rel=\"nofollow noopener noreferrer\" data-shared=\"\" class=\"share-telegram sd-button share-icon no-text\" href=\"https:\/\/28april.org\/?p=8037&amp;share=telegram\" target=\"_blank\" title=\"Click to share on Telegram\" ><span><\/span><span class=\"sharing-screen-reader-text\">Click to share on Telegram (Opens in new window)<\/span><\/a><\/li><li class=\"share-end\"><\/li><\/ul><\/div><\/div><\/div>","protected":false},"author":1,"featured_media":0,"comment_status":"open","ping_status":"open","sticky":false,"template":"","format":"standard","meta":{"jetpack_post_was_ever_published":false},"categories":[1],"tags":[2112,692,1244,313],"jetpack_featured_media_url":"","jetpack_shortlink":"https:\/\/wp.me\/p7r6RV-25D","jetpack_sharing_enabled":true,"jetpack_likes_enabled":false,"_links":{"self":[{"href":"https:\/\/28april.org\/index.php?rest_route=\/wp\/v2\/posts\/8037"}],"collection":[{"href":"https:\/\/28april.org\/index.php?rest_route=\/wp\/v2\/posts"}],"about":[{"href":"https:\/\/28april.org\/index.php?rest_route=\/wp\/v2\/types\/post"}],"author":[{"embeddable":true,"href":"https:\/\/28april.org\/index.php?rest_route=\/wp\/v2\/users\/1"}],"replies":[{"embeddable":true,"href":"https:\/\/28april.org\/index.php?rest_route=%2Fwp%2Fv2%2Fcomments&post=8037"}],"version-history":[{"count":2,"href":"https:\/\/28april.org\/index.php?rest_route=\/wp\/v2\/posts\/8037\/revisions"}],"predecessor-version":[{"id":8039,"href":"https:\/\/28april.org\/index.php?rest_route=\/wp\/v2\/posts\/8037\/revisions\/8039"}],"wp:attachment":[{"href":"https:\/\/28april.org\/index.php?rest_route=%2Fwp%2Fv2%2Fmedia&parent=8037"}],"wp:term":[{"taxonomy":"category","embeddable":true,"href":"https:\/\/28april.org\/index.php?rest_route=%2Fwp%2Fv2%2Fcategories&post=8037"},{"taxonomy":"post_tag","embeddable":true,"href":"https:\/\/28april.org\/index.php?rest_route=%2Fwp%2Fv2%2Ftags&post=8037"}],"curies":[{"name":"wp","href":"https:\/\/api.w.org\/{rel}","templated":true}]}}