{"id":8033,"date":"2026-04-28T18:50:09","date_gmt":"2026-04-28T17:50:09","guid":{"rendered":"https:\/\/28april.org\/?p=8033"},"modified":"2026-04-28T18:25:24","modified_gmt":"2026-04-28T17:25:24","slug":"portugal-comunicado-da-ugt-28-abril-combater-os-riscos-psicossociais-no-trabalho-vamos-garantir-um-ambiente-de-trabalho-saudavel","status":"publish","type":"post","link":"https:\/\/28april.org\/?p=8033","title":{"rendered":"Portugal: Comunicado da UGT \u2013 28 abril | Combater os Riscos Psicossociais no Trabalho: Vamos garantir um Ambiente de Trabalho Saud\u00e1vel"},"content":{"rendered":"<p><a href=\"https:\/\/28april.org\/wp-content\/uploads\/2026\/04\/0odncy4nowhaku7ln0zkelpcr0fuyrhqw3jljecf.png\"><img loading=\"lazy\" class=\"size-large wp-image-8034 aligncenter\" src=\"https:\/\/28april.org\/wp-content\/uploads\/2026\/04\/0odncy4nowhaku7ln0zkelpcr0fuyrhqw3jljecf-1024x501.png\" alt=\"\" width=\"474\" height=\"232\" srcset=\"https:\/\/28april.org\/wp-content\/uploads\/2026\/04\/0odncy4nowhaku7ln0zkelpcr0fuyrhqw3jljecf-1024x501.png 1024w, https:\/\/28april.org\/wp-content\/uploads\/2026\/04\/0odncy4nowhaku7ln0zkelpcr0fuyrhqw3jljecf-300x147.png 300w, https:\/\/28april.org\/wp-content\/uploads\/2026\/04\/0odncy4nowhaku7ln0zkelpcr0fuyrhqw3jljecf-768x376.png 768w, https:\/\/28april.org\/wp-content\/uploads\/2026\/04\/0odncy4nowhaku7ln0zkelpcr0fuyrhqw3jljecf-1536x751.png 1536w, https:\/\/28april.org\/wp-content\/uploads\/2026\/04\/0odncy4nowhaku7ln0zkelpcr0fuyrhqw3jljecf.png 1793w\" sizes=\"(max-width: 474px) 100vw, 474px\" \/><\/a><\/p>\n<p><b><span lang=\"ES\" data-olk-copy-source=\"MessageBody\">Comunicado da UGT \u2013 28 de abril de 2026 | Combater os Riscos Psicossociais no Trabalho: Vamos garantir um Ambiente de Trabalho Saud\u00e1vel<\/span><\/b><\/p>\n<p><b><span lang=\"ES\">Neste Dia Internacional em Mem\u00f3ria dos Trabalhadores V\u00edtimas de Acidentes de Trabalho e Doen\u00e7as Profissionais, 28 de abril 2026, a UGT associa-se ao movimento sindical internacional e apela a uma\u00a0<u>a\u00e7\u00e3o urgente para enfrentar a crise global dos riscos psicossociais no trabalho \u2013 atualmente uma das principais causas de morte, doen\u00e7a e sofrimento para trabalhadores e trabalhadoras, em todo o mundo.<\/u><\/span><\/b><\/p>\n<p><span lang=\"ES\">\u00a0<\/span><\/p>\n<p><span lang=\"ES\">De acordo com dados da OIT, mais de 840 mil pessoas morrem, todos os anos, devido a problemas de sa\u00fade relacionados com riscos psicossociais, entre os quais se destacam as elevadas exig\u00eancias no trabalho, inseguran\u00e7a no emprego, longas jornadas de trabalho, desregula\u00e7\u00e3o de hor\u00e1rios, reduzidas perspetivas de progress\u00e3o na carreira e o ass\u00e9dio no local de trabalho.<\/span><\/p>\n<p><span lang=\"ES\">Esses riscos psicossociais encontram-se associados ao aumento da probabilidade de condi\u00e7\u00f5es graves de sa\u00fade, tais como doen\u00e7as card\u00edacas, AVC e transtornos mentais, incluindo o suic\u00eddio.<\/span><\/p>\n<p><span lang=\"ES\">O Relat\u00f3rio da CSI publicado no dia de hoje mostra a dimens\u00e3o deste problema:<\/span><\/p>\n<ul type=\"square\">\n<li><span lang=\"ES\">As longas horas de trabalho s\u00e3o respons\u00e1veis por cerca de 745.000 mortes por ano.<\/span><\/li>\n<li><span lang=\"ES\">H\u00e1 pelo menos 70.000 suic\u00eddios relacionados com o trabalho anualmente.<\/span><\/li>\n<li><span lang=\"ES\">Perdem-se 12 mil milh\u00f5es de dias \u00fateis todos os anos devido \u00e0 depress\u00e3o e \u00e0 ansiedade.<\/span><\/li>\n<li><span lang=\"ES\">O burnout afeta cerca de um em cada cinco trabalhadores a n\u00edvel global.<\/span><\/li>\n<li><span lang=\"ES\">Os riscos psicossociais est\u00e3o ligados a mais de 10 por cento dos casos de doen\u00e7as card\u00edacas, depress\u00e3o e suic\u00eddios.<\/span><\/li>\n<\/ul>\n<p><span lang=\"ES\">N\u00e3o obstante estes riscos psicossociais n\u00e3o serem novos, as atuais transforma\u00e7\u00f5es no mundo do trabalho, incluindo a digitaliza\u00e7\u00e3o, a intelig\u00eancia artificial e o trabalho remoto operam altera\u00e7\u00f5es ainda mais nefastas no ambiente de trabalho psicossocial.<\/span><\/p>\n<p><span lang=\"ES\">Os riscos psicossociais tornaram-se um dos desafios mais significativos para a Seguran\u00e7a e Sa\u00fade no Trabalho no mundo moderno do trabalho, tornando\u00a0<b>urgente melhorar o ambiente de trabalho psicossocial, por forma a proteger a sa\u00fade mental e f\u00edsica dos trabalhadores e trabalhadoras.<\/b><\/span><\/p>\n<p><span lang=\"ES\">A UGT, ciente da necessidade de serem encetados esfor\u00e7os para o combate aos riscos psicossociais relacionados com o trabalho, reitera as suas reivindica\u00e7\u00f5es:<\/span><\/p>\n<p><span lang=\"ES\">&#8211; Reconhecimento das condi\u00e7\u00f5es de sa\u00fade mental como doen\u00e7as profissionais. A UGT entende ser urgente o reconhecimento de patologias relacionadas com os riscos psicossociais, ainda n\u00e3o entendidas como doen\u00e7as profissionais e que t\u00eam obrigatoriamente de ser inclu\u00eddas na atualiza\u00e7\u00e3o da Lista das Doen\u00e7as Profissionais, tendo em conta que existe uma rela\u00e7\u00e3o direta entre a exposi\u00e7\u00e3o a riscos psicossociais no local de trabalho e as suas consequ\u00eancias na sa\u00fade mental e f\u00edsica dos trabalhadores.<\/span><\/p>\n<p><i><span lang=\"ES\">&#8211;\u00a0<\/span><\/i><span lang=\"ES\">Pugnar pela defini\u00e7\u00e3o e implementa\u00e7\u00e3o de medidas concretas que, claramente, prevejam os aspetos relacionados com a organiza\u00e7\u00e3o do trabalho e o combate aos riscos psicossociais, designadamente, a viol\u00eancia, o ass\u00e9dio e os problemas de sa\u00fade mental em geral, tornando-se urgente a previs\u00e3o de medidas concretas para mitigar estes impactos negativos.<\/span><\/p>\n<p><span lang=\"ES\">&#8211; Reputamos a necessidade de se avan\u00e7ar para a ado\u00e7\u00e3o de Diretiva da UE sobre os riscos psicossociais\/sa\u00fade mental, em conson\u00e2ncia com a CES, que clarifique o dever dos empregadores na preven\u00e7\u00e3o e no tratamento destes riscos e a sua responsabilidade na organiza\u00e7\u00e3o do trabalho, de modo a criar boas condi\u00e7\u00f5es psicossociais para os trabalhadores.<\/span><\/p>\n<p><span lang=\"ES\">&#8211; Pugnar por um investimento, a n\u00edvel nacional, em sa\u00fade mental. De acordo com a OMS a defini\u00e7\u00e3o de sa\u00fade mental \u00e9 \u201co estado de bem-estar no qual o indiv\u00edduo realiza as suas capacidades, pode fazer face ao stresse normal da vida, trabalhar de forma produtiva e frut\u00edfera e contribuir para a comunidade em que se insere\u201d, deve ser definida uma abordagem que vise conceber e realizar interven\u00e7\u00f5es destinadas a promover uma boa sa\u00fade mental e a prevenir doen\u00e7as mentais no trabalho.<\/span><\/p>\n<p><span lang=\"ES\">&#8211; Pugnamos, ainda, pela efetiva participa\u00e7\u00e3o dos trabalhadores e dos representantes dos trabalhadores na conce\u00e7\u00e3o e implementa\u00e7\u00e3o de medidas no local de trabalho que visem combater os problemas de sa\u00fade mental; pela efetiva \u00a0clarifica\u00e7\u00e3o das obriga\u00e7\u00f5es dos empregadores para avaliar e mitigar sistematicamente os fatores de risco psicossociais e pela obriga\u00e7\u00e3o de os empregadores fixarem metas para reduzir o stresse relacionado com o trabalho, pelo acesso \u00e0 forma\u00e7\u00e3o de todos os trabalhadores e\u00a0 forma\u00e7\u00e3o especializada para os gestores prevenirem riscos psicossociais no\u00a0 trabalho.<\/span><\/p>\n<p><span lang=\"ES\">&#8211; Continuar a promover a a\u00e7\u00e3o sindical na \u00e1rea dos riscos psicossociais (stresse laboral, burnout, depress\u00e3o cr\u00f3nica, fadiga cr\u00f3nica, depress\u00e3o e ass\u00e9dio, etc.), nomeadamente no que respeita \u00e0 carateriza\u00e7\u00e3o, identifica\u00e7\u00e3o e an\u00e1lise deste tipo de riscos, com o objetivo de habilitar os quadros sindicais para a interven\u00e7\u00e3o concreta e direta nos locais de trabalho, seja atrav\u00e9s da a\u00e7\u00e3o reivindicativa, seja mediante o apoio individual aos trabalhadores afetados.<\/span><\/p>\n<p><span lang=\"ES\">Hoje, como sempre, a UGT associa-se \u00e0s centenas de centrais sindicais que, em mais de 120 pa\u00edses, est\u00e3o de luto pelos seus trabalhadores vitimados mortalmente por acidentes de trabalho e doen\u00e7as profissionais.<\/span><\/p>\n<p><span lang=\"ES\">Tamb\u00e9m neste Dia, a UGT associa-se \u00e0s centenas de centrais sindicais que, por todo o mundo, se erguem na luta por condi\u00e7\u00f5es de trabalho e de vida digna para todas trabalhadoras e todos os trabalhadores.<\/span><\/p>\n<p><span lang=\"ES\">Prestamos Hoje homenagem aos 154 trabalhadores que perderam a vida a desempenhar a sua atividade profissional, durante o ano de 2025.<\/span><\/p>\n<p><span lang=\"ES\">Terminamos refor\u00e7ando a mensagem da CSI de que\u00a0<b>neste 28 de abril, lembramos os mortos \u2013 e lutamos pelos vivos. O trabalho n\u00e3o deve custar vidas.<\/b><\/span><\/p>\n<p><span lang=\"ES\">\u00a0<\/span><\/p>\n<p><b><span lang=\"ES\">Deve proteger Vidas, Dignidade e Sa\u00fade Mental.<\/span><\/b><\/p>\n<p><span lang=\"ES\">\u00a0<\/span><\/p>\n<p><span lang=\"ES\">Departamento de Seguran\u00e7a e Sa\u00fade no Trabalho<\/span><\/p>\n<p><a title=\"https:\/\/www.ugt.pt\/noticias\/artigo\/comunicado-da-ugt-28-de-abril-de-2026-combater-os-riscos-psi\/6728\" href=\"https:\/\/www.ugt.pt\/noticias\/artigo\/comunicado-da-ugt-28-de-abril-de-2026-combater-os-riscos-psi\/6728\" data-auth=\"NotApplicable\" data-linkindex=\"0\"><span lang=\"ES\">https:\/\/www.ugt.pt\/noticias\/artigo\/comunicado-da-ugt-28-de-abril-de-2026-combater-os-riscos-psi\/6728<\/span><\/a><\/p>\n<p><b><span lang=\"ES\" data-olk-copy-source=\"MessageBody\">Comunicado da UGT \u2013 28 de abril de 2026 | Combater os Riscos Psicossociais no Trabalho: Vamos garantir um Ambiente de Trabalho Saud\u00e1vel<\/span><\/b><\/p>\n<p><b><span lang=\"ES\">Neste Dia Internacional em Mem\u00f3ria dos Trabalhadores V\u00edtimas de Acidentes de Trabalho e Doen\u00e7as Profissionais, 28 de abril 2026, a UGT associa-se ao movimento sindical internacional e apela a uma\u00a0<u>a\u00e7\u00e3o urgente para enfrentar a crise global dos riscos psicossociais no trabalho \u2013 atualmente uma das principais causas de morte, doen\u00e7a e sofrimento para trabalhadores e trabalhadoras, em todo o mundo.<\/u><\/span><\/b><\/p>\n<p><span lang=\"ES\">\u00a0<\/span><span lang=\"ES\">De acordo com dados da OIT, mais de 840 mil pessoas morrem, todos os anos, devido a problemas de sa\u00fade relacionados com riscos psicossociais, entre os quais se destacam as elevadas exig\u00eancias no trabalho, inseguran\u00e7a no emprego, longas jornadas de trabalho, desregula\u00e7\u00e3o de hor\u00e1rios, reduzidas perspetivas de progress\u00e3o na carreira e o ass\u00e9dio no local de trabalho.<\/span><\/p>\n<p><span lang=\"ES\">Esses riscos psicossociais encontram-se associados ao aumento da probabilidade de condi\u00e7\u00f5es graves de sa\u00fade, tais como doen\u00e7as card\u00edacas, AVC e transtornos mentais, incluindo o suic\u00eddio.<\/span><\/p>\n<p><span lang=\"ES\">O Relat\u00f3rio da CSI publicado no dia de hoje mostra a dimens\u00e3o deste problema:<\/span><\/p>\n<ul type=\"square\">\n<li><span lang=\"ES\">As longas horas de trabalho s\u00e3o respons\u00e1veis por cerca de 745.000 mortes por ano.<\/span><\/li>\n<li><span lang=\"ES\">H\u00e1 pelo menos 70.000 suic\u00eddios relacionados com o trabalho anualmente.<\/span><\/li>\n<li><span lang=\"ES\">Perdem-se 12 mil milh\u00f5es de dias \u00fateis todos os anos devido \u00e0 depress\u00e3o e \u00e0 ansiedade.<\/span><\/li>\n<li><span lang=\"ES\">O burnout afeta cerca de um em cada cinco trabalhadores a n\u00edvel global.<\/span><\/li>\n<li><span lang=\"ES\">Os riscos psicossociais est\u00e3o ligados a mais de 10 por cento dos casos de doen\u00e7as card\u00edacas, depress\u00e3o e suic\u00eddios.<\/span><\/li>\n<\/ul>\n<p><span lang=\"ES\">N\u00e3o obstante estes riscos psicossociais n\u00e3o serem novos, as atuais transforma\u00e7\u00f5es no mundo do trabalho, incluindo a digitaliza\u00e7\u00e3o, a intelig\u00eancia artificial e o trabalho remoto operam altera\u00e7\u00f5es ainda mais nefastas no ambiente de trabalho psicossocial.<\/span><\/p>\n<p><span lang=\"ES\">Os riscos psicossociais tornaram-se um dos desafios mais significativos para a Seguran\u00e7a e Sa\u00fade no Trabalho no mundo moderno do trabalho, tornando\u00a0<b>urgente melhorar o ambiente de trabalho psicossocial, por forma a proteger a sa\u00fade mental e f\u00edsica dos trabalhadores e trabalhadoras.<\/b><\/span><\/p>\n<p><span lang=\"ES\">A UGT, ciente da necessidade de serem encetados esfor\u00e7os para o combate aos riscos psicossociais relacionados com o trabalho, reitera as suas reivindica\u00e7\u00f5es:<\/span><\/p>\n<p><span lang=\"ES\">&#8211; Reconhecimento das condi\u00e7\u00f5es de sa\u00fade mental como doen\u00e7as profissionais. A UGT entende ser urgente o reconhecimento de patologias relacionadas com os riscos psicossociais, ainda n\u00e3o entendidas como doen\u00e7as profissionais e que t\u00eam obrigatoriamente de ser inclu\u00eddas na atualiza\u00e7\u00e3o da Lista das Doen\u00e7as Profissionais, tendo em conta que existe uma rela\u00e7\u00e3o direta entre a exposi\u00e7\u00e3o a riscos psicossociais no local de trabalho e as suas consequ\u00eancias na sa\u00fade mental e f\u00edsica dos trabalhadores.<\/span><\/p>\n<p><i><span lang=\"ES\">&#8211;\u00a0<\/span><\/i><span lang=\"ES\">Pugnar pela defini\u00e7\u00e3o e implementa\u00e7\u00e3o de medidas concretas que, claramente, prevejam os aspetos relacionados com a organiza\u00e7\u00e3o do trabalho e o combate aos riscos psicossociais, designadamente, a viol\u00eancia, o ass\u00e9dio e os problemas de sa\u00fade mental em geral, tornando-se urgente a previs\u00e3o de medidas concretas para mitigar estes impactos negativos.<\/span><\/p>\n<p><span lang=\"ES\">&#8211; Reputamos a necessidade de se avan\u00e7ar para a ado\u00e7\u00e3o de Diretiva da UE sobre os riscos psicossociais\/sa\u00fade mental, em conson\u00e2ncia com a CES, que clarifique o dever dos empregadores na preven\u00e7\u00e3o e no tratamento destes riscos e a sua responsabilidade na organiza\u00e7\u00e3o do trabalho, de modo a criar boas condi\u00e7\u00f5es psicossociais para os trabalhadores.<\/span><\/p>\n<p><span lang=\"ES\">&#8211; Pugnar por um investimento, a n\u00edvel nacional, em sa\u00fade mental. De acordo com a OMS a defini\u00e7\u00e3o de sa\u00fade mental \u00e9 \u201co estado de bem-estar no qual o indiv\u00edduo realiza as suas capacidades, pode fazer face ao stresse normal da vida, trabalhar de forma produtiva e frut\u00edfera e contribuir para a comunidade em que se insere\u201d, deve ser definida uma abordagem que vise conceber e realizar interven\u00e7\u00f5es destinadas a promover uma boa sa\u00fade mental e a prevenir doen\u00e7as mentais no trabalho.<\/span><\/p>\n<p><span lang=\"ES\">&#8211; Pugnamos, ainda, pela efetiva participa\u00e7\u00e3o dos trabalhadores e dos representantes dos trabalhadores na conce\u00e7\u00e3o e implementa\u00e7\u00e3o de medidas no local de trabalho que visem combater os problemas de sa\u00fade mental; pela efetiva \u00a0clarifica\u00e7\u00e3o das obriga\u00e7\u00f5es dos empregadores para avaliar e mitigar sistematicamente os fatores de risco psicossociais e pela obriga\u00e7\u00e3o de os empregadores fixarem metas para reduzir o stresse relacionado com o trabalho, pelo acesso \u00e0 forma\u00e7\u00e3o de todos os trabalhadores e\u00a0 forma\u00e7\u00e3o especializada para os gestores prevenirem riscos psicossociais no\u00a0 trabalho.<\/span><\/p>\n<p><span lang=\"ES\">&#8211; Continuar a promover a a\u00e7\u00e3o sindical na \u00e1rea dos riscos psicossociais (stresse laboral, burnout, depress\u00e3o cr\u00f3nica, fadiga cr\u00f3nica, depress\u00e3o e ass\u00e9dio, etc.), nomeadamente no que respeita \u00e0 carateriza\u00e7\u00e3o, identifica\u00e7\u00e3o e an\u00e1lise deste tipo de riscos, com o objetivo de habilitar os quadros sindicais para a interven\u00e7\u00e3o concreta e direta nos locais de trabalho, seja atrav\u00e9s da a\u00e7\u00e3o reivindicativa, seja mediante o apoio individual aos trabalhadores afetados.<\/span><\/p>\n<p><span lang=\"ES\">Hoje, como sempre, a UGT associa-se \u00e0s centenas de centrais sindicais que, em mais de 120 pa\u00edses, est\u00e3o de luto pelos seus trabalhadores vitimados mortalmente por acidentes de trabalho e doen\u00e7as profissionais.<\/span><\/p>\n<p><span lang=\"ES\">Tamb\u00e9m neste Dia, a UGT associa-se \u00e0s centenas de centrais sindicais que, por todo o mundo, se erguem na luta por condi\u00e7\u00f5es de trabalho e de vida digna para todas trabalhadoras e todos os trabalhadores.<\/span><\/p>\n<p><span lang=\"ES\">Prestamos Hoje homenagem aos 154 trabalhadores que perderam a vida a desempenhar a sua atividade profissional, durante o ano de 2025.<\/span><\/p>\n<p><span lang=\"ES\">Terminamos refor\u00e7ando a mensagem da CSI de que\u00a0<b>neste 28 de abril, lembramos os mortos \u2013 e lutamos pelos vivos. O trabalho n\u00e3o deve custar vidas.<\/b><\/span><\/p>\n<p><span lang=\"ES\">\u00a0<\/span><b><span lang=\"ES\">Deve proteger Vidas, Dignidade e Sa\u00fade Mental.<\/span><\/b><\/p>\n<p><span lang=\"ES\">\u00a0<\/span><span lang=\"ES\">Departamento de Seguran\u00e7a e Sa\u00fade no Trabalho<\/span><\/p>\n<p><a title=\"https:\/\/www.ugt.pt\/noticias\/artigo\/comunicado-da-ugt-28-de-abril-de-2026-combater-os-riscos-psi\/6728\" href=\"https:\/\/www.ugt.pt\/noticias\/artigo\/comunicado-da-ugt-28-de-abril-de-2026-combater-os-riscos-psi\/6728\" data-auth=\"NotApplicable\" data-linkindex=\"0\"><span lang=\"ES\">https:\/\/www.ugt.pt\/noticias\/artigo\/comunicado-da-ugt-28-de-abril-de-2026-combater-os-riscos-psi\/6728<\/span><\/a><\/p>\n<div class=\"sharedaddy sd-sharing-enabled\"><div class=\"robots-nocontent sd-block sd-social sd-social-icon sd-sharing\"><h3 class=\"sd-title\">Share this post<\/h3><div class=\"sd-content\"><ul><li class=\"share-facebook\"><a rel=\"nofollow noopener noreferrer\" data-shared=\"sharing-facebook-8033\" class=\"share-facebook sd-button share-icon no-text\" href=\"https:\/\/28april.org\/?p=8033&amp;share=facebook\" target=\"_blank\" title=\"Click to share on Facebook\" ><span><\/span><span class=\"sharing-screen-reader-text\">Click to share on Facebook (Opens in new window)<\/span><\/a><\/li><li class=\"share-linkedin\"><a rel=\"nofollow noopener noreferrer\" data-shared=\"sharing-linkedin-8033\" class=\"share-linkedin sd-button share-icon no-text\" href=\"https:\/\/28april.org\/?p=8033&amp;share=linkedin\" target=\"_blank\" title=\"Click to share on LinkedIn\" ><span><\/span><span class=\"sharing-screen-reader-text\">Click to share on LinkedIn (Opens in new window)<\/span><\/a><\/li><li class=\"share-twitter\"><a rel=\"nofollow noopener noreferrer\" data-shared=\"sharing-twitter-8033\" class=\"share-twitter sd-button share-icon no-text\" href=\"https:\/\/28april.org\/?p=8033&amp;share=twitter\" target=\"_blank\" title=\"Click to share on Twitter\" ><span><\/span><span class=\"sharing-screen-reader-text\">Click to share on Twitter (Opens in new window)<\/span><\/a><\/li><li class=\"share-pocket\"><a rel=\"nofollow noopener noreferrer\" data-shared=\"\" class=\"share-pocket sd-button share-icon no-text\" href=\"https:\/\/28april.org\/?p=8033&amp;share=pocket\" target=\"_blank\" title=\"Click to share on Pocket\" ><span><\/span><span class=\"sharing-screen-reader-text\">Click to share on Pocket (Opens in new window)<\/span><\/a><\/li><li class=\"share-jetpack-whatsapp\"><a rel=\"nofollow noopener noreferrer\" data-shared=\"\" class=\"share-jetpack-whatsapp sd-button share-icon no-text\" href=\"https:\/\/28april.org\/?p=8033&amp;share=jetpack-whatsapp\" target=\"_blank\" title=\"Click to share on WhatsApp\" ><span><\/span><span class=\"sharing-screen-reader-text\">Click to share on WhatsApp (Opens in new window)<\/span><\/a><\/li><li class=\"share-print\"><a rel=\"nofollow noopener noreferrer\" data-shared=\"\" class=\"share-print sd-button share-icon no-text\" href=\"https:\/\/28april.org\/?p=8033\" target=\"_blank\" title=\"Click to print\" ><span><\/span><span class=\"sharing-screen-reader-text\">Click to print (Opens in new window)<\/span><\/a><\/li><li class=\"share-email\"><a rel=\"nofollow noopener noreferrer\" data-shared=\"\" class=\"share-email sd-button share-icon no-text\" href=\"mailto:?subject=%5BShared%20Post%5D%20Portugal%3A%20Comunicado%20da%20UGT%20%E2%80%93%2028%20abril%20%7C%20Combater%20os%20Riscos%20Psicossociais%20no%20Trabalho%3A%20Vamos%20garantir%20um%20Ambiente%20de%20Trabalho%20Saud%C3%A1vel&body=https%3A%2F%2F28april.org%2F%3Fp%3D8033&share=email\" target=\"_blank\" title=\"Click to email a link to a friend\" data-email-share-error-title=\"Do you have email set up?\" data-email-share-error-text=\"If you&#039;re having problems sharing via email, you might not have email set up for your browser. You may need to create a new email yourself.\" data-email-share-nonce=\"6ad7d73ab9\" data-email-share-track-url=\"https:\/\/28april.org\/?p=8033&amp;share=email\"><span><\/span><span class=\"sharing-screen-reader-text\">Click to email a link to a friend (Opens in new window)<\/span><\/a><\/li><li class=\"share-pinterest\"><a rel=\"nofollow noopener noreferrer\" data-shared=\"sharing-pinterest-8033\" class=\"share-pinterest sd-button share-icon no-text\" href=\"https:\/\/28april.org\/?p=8033&amp;share=pinterest\" target=\"_blank\" title=\"Click to share on Pinterest\" ><span><\/span><span class=\"sharing-screen-reader-text\">Click to share on Pinterest (Opens in new window)<\/span><\/a><\/li><li class=\"share-telegram\"><a rel=\"nofollow noopener noreferrer\" data-shared=\"\" class=\"share-telegram sd-button share-icon no-text\" href=\"https:\/\/28april.org\/?p=8033&amp;share=telegram\" target=\"_blank\" title=\"Click to share on Telegram\" ><span><\/span><span class=\"sharing-screen-reader-text\">Click to share on Telegram (Opens in new window)<\/span><\/a><\/li><li class=\"share-end\"><\/li><\/ul><\/div><\/div><\/div>","protected":false},"excerpt":{"rendered":"<p>Comunicado da UGT \u2013 28 de abril de 2026 | Combater os Riscos Psicossociais no Trabalho: Vamos garantir um Ambiente de Trabalho Saud\u00e1vel Neste Dia Internacional em Mem\u00f3ria dos Trabalhadores V\u00edtimas de Acidentes de Trabalho e Doen\u00e7as Profissionais, 28 de abril 2026, a UGT associa-se ao movimento sindical internacional e apela a uma\u00a0a\u00e7\u00e3o urgente para &hellip; <a href=\"https:\/\/28april.org\/?p=8033\" class=\"more-link\">Continue reading <span class=\"screen-reader-text\">Portugal: Comunicado da UGT \u2013 28 abril | Combater os Riscos Psicossociais no Trabalho: Vamos garantir um Ambiente de Trabalho Saud\u00e1vel<\/span> <span class=\"meta-nav\">&rarr;<\/span><\/a><\/p>\n<div class=\"sharedaddy sd-sharing-enabled\"><div class=\"robots-nocontent sd-block sd-social sd-social-icon sd-sharing\"><h3 class=\"sd-title\">Share this post<\/h3><div class=\"sd-content\"><ul><li class=\"share-facebook\"><a rel=\"nofollow noopener noreferrer\" data-shared=\"sharing-facebook-8033\" class=\"share-facebook sd-button share-icon no-text\" href=\"https:\/\/28april.org\/?p=8033&amp;share=facebook\" target=\"_blank\" title=\"Click to share on Facebook\" ><span><\/span><span class=\"sharing-screen-reader-text\">Click to share on Facebook (Opens in new window)<\/span><\/a><\/li><li class=\"share-linkedin\"><a rel=\"nofollow noopener noreferrer\" data-shared=\"sharing-linkedin-8033\" class=\"share-linkedin sd-button share-icon no-text\" href=\"https:\/\/28april.org\/?p=8033&amp;share=linkedin\" target=\"_blank\" title=\"Click to share on LinkedIn\" ><span><\/span><span class=\"sharing-screen-reader-text\">Click to share on LinkedIn (Opens in new window)<\/span><\/a><\/li><li class=\"share-twitter\"><a rel=\"nofollow noopener noreferrer\" data-shared=\"sharing-twitter-8033\" class=\"share-twitter sd-button share-icon no-text\" href=\"https:\/\/28april.org\/?p=8033&amp;share=twitter\" target=\"_blank\" title=\"Click to share on Twitter\" ><span><\/span><span class=\"sharing-screen-reader-text\">Click to share on Twitter (Opens in new window)<\/span><\/a><\/li><li class=\"share-pocket\"><a rel=\"nofollow noopener noreferrer\" data-shared=\"\" class=\"share-pocket sd-button share-icon no-text\" href=\"https:\/\/28april.org\/?p=8033&amp;share=pocket\" target=\"_blank\" title=\"Click to share on Pocket\" ><span><\/span><span class=\"sharing-screen-reader-text\">Click to share on Pocket (Opens in new window)<\/span><\/a><\/li><li class=\"share-jetpack-whatsapp\"><a rel=\"nofollow noopener noreferrer\" data-shared=\"\" class=\"share-jetpack-whatsapp sd-button share-icon no-text\" href=\"https:\/\/28april.org\/?p=8033&amp;share=jetpack-whatsapp\" target=\"_blank\" title=\"Click to share on WhatsApp\" ><span><\/span><span class=\"sharing-screen-reader-text\">Click to share on WhatsApp (Opens in new window)<\/span><\/a><\/li><li class=\"share-print\"><a rel=\"nofollow noopener noreferrer\" data-shared=\"\" class=\"share-print sd-button share-icon no-text\" href=\"https:\/\/28april.org\/?p=8033\" target=\"_blank\" title=\"Click to print\" ><span><\/span><span class=\"sharing-screen-reader-text\">Click to print (Opens in new window)<\/span><\/a><\/li><li class=\"share-email\"><a rel=\"nofollow noopener noreferrer\" data-shared=\"\" class=\"share-email sd-button share-icon no-text\" href=\"mailto:?subject=%5BShared%20Post%5D%20Portugal%3A%20Comunicado%20da%20UGT%20%E2%80%93%2028%20abril%20%7C%20Combater%20os%20Riscos%20Psicossociais%20no%20Trabalho%3A%20Vamos%20garantir%20um%20Ambiente%20de%20Trabalho%20Saud%C3%A1vel&body=https%3A%2F%2F28april.org%2F%3Fp%3D8033&share=email\" target=\"_blank\" title=\"Click to email a link to a friend\" data-email-share-error-title=\"Do you have email set up?\" data-email-share-error-text=\"If you&#039;re having problems sharing via email, you might not have email set up for your browser. You may need to create a new email yourself.\" data-email-share-nonce=\"6ad7d73ab9\" data-email-share-track-url=\"https:\/\/28april.org\/?p=8033&amp;share=email\"><span><\/span><span class=\"sharing-screen-reader-text\">Click to email a link to a friend (Opens in new window)<\/span><\/a><\/li><li class=\"share-pinterest\"><a rel=\"nofollow noopener noreferrer\" data-shared=\"sharing-pinterest-8033\" class=\"share-pinterest sd-button share-icon no-text\" href=\"https:\/\/28april.org\/?p=8033&amp;share=pinterest\" target=\"_blank\" title=\"Click to share on Pinterest\" ><span><\/span><span class=\"sharing-screen-reader-text\">Click to share on Pinterest (Opens in new window)<\/span><\/a><\/li><li class=\"share-telegram\"><a rel=\"nofollow noopener noreferrer\" data-shared=\"\" class=\"share-telegram sd-button share-icon no-text\" href=\"https:\/\/28april.org\/?p=8033&amp;share=telegram\" target=\"_blank\" title=\"Click to share on Telegram\" ><span><\/span><span class=\"sharing-screen-reader-text\">Click to share on Telegram (Opens in new window)<\/span><\/a><\/li><li class=\"share-end\"><\/li><\/ul><\/div><\/div><\/div>","protected":false},"author":1,"featured_media":0,"comment_status":"open","ping_status":"open","sticky":false,"template":"","format":"standard","meta":{"jetpack_post_was_ever_published":false},"categories":[2110,2117,2199,4,3],"tags":[1961,692,1761,1405],"jetpack_featured_media_url":"","jetpack_shortlink":"https:\/\/wp.me\/p7r6RV-25z","jetpack_sharing_enabled":true,"jetpack_likes_enabled":false,"_links":{"self":[{"href":"https:\/\/28april.org\/index.php?rest_route=\/wp\/v2\/posts\/8033"}],"collection":[{"href":"https:\/\/28april.org\/index.php?rest_route=\/wp\/v2\/posts"}],"about":[{"href":"https:\/\/28april.org\/index.php?rest_route=\/wp\/v2\/types\/post"}],"author":[{"embeddable":true,"href":"https:\/\/28april.org\/index.php?rest_route=\/wp\/v2\/users\/1"}],"replies":[{"embeddable":true,"href":"https:\/\/28april.org\/index.php?rest_route=%2Fwp%2Fv2%2Fcomments&post=8033"}],"version-history":[{"count":1,"href":"https:\/\/28april.org\/index.php?rest_route=\/wp\/v2\/posts\/8033\/revisions"}],"predecessor-version":[{"id":8035,"href":"https:\/\/28april.org\/index.php?rest_route=\/wp\/v2\/posts\/8033\/revisions\/8035"}],"wp:attachment":[{"href":"https:\/\/28april.org\/index.php?rest_route=%2Fwp%2Fv2%2Fmedia&parent=8033"}],"wp:term":[{"taxonomy":"category","embeddable":true,"href":"https:\/\/28april.org\/index.php?rest_route=%2Fwp%2Fv2%2Fcategories&post=8033"},{"taxonomy":"post_tag","embeddable":true,"href":"https:\/\/28april.org\/index.php?rest_route=%2Fwp%2Fv2%2Ftags&post=8033"}],"curies":[{"name":"wp","href":"https:\/\/api.w.org\/{rel}","templated":true}]}}