{"id":8027,"date":"2026-04-28T18:15:33","date_gmt":"2026-04-28T17:15:33","guid":{"rendered":"https:\/\/28april.org\/?p=8027"},"modified":"2026-04-28T17:46:01","modified_gmt":"2026-04-28T16:46:01","slug":"italy-28-aprile-2026-giornata-mondiale-della-salute-e-sicurezza-sul-lavoro","status":"publish","type":"post","link":"https:\/\/28april.org\/?p=8027","title":{"rendered":"Italy: 28 aprile 2026 giornata mondiale della salute e sicurezza sul lavoro"},"content":{"rendered":"<header class=\"article-header\">\n<figure class=\"article-image\">\n<div class=\"article-image-banner\">\n<div class=\"jsx-428915565 ace-image\">\n<div class=\"jsx-428915565 wider-format\"><img loading=\"lazy\" class=\"wider-format\" src=\"https:\/\/images.cgil.it\/view\/acePublic\/alias\/contentid\/1qnqqlh9qws865il9l3\/0\/28-aprile-2026-card_social_1080x1350-jpg.webp?f=3%3A2&amp;q=0.75&amp;w=3840\" sizes=\"635px\" srcset=\"https:\/\/images.cgil.it\/view\/acePublic\/alias\/contentid\/1qnqqlh9qws865il9l3\/0\/28-aprile-2026-card_social_1080x1350-jpg.webp?f=3%3A2&amp;q=0.75&amp;w=16 16w, https:\/\/images.cgil.it\/view\/acePublic\/alias\/contentid\/1qnqqlh9qws865il9l3\/0\/28-aprile-2026-card_social_1080x1350-jpg.webp?f=3%3A2&amp;q=0.75&amp;w=32 32w, https:\/\/images.cgil.it\/view\/acePublic\/alias\/contentid\/1qnqqlh9qws865il9l3\/0\/28-aprile-2026-card_social_1080x1350-jpg.webp?f=3%3A2&amp;q=0.75&amp;w=48 48w, https:\/\/images.cgil.it\/view\/acePublic\/alias\/contentid\/1qnqqlh9qws865il9l3\/0\/28-aprile-2026-card_social_1080x1350-jpg.webp?f=3%3A2&amp;q=0.75&amp;w=64 64w, https:\/\/images.cgil.it\/view\/acePublic\/alias\/contentid\/1qnqqlh9qws865il9l3\/0\/28-aprile-2026-card_social_1080x1350-jpg.webp?f=3%3A2&amp;q=0.75&amp;w=96 96w, https:\/\/images.cgil.it\/view\/acePublic\/alias\/contentid\/1qnqqlh9qws865il9l3\/0\/28-aprile-2026-card_social_1080x1350-jpg.webp?f=3%3A2&amp;q=0.75&amp;w=128 128w, https:\/\/images.cgil.it\/view\/acePublic\/alias\/contentid\/1qnqqlh9qws865il9l3\/0\/28-aprile-2026-card_social_1080x1350-jpg.webp?f=3%3A2&amp;q=0.75&amp;w=256 256w, https:\/\/images.cgil.it\/view\/acePublic\/alias\/contentid\/1qnqqlh9qws865il9l3\/0\/28-aprile-2026-card_social_1080x1350-jpg.webp?f=3%3A2&amp;q=0.75&amp;w=384 384w, https:\/\/images.cgil.it\/view\/acePublic\/alias\/contentid\/1qnqqlh9qws865il9l3\/0\/28-aprile-2026-card_social_1080x1350-jpg.webp?f=3%3A2&amp;q=0.75&amp;w=640 640w, https:\/\/images.cgil.it\/view\/acePublic\/alias\/contentid\/1qnqqlh9qws865il9l3\/0\/28-aprile-2026-card_social_1080x1350-jpg.webp?f=3%3A2&amp;q=0.75&amp;w=750 750w, https:\/\/images.cgil.it\/view\/acePublic\/alias\/contentid\/1qnqqlh9qws865il9l3\/0\/28-aprile-2026-card_social_1080x1350-jpg.webp?f=3%3A2&amp;q=0.75&amp;w=828 828w, https:\/\/images.cgil.it\/view\/acePublic\/alias\/contentid\/1qnqqlh9qws865il9l3\/0\/28-aprile-2026-card_social_1080x1350-jpg.webp?f=3%3A2&amp;q=0.75&amp;w=1080 1080w, https:\/\/images.cgil.it\/view\/acePublic\/alias\/contentid\/1qnqqlh9qws865il9l3\/0\/28-aprile-2026-card_social_1080x1350-jpg.webp?f=3%3A2&amp;q=0.75&amp;w=1200 1200w, https:\/\/images.cgil.it\/view\/acePublic\/alias\/contentid\/1qnqqlh9qws865il9l3\/0\/28-aprile-2026-card_social_1080x1350-jpg.webp?f=3%3A2&amp;q=0.75&amp;w=1920 1920w, https:\/\/images.cgil.it\/view\/acePublic\/alias\/contentid\/1qnqqlh9qws865il9l3\/0\/28-aprile-2026-card_social_1080x1350-jpg.webp?f=3%3A2&amp;q=0.75&amp;w=2048 2048w, https:\/\/images.cgil.it\/view\/acePublic\/alias\/contentid\/1qnqqlh9qws865il9l3\/0\/28-aprile-2026-card_social_1080x1350-jpg.webp?f=3%3A2&amp;q=0.75&amp;w=3840 3840w\" alt=\"\" width=\"635\" height=\"423\" data-nimg=\"1\" \/><\/div>\n<\/div>\n<\/div>\n<\/figure>\n<div class=\"article-lead\">\n<p>&nbsp;<\/p>\n<\/div>\n<div class=\"jsx-1772485231 article-date\"><a href=\"https:\/\/www.cgil.it\/tag\/28-aprile-2026\" target=\"_top\" rel=\"noopener\">28 aprile 2026 <\/a><a href=\"https:\/\/www.cgil.it\/tag\/giornata-mondiale-della-salute-e-sicurezza-sul-lavoro\" target=\"_top\" rel=\"noopener\">giornata mondiale della salute e sicurezza sul lavoro<\/a><\/div>\n<\/header>\n<p><main class=\"article-content\"><\/p>\n<div id=\"article-body\" class=\"article-body\">\n<p>Anche quest\u2019anno, il prossimo 28 aprile, si celebra la Giornata mondiale per la salute e la sicurezza sul lavoro, appuntamento al quale la Cgil partecipa con iniziative e mobilitazioni a livello nazionale e territoriale.<\/p>\n<p><strong>&#8220;Non \u00e8 fatalit\u00e0. \u00c8 il sistema che va cambiato. La vita e la salute, fisica e mentale, delle lavoratrici e dei lavoratori va messa al centro. Basta precariet\u00e0, appalti selvaggi e scarsi investimenti. LE PERSONE SONO IL VALORE\u201d.\u00a0<\/strong><\/p>\n<p>Questo lo slogan scelto dalla Confederazione per celebrare questo importante appuntamento, riprendendo, in parte il tema del\u00a0benessere mentale e organizzativo,\u00a0assegnato quest&#8217;anno a livello mondiale e internazionale dall&#8217;ILO, ma rilanciando anche i temi che caratterizzano l&#8217;adesione della Cgil a livello nazionale.<\/p>\n<p>\u2192\u00a0<a href=\"https:\/\/api.cgil.atexcloud.io\/file-delivery-service\/view\/acePublic\/alias\/contentid\/1qrgu1s333uz755xf07\/0\/Relazione_Re_David_Assemblea_RLS_RLST_12Marzo2026.pdf\">Relazione della segretaria confederale della Cgil Francesca Re David<\/a>\u00a0all\u2019assemblea nazionale\u00a0RLS \u2013 RLST del 12 marzo 2026<\/p>\n<figure class=\"jsx-195193545 embed-media-container image-embed \">\n<div class=\"jsx-1589267856 ace-image\">\n<div class=\"jsx-1589267856 wider-format\"><img loading=\"lazy\" class=\"wider-format\" src=\"https:\/\/images.cgil.it\/view\/acePublic\/alias\/contentid\/1qnqqlh9qws865il9l3\/0\/28-aprile-2026-card_social_1080x1350-jpg.webp?f=3x2&amp;q=0.75&amp;w=3840\" sizes=\"1440px\" srcset=\"https:\/\/images.cgil.it\/view\/acePublic\/alias\/contentid\/1qnqqlh9qws865il9l3\/0\/28-aprile-2026-card_social_1080x1350-jpg.webp?f=3x2&amp;q=0.75&amp;w=16 16w, https:\/\/images.cgil.it\/view\/acePublic\/alias\/contentid\/1qnqqlh9qws865il9l3\/0\/28-aprile-2026-card_social_1080x1350-jpg.webp?f=3x2&amp;q=0.75&amp;w=32 32w, https:\/\/images.cgil.it\/view\/acePublic\/alias\/contentid\/1qnqqlh9qws865il9l3\/0\/28-aprile-2026-card_social_1080x1350-jpg.webp?f=3x2&amp;q=0.75&amp;w=48 48w, https:\/\/images.cgil.it\/view\/acePublic\/alias\/contentid\/1qnqqlh9qws865il9l3\/0\/28-aprile-2026-card_social_1080x1350-jpg.webp?f=3x2&amp;q=0.75&amp;w=64 64w, https:\/\/images.cgil.it\/view\/acePublic\/alias\/contentid\/1qnqqlh9qws865il9l3\/0\/28-aprile-2026-card_social_1080x1350-jpg.webp?f=3x2&amp;q=0.75&amp;w=96 96w, https:\/\/images.cgil.it\/view\/acePublic\/alias\/contentid\/1qnqqlh9qws865il9l3\/0\/28-aprile-2026-card_social_1080x1350-jpg.webp?f=3x2&amp;q=0.75&amp;w=128 128w, https:\/\/images.cgil.it\/view\/acePublic\/alias\/contentid\/1qnqqlh9qws865il9l3\/0\/28-aprile-2026-card_social_1080x1350-jpg.webp?f=3x2&amp;q=0.75&amp;w=256 256w, https:\/\/images.cgil.it\/view\/acePublic\/alias\/contentid\/1qnqqlh9qws865il9l3\/0\/28-aprile-2026-card_social_1080x1350-jpg.webp?f=3x2&amp;q=0.75&amp;w=384 384w, https:\/\/images.cgil.it\/view\/acePublic\/alias\/contentid\/1qnqqlh9qws865il9l3\/0\/28-aprile-2026-card_social_1080x1350-jpg.webp?f=3x2&amp;q=0.75&amp;w=640 640w, https:\/\/images.cgil.it\/view\/acePublic\/alias\/contentid\/1qnqqlh9qws865il9l3\/0\/28-aprile-2026-card_social_1080x1350-jpg.webp?f=3x2&amp;q=0.75&amp;w=750 750w, https:\/\/images.cgil.it\/view\/acePublic\/alias\/contentid\/1qnqqlh9qws865il9l3\/0\/28-aprile-2026-card_social_1080x1350-jpg.webp?f=3x2&amp;q=0.75&amp;w=828 828w, https:\/\/images.cgil.it\/view\/acePublic\/alias\/contentid\/1qnqqlh9qws865il9l3\/0\/28-aprile-2026-card_social_1080x1350-jpg.webp?f=3x2&amp;q=0.75&amp;w=1080 1080w, https:\/\/images.cgil.it\/view\/acePublic\/alias\/contentid\/1qnqqlh9qws865il9l3\/0\/28-aprile-2026-card_social_1080x1350-jpg.webp?f=3x2&amp;q=0.75&amp;w=1200 1200w, https:\/\/images.cgil.it\/view\/acePublic\/alias\/contentid\/1qnqqlh9qws865il9l3\/0\/28-aprile-2026-card_social_1080x1350-jpg.webp?f=3x2&amp;q=0.75&amp;w=1920 1920w, https:\/\/images.cgil.it\/view\/acePublic\/alias\/contentid\/1qnqqlh9qws865il9l3\/0\/28-aprile-2026-card_social_1080x1350-jpg.webp?f=3x2&amp;q=0.75&amp;w=2048 2048w, https:\/\/images.cgil.it\/view\/acePublic\/alias\/contentid\/1qnqqlh9qws865il9l3\/0\/28-aprile-2026-card_social_1080x1350-jpg.webp?f=3x2&amp;q=0.75&amp;w=3840 3840w\" alt=\"\" width=\"1440\" height=\"1800\" data-nimg=\"1\" \/><\/div>\n<\/div>\n<\/figure>\n<div class=\"jsx-76755852 document-embed-title\"><a title=\"Locandina 28 aprile 2026\" href=\"https:\/\/files.cgil.it\/version\/c:YjM4NGQzMTQtZmFjNi00:ZDViZTVhMWYtM2JmOC00\/locandina_28aprile2026.pdf\" target=\"_blank\" rel=\"noopener\">Locandina 28 aprile 2026<\/a><\/div>\n<div class=\"jsx-76755852 pdf-viewer\">\n<div class=\"jsx-3865161378 pdf\">\n<div class=\"react-pdf__Document viewer\">\n<div class=\"react-pdf__Page page\" data-page-number=\"1\"><\/div>\n<\/div>\n<\/div>\n<\/div>\n<p><a href=\"https:\/\/www.cgil.it\/ci-occupiamo-di\/salute-e-sicurezza-nel-lavoro\/28-aprile-giornata-mondiale-per-la-sicurezza-e-la-salute-sul-lavoro-non-e-fatalita-e-il-sistema-che-va-cambiato-p27ca34u\">https:\/\/www.cgil.it\/ci-occupiamo-di\/salute-e-sicurezza-nel-lavoro\/28-aprile-giornata-mondiale-per-la-sicurezza-e-la-salute-sul-lavoro-non-e-fatalita-e-il-sistema-che-va-cambiato-p27ca34u<\/a><\/p>\n<\/div>\n<p><\/main><\/p>\n<div class=\"sharedaddy sd-sharing-enabled\"><div class=\"robots-nocontent sd-block sd-social sd-social-icon sd-sharing\"><h3 class=\"sd-title\">Share this post<\/h3><div class=\"sd-content\"><ul><li class=\"share-facebook\"><a rel=\"nofollow noopener noreferrer\" data-shared=\"sharing-facebook-8027\" class=\"share-facebook sd-button share-icon no-text\" href=\"https:\/\/28april.org\/?p=8027&amp;share=facebook\" target=\"_blank\" title=\"Click to share on Facebook\" ><span><\/span><span class=\"sharing-screen-reader-text\">Click to share on Facebook (Opens in new window)<\/span><\/a><\/li><li class=\"share-linkedin\"><a rel=\"nofollow noopener noreferrer\" data-shared=\"sharing-linkedin-8027\" class=\"share-linkedin sd-button share-icon no-text\" href=\"https:\/\/28april.org\/?p=8027&amp;share=linkedin\" target=\"_blank\" title=\"Click to share on LinkedIn\" ><span><\/span><span class=\"sharing-screen-reader-text\">Click to share on LinkedIn (Opens in new window)<\/span><\/a><\/li><li class=\"share-twitter\"><a rel=\"nofollow noopener noreferrer\" data-shared=\"sharing-twitter-8027\" class=\"share-twitter sd-button share-icon no-text\" href=\"https:\/\/28april.org\/?p=8027&amp;share=twitter\" target=\"_blank\" title=\"Click to share on Twitter\" ><span><\/span><span class=\"sharing-screen-reader-text\">Click to share on Twitter (Opens in new window)<\/span><\/a><\/li><li class=\"share-pocket\"><a rel=\"nofollow noopener noreferrer\" data-shared=\"\" class=\"share-pocket sd-button share-icon no-text\" href=\"https:\/\/28april.org\/?p=8027&amp;share=pocket\" target=\"_blank\" title=\"Click to share on Pocket\" ><span><\/span><span class=\"sharing-screen-reader-text\">Click to share on Pocket (Opens in new window)<\/span><\/a><\/li><li class=\"share-jetpack-whatsapp\"><a rel=\"nofollow noopener noreferrer\" data-shared=\"\" class=\"share-jetpack-whatsapp sd-button share-icon no-text\" href=\"https:\/\/28april.org\/?p=8027&amp;share=jetpack-whatsapp\" target=\"_blank\" title=\"Click to share on WhatsApp\" ><span><\/span><span class=\"sharing-screen-reader-text\">Click to share on WhatsApp (Opens in new window)<\/span><\/a><\/li><li class=\"share-print\"><a rel=\"nofollow noopener noreferrer\" data-shared=\"\" class=\"share-print sd-button share-icon no-text\" href=\"https:\/\/28april.org\/?p=8027\" target=\"_blank\" title=\"Click to print\" ><span><\/span><span class=\"sharing-screen-reader-text\">Click to print (Opens in new window)<\/span><\/a><\/li><li class=\"share-email\"><a rel=\"nofollow noopener noreferrer\" data-shared=\"\" class=\"share-email sd-button share-icon no-text\" href=\"mailto:?subject=%5BShared%20Post%5D%20Italy%3A%2028%20aprile%202026%20giornata%20mondiale%20della%20salute%20e%20sicurezza%20sul%20lavoro&body=https%3A%2F%2F28april.org%2F%3Fp%3D8027&share=email\" target=\"_blank\" title=\"Click to email a link to a friend\" data-email-share-error-title=\"Do you have email set up?\" data-email-share-error-text=\"If you&#039;re having problems sharing via email, you might not have email set up for your browser. You may need to create a new email yourself.\" data-email-share-nonce=\"11ad9b2ab3\" data-email-share-track-url=\"https:\/\/28april.org\/?p=8027&amp;share=email\"><span><\/span><span class=\"sharing-screen-reader-text\">Click to email a link to a friend (Opens in new window)<\/span><\/a><\/li><li class=\"share-pinterest\"><a rel=\"nofollow noopener noreferrer\" data-shared=\"sharing-pinterest-8027\" class=\"share-pinterest sd-button share-icon no-text\" href=\"https:\/\/28april.org\/?p=8027&amp;share=pinterest\" target=\"_blank\" title=\"Click to share on Pinterest\" ><span><\/span><span class=\"sharing-screen-reader-text\">Click to share on Pinterest (Opens in new window)<\/span><\/a><\/li><li class=\"share-telegram\"><a rel=\"nofollow noopener noreferrer\" data-shared=\"\" class=\"share-telegram sd-button share-icon no-text\" href=\"https:\/\/28april.org\/?p=8027&amp;share=telegram\" target=\"_blank\" title=\"Click to share on Telegram\" ><span><\/span><span class=\"sharing-screen-reader-text\">Click to share on Telegram (Opens in new window)<\/span><\/a><\/li><li class=\"share-end\"><\/li><\/ul><\/div><\/div><\/div>","protected":false},"excerpt":{"rendered":"<p>&nbsp; 28 aprile 2026 giornata mondiale della salute e sicurezza sul lavoro Anche quest\u2019anno, il prossimo 28 aprile, si celebra la Giornata mondiale per la salute e la sicurezza sul lavoro, appuntamento al quale la Cgil partecipa con iniziative e mobilitazioni a livello nazionale e territoriale. &#8220;Non \u00e8 fatalit\u00e0. \u00c8 il sistema che va cambiato. &hellip; <a href=\"https:\/\/28april.org\/?p=8027\" class=\"more-link\">Continue reading <span class=\"screen-reader-text\">Italy: 28 aprile 2026 giornata mondiale della salute e sicurezza sul lavoro<\/span> <span class=\"meta-nav\">&rarr;<\/span><\/a><\/p>\n<div class=\"sharedaddy sd-sharing-enabled\"><div class=\"robots-nocontent sd-block sd-social sd-social-icon sd-sharing\"><h3 class=\"sd-title\">Share this post<\/h3><div class=\"sd-content\"><ul><li class=\"share-facebook\"><a rel=\"nofollow noopener noreferrer\" data-shared=\"sharing-facebook-8027\" class=\"share-facebook sd-button share-icon no-text\" href=\"https:\/\/28april.org\/?p=8027&amp;share=facebook\" target=\"_blank\" title=\"Click to share on Facebook\" ><span><\/span><span class=\"sharing-screen-reader-text\">Click to share on Facebook (Opens in new window)<\/span><\/a><\/li><li class=\"share-linkedin\"><a rel=\"nofollow noopener noreferrer\" data-shared=\"sharing-linkedin-8027\" class=\"share-linkedin sd-button share-icon no-text\" href=\"https:\/\/28april.org\/?p=8027&amp;share=linkedin\" target=\"_blank\" title=\"Click to share on LinkedIn\" ><span><\/span><span class=\"sharing-screen-reader-text\">Click to share on LinkedIn (Opens in new window)<\/span><\/a><\/li><li class=\"share-twitter\"><a rel=\"nofollow noopener noreferrer\" data-shared=\"sharing-twitter-8027\" class=\"share-twitter sd-button share-icon no-text\" href=\"https:\/\/28april.org\/?p=8027&amp;share=twitter\" target=\"_blank\" title=\"Click to share on Twitter\" ><span><\/span><span class=\"sharing-screen-reader-text\">Click to share on Twitter (Opens in new window)<\/span><\/a><\/li><li class=\"share-pocket\"><a rel=\"nofollow noopener noreferrer\" data-shared=\"\" class=\"share-pocket sd-button share-icon no-text\" href=\"https:\/\/28april.org\/?p=8027&amp;share=pocket\" target=\"_blank\" title=\"Click to share on Pocket\" ><span><\/span><span class=\"sharing-screen-reader-text\">Click to share on Pocket (Opens in new window)<\/span><\/a><\/li><li class=\"share-jetpack-whatsapp\"><a rel=\"nofollow noopener noreferrer\" data-shared=\"\" class=\"share-jetpack-whatsapp sd-button share-icon no-text\" href=\"https:\/\/28april.org\/?p=8027&amp;share=jetpack-whatsapp\" target=\"_blank\" title=\"Click to share on WhatsApp\" ><span><\/span><span class=\"sharing-screen-reader-text\">Click to share on WhatsApp (Opens in new window)<\/span><\/a><\/li><li class=\"share-print\"><a rel=\"nofollow noopener noreferrer\" data-shared=\"\" class=\"share-print sd-button share-icon no-text\" href=\"https:\/\/28april.org\/?p=8027\" target=\"_blank\" title=\"Click to print\" ><span><\/span><span class=\"sharing-screen-reader-text\">Click to print (Opens in new window)<\/span><\/a><\/li><li class=\"share-email\"><a rel=\"nofollow noopener noreferrer\" data-shared=\"\" class=\"share-email sd-button share-icon no-text\" href=\"mailto:?subject=%5BShared%20Post%5D%20Italy%3A%2028%20aprile%202026%20giornata%20mondiale%20della%20salute%20e%20sicurezza%20sul%20lavoro&body=https%3A%2F%2F28april.org%2F%3Fp%3D8027&share=email\" target=\"_blank\" title=\"Click to email a link to a friend\" data-email-share-error-title=\"Do you have email set up?\" data-email-share-error-text=\"If you&#039;re having problems sharing via email, you might not have email set up for your browser. You may need to create a new email yourself.\" data-email-share-nonce=\"11ad9b2ab3\" data-email-share-track-url=\"https:\/\/28april.org\/?p=8027&amp;share=email\"><span><\/span><span class=\"sharing-screen-reader-text\">Click to email a link to a friend (Opens in new window)<\/span><\/a><\/li><li class=\"share-pinterest\"><a rel=\"nofollow noopener noreferrer\" data-shared=\"sharing-pinterest-8027\" class=\"share-pinterest sd-button share-icon no-text\" href=\"https:\/\/28april.org\/?p=8027&amp;share=pinterest\" target=\"_blank\" title=\"Click to share on Pinterest\" ><span><\/span><span class=\"sharing-screen-reader-text\">Click to share on Pinterest (Opens in new window)<\/span><\/a><\/li><li class=\"share-telegram\"><a rel=\"nofollow noopener noreferrer\" data-shared=\"\" class=\"share-telegram sd-button share-icon no-text\" href=\"https:\/\/28april.org\/?p=8027&amp;share=telegram\" target=\"_blank\" title=\"Click to share on Telegram\" ><span><\/span><span class=\"sharing-screen-reader-text\">Click to share on Telegram (Opens in new window)<\/span><\/a><\/li><li class=\"share-end\"><\/li><\/ul><\/div><\/div><\/div>","protected":false},"author":1,"featured_media":0,"comment_status":"open","ping_status":"open","sticky":false,"template":"","format":"standard","meta":{"jetpack_post_was_ever_published":false},"categories":[2110,2117,2187,4,3],"tags":[2112,692,176,177],"jetpack_featured_media_url":"","jetpack_shortlink":"https:\/\/wp.me\/p7r6RV-25t","jetpack_sharing_enabled":true,"jetpack_likes_enabled":false,"_links":{"self":[{"href":"https:\/\/28april.org\/index.php?rest_route=\/wp\/v2\/posts\/8027"}],"collection":[{"href":"https:\/\/28april.org\/index.php?rest_route=\/wp\/v2\/posts"}],"about":[{"href":"https:\/\/28april.org\/index.php?rest_route=\/wp\/v2\/types\/post"}],"author":[{"embeddable":true,"href":"https:\/\/28april.org\/index.php?rest_route=\/wp\/v2\/users\/1"}],"replies":[{"embeddable":true,"href":"https:\/\/28april.org\/index.php?rest_route=%2Fwp%2Fv2%2Fcomments&post=8027"}],"version-history":[{"count":1,"href":"https:\/\/28april.org\/index.php?rest_route=\/wp\/v2\/posts\/8027\/revisions"}],"predecessor-version":[{"id":8028,"href":"https:\/\/28april.org\/index.php?rest_route=\/wp\/v2\/posts\/8027\/revisions\/8028"}],"wp:attachment":[{"href":"https:\/\/28april.org\/index.php?rest_route=%2Fwp%2Fv2%2Fmedia&parent=8027"}],"wp:term":[{"taxonomy":"category","embeddable":true,"href":"https:\/\/28april.org\/index.php?rest_route=%2Fwp%2Fv2%2Fcategories&post=8027"},{"taxonomy":"post_tag","embeddable":true,"href":"https:\/\/28april.org\/index.php?rest_route=%2Fwp%2Fv2%2Ftags&post=8027"}],"curies":[{"name":"wp","href":"https:\/\/api.w.org\/{rel}","templated":true}]}}