{"id":8016,"date":"2026-04-28T17:38:58","date_gmt":"2026-04-28T16:38:58","guid":{"rendered":"https:\/\/28april.org\/?p=8016"},"modified":"2026-04-28T17:38:58","modified_gmt":"2026-04-28T16:38:58","slug":"latin-american-recordamos-a-trabajadores-fallecidos-y-heridos-reforzando-la-essla-para-las-americas","status":"publish","type":"post","link":"https:\/\/28april.org\/?p=8016","title":{"rendered":"Latin American: Recordamos a trabajadores fallecidos y heridos, reforzando la ESSLA para las Am\u00e9ricas"},"content":{"rendered":"<p><b><span lang=\"ES\" data-olk-copy-source=\"MessageBody\">28 de abril: recordamos a personas trabajadoras fallecidas y heridas reforzando nuestra Estrategia Sindical en Salud Laboral para las Am\u00e9ricas (ESSLA)<\/span><\/b><\/p>\n<p><img src=\"https:\/\/csa-csi.org\/wp-content\/uploads\/2019\/12\/logo-mobile.png\" \/><\/p>\n<p><span lang=\"ES\">28 de abril de 2026<\/span><\/p>\n<p><span lang=\"ES\">Este 28 de abril, D\u00eda Mundial de la Salud y Seguridad en el Trabajo, la CSA homenajea a todas las personas trabajadoras que fueron heridas o perdieron su vida, lanzando una nueva edici\u00f3n de la Estrategia Sindical en Salud Laboral para las Am\u00e9ricas (ESSLA).<\/span><\/p>\n<p><span lang=\"ES\">Esta plataforma colectiva, creada en conjunto con las afiliadas en el 2010, sirvi\u00f3 por m\u00e1s de una d\u00e9cada de gu\u00eda en el accionar sindical de la regi\u00f3n para establecer objetivos claves que el sindicalismo buscaba alcanzar para asegurar entornos laborales sanos y saludables.<\/span><\/p>\n<p><span lang=\"ES\">Tras m\u00e1s de 15 a\u00f1os, el contexto global cambiante con sus m\u00faltiples transiciones clim\u00e1tica, tecnol\u00f3gica, demogr\u00e1fica, y geopol\u00edtica, y las diversas transformaciones del mundo del trabajo, demandaron un esfuerzo conjunto de las centrales sindicales de la regi\u00f3n para construir un nuevo mecanismo que sirva para formar, comunicar, incidir y organizar a toda la clase trabajadora con miras a asegurar a este principio y derecho fundamental del trabajo.<\/span><\/p>\n<p><span lang=\"ES\">Luego de varios meses de trabajo sumando los aportes brindados desde cada territorio de nuestro continente, hoy lanzamos este nuevo documento con 5 nuevos objetivos generales que busca planificar las estrategias a llevar adelante en el pr\u00f3ximo periodo, con miras a:<\/span><\/p>\n<ul type=\"disc\">\n<li><span lang=\"ES\">Fortalecer la ACCI\u00d3N SINDICAL en materia de salud laboral de la CSA y sus afiliadas, desde una perspectiva interseccional e integrada, de manera articulada y coordinada con la CSI, OIT y otras alianzas.<\/span><\/li>\n<li><span lang=\"ES\">Fortalecer el DI\u00c1LOGO SOCIAL TRIPARTITO Y LA NEGOCIACI\u00d3N COLECTIVA como pilares para el desarrollo de una cultura preventiva en salud y seguridad en el trabajo.<\/span><\/li>\n<li><span lang=\"ES\">Avanzar en la universalizaci\u00f3n del derecho a la salud laboral para TODAS LAS PERSONAS TRABAJADORAS, INDEPENDIENTEMENTE DE SU FORMA DE INSERCI\u00d3N en el mundo del trabajo.<\/span><\/li>\n<li><span lang=\"ES\">Reforzar la capacidad sindical para incidir en pol\u00edticas p\u00fablicas que permitan identificar, prevenir y controlar ENFERMEDADES PROFESIONALES reconocidas y emergentes y hacer el seguimiento de las condiciones de trabajo, especialmente en sectores estrat\u00e9gicos y de alta exposici\u00f3n.<\/span><\/li>\n<li><span lang=\"ES\">Anticipar y responder a LOS NUEVOS Y EMERGENTES RIESGOS para la salud laboral en el mundo del trabajo.<\/span><\/li>\n<\/ul>\n<p><span lang=\"ES\">Nos sumamos a los esfuerzos de\u00a0<\/span><a title=\"https:\/\/www.ilo.org\/es\/temas-y-sectores\/seguridad-y-salud-en-el-trabajo\/dia-mundial-de-la-seguridad-y-salud-en-el-trabajo-2026\" href=\"https:\/\/www.ilo.org\/es\/temas-y-sectores\/seguridad-y-salud-en-el-trabajo\/dia-mundial-de-la-seguridad-y-salud-en-el-trabajo-2026\" data-auth=\"NotApplicable\" data-linkindex=\"0\"><span lang=\"ES\">OIT<\/span><\/a><span lang=\"ES\">\u00a0y\u00a0<\/span><a title=\"https:\/\/www.ituc-csi.org\/Jornada-Internacional-de-Conmemoracion-de-los-Trabajadores-Fallecidos-y-Lesionados-2026?lang=es#msdynmkt_trackingcontext=9a78f41d-defa-439d-9fe0-40c4791c0000&amp;msdynmkt_prefill=mktprf173ba649e7e74909b16a9797b2e08c53eoprf\" href=\"https:\/\/www.ituc-csi.org\/Jornada-Internacional-de-Conmemoracion-de-los-Trabajadores-Fallecidos-y-Lesionados-2026?lang=es#msdynmkt_trackingcontext=9a78f41d-defa-439d-9fe0-40c4791c0000&amp;msdynmkt_prefill=mktprf173ba649e7e74909b16a9797b2e08c53eoprf\" data-auth=\"NotApplicable\" data-linkindex=\"1\"><span lang=\"ES\">CSI<\/span><\/a><span lang=\"ES\">\u00a0para en este 2026, especialmente recordar a cada trabajador y trabajadora afectada por los riesgos\u00a0<b>psicosociales<\/b>\u00a0laborales (en torno a 840.000 por a\u00f1o), una problem\u00e1tica que cada vez m\u00e1s genera m\u00e1s personas lesionadas debido a una err\u00f3nea organizaci\u00f3n del trabajo que no cuida la carga y la extensi\u00f3n de la jornada laboral, la claridad de roles, los proceso justos y transparentes, remuneraciones justas, entre otros factores. Sin lugar a dudas ser\u00e1 uno de los ejes de trabajo de CSA para implementar la ESSLA.<\/span><\/p>\n<p><span lang=\"ES\">Les invitamos a compartir el documento con cada compa\u00f1ero y compa\u00f1era desde sus espacios de lucha:\u00a0<\/span><a title=\"https:\/\/csa-csi.org\/sdm_downloads\/actualizacion-de-la-essla-estrategia-sindical-en-salud-laboral-para-las-americas\/\" href=\"https:\/\/csa-csi.org\/sdm_downloads\/actualizacion-de-la-essla-estrategia-sindical-en-salud-laboral-para-las-americas\/\" data-auth=\"NotApplicable\" data-linkindex=\"2\"><span lang=\"ES\">Descarga ESPA\u00d1OL<\/span><\/a><\/p>\n<p><span lang=\"ES\">Pr\u00f3ximamente en portugu\u00e9s, ingl\u00e9s y franc\u00e9s!<\/span><\/p>\n<p><span lang=\"ES\">Una sola voz regional! Una estrategia unificada por la salud laboral!\u00a0<\/span><\/p>\n<p><a title=\"https:\/\/csa-csi.org\/2026\/04\/28\/28-de-abril-recordamos-a-personas-trabajadoras-fallecidas-y-heridas-reforzando-nuestra-estrategia-sindical-en-salud-laboral-para-las-americas-essla\/\" href=\"https:\/\/csa-csi.org\/2026\/04\/28\/28-de-abril-recordamos-a-personas-trabajadoras-fallecidas-y-heridas-reforzando-nuestra-estrategia-sindical-en-salud-laboral-para-las-americas-essla\/\" data-auth=\"NotApplicable\" data-linkindex=\"3\"><span lang=\"ES\">https:\/\/csa-csi.org\/2026\/04\/28\/28-de-abril-recordamos-a-personas-trabajadoras-fallecidas-y-heridas-reforzando-nuestra-estrategia-sindical-en-salud-laboral-para-las-americas-essla\/<\/span><\/a><\/p>\n<div class=\"sharedaddy sd-sharing-enabled\"><div class=\"robots-nocontent sd-block sd-social sd-social-icon sd-sharing\"><h3 class=\"sd-title\">Share this post<\/h3><div class=\"sd-content\"><ul><li class=\"share-facebook\"><a rel=\"nofollow noopener noreferrer\" data-shared=\"sharing-facebook-8016\" class=\"share-facebook sd-button share-icon no-text\" href=\"https:\/\/28april.org\/?p=8016&amp;share=facebook\" target=\"_blank\" title=\"Click to share on Facebook\" ><span><\/span><span class=\"sharing-screen-reader-text\">Click to share on Facebook (Opens in new window)<\/span><\/a><\/li><li class=\"share-linkedin\"><a rel=\"nofollow noopener noreferrer\" data-shared=\"sharing-linkedin-8016\" class=\"share-linkedin sd-button share-icon no-text\" href=\"https:\/\/28april.org\/?p=8016&amp;share=linkedin\" target=\"_blank\" title=\"Click to share on LinkedIn\" ><span><\/span><span class=\"sharing-screen-reader-text\">Click to share on LinkedIn (Opens in new window)<\/span><\/a><\/li><li class=\"share-twitter\"><a rel=\"nofollow noopener noreferrer\" data-shared=\"sharing-twitter-8016\" class=\"share-twitter sd-button share-icon no-text\" href=\"https:\/\/28april.org\/?p=8016&amp;share=twitter\" target=\"_blank\" title=\"Click to share on Twitter\" ><span><\/span><span class=\"sharing-screen-reader-text\">Click to share on Twitter (Opens in new window)<\/span><\/a><\/li><li class=\"share-pocket\"><a rel=\"nofollow noopener noreferrer\" data-shared=\"\" class=\"share-pocket sd-button share-icon no-text\" href=\"https:\/\/28april.org\/?p=8016&amp;share=pocket\" target=\"_blank\" title=\"Click to share on Pocket\" ><span><\/span><span class=\"sharing-screen-reader-text\">Click to share on Pocket (Opens in new window)<\/span><\/a><\/li><li class=\"share-jetpack-whatsapp\"><a rel=\"nofollow noopener noreferrer\" data-shared=\"\" class=\"share-jetpack-whatsapp sd-button share-icon no-text\" href=\"https:\/\/28april.org\/?p=8016&amp;share=jetpack-whatsapp\" target=\"_blank\" title=\"Click to share on WhatsApp\" ><span><\/span><span class=\"sharing-screen-reader-text\">Click to share on WhatsApp (Opens in new window)<\/span><\/a><\/li><li class=\"share-print\"><a rel=\"nofollow noopener noreferrer\" data-shared=\"\" class=\"share-print sd-button share-icon no-text\" href=\"https:\/\/28april.org\/?p=8016\" target=\"_blank\" title=\"Click to print\" ><span><\/span><span class=\"sharing-screen-reader-text\">Click to print (Opens in new window)<\/span><\/a><\/li><li class=\"share-email\"><a rel=\"nofollow noopener noreferrer\" data-shared=\"\" class=\"share-email sd-button share-icon no-text\" href=\"mailto:?subject=%5BShared%20Post%5D%20Latin%20American%3A%20Recordamos%20a%20trabajadores%20fallecidos%20y%20heridos%2C%20reforzando%20la%20ESSLA%20para%20las%20Am%C3%A9ricas&body=https%3A%2F%2F28april.org%2F%3Fp%3D8016&share=email\" target=\"_blank\" title=\"Click to email a link to a friend\" data-email-share-error-title=\"Do you have email set up?\" data-email-share-error-text=\"If you&#039;re having problems sharing via email, you might not have email set up for your browser. You may need to create a new email yourself.\" data-email-share-nonce=\"e0013c2d42\" data-email-share-track-url=\"https:\/\/28april.org\/?p=8016&amp;share=email\"><span><\/span><span class=\"sharing-screen-reader-text\">Click to email a link to a friend (Opens in new window)<\/span><\/a><\/li><li class=\"share-pinterest\"><a rel=\"nofollow noopener noreferrer\" data-shared=\"sharing-pinterest-8016\" class=\"share-pinterest sd-button share-icon no-text\" href=\"https:\/\/28april.org\/?p=8016&amp;share=pinterest\" target=\"_blank\" title=\"Click to share on Pinterest\" ><span><\/span><span class=\"sharing-screen-reader-text\">Click to share on Pinterest (Opens in new window)<\/span><\/a><\/li><li class=\"share-telegram\"><a rel=\"nofollow noopener noreferrer\" data-shared=\"\" class=\"share-telegram sd-button share-icon no-text\" href=\"https:\/\/28april.org\/?p=8016&amp;share=telegram\" target=\"_blank\" title=\"Click to share on Telegram\" ><span><\/span><span class=\"sharing-screen-reader-text\">Click to share on Telegram (Opens in new window)<\/span><\/a><\/li><li class=\"share-end\"><\/li><\/ul><\/div><\/div><\/div>","protected":false},"excerpt":{"rendered":"<p>28 de abril: recordamos a personas trabajadoras fallecidas y heridas reforzando nuestra Estrategia Sindical en Salud Laboral para las Am\u00e9ricas (ESSLA) 28 de abril de 2026 Este 28 de abril, D\u00eda Mundial de la Salud y Seguridad en el Trabajo, la CSA homenajea a todas las personas trabajadoras que fueron heridas o perdieron su vida, &hellip; <a href=\"https:\/\/28april.org\/?p=8016\" class=\"more-link\">Continue reading <span class=\"screen-reader-text\">Latin American: Recordamos a trabajadores fallecidos y heridos, reforzando la ESSLA para las Am\u00e9ricas<\/span> <span class=\"meta-nav\">&rarr;<\/span><\/a><\/p>\n<div class=\"sharedaddy sd-sharing-enabled\"><div class=\"robots-nocontent sd-block sd-social sd-social-icon sd-sharing\"><h3 class=\"sd-title\">Share this post<\/h3><div class=\"sd-content\"><ul><li class=\"share-facebook\"><a rel=\"nofollow noopener noreferrer\" data-shared=\"sharing-facebook-8016\" class=\"share-facebook sd-button share-icon no-text\" href=\"https:\/\/28april.org\/?p=8016&amp;share=facebook\" target=\"_blank\" title=\"Click to share on Facebook\" ><span><\/span><span class=\"sharing-screen-reader-text\">Click to share on Facebook (Opens in new window)<\/span><\/a><\/li><li class=\"share-linkedin\"><a rel=\"nofollow noopener noreferrer\" data-shared=\"sharing-linkedin-8016\" class=\"share-linkedin sd-button share-icon no-text\" href=\"https:\/\/28april.org\/?p=8016&amp;share=linkedin\" target=\"_blank\" title=\"Click to share on LinkedIn\" ><span><\/span><span class=\"sharing-screen-reader-text\">Click to share on LinkedIn (Opens in new window)<\/span><\/a><\/li><li class=\"share-twitter\"><a rel=\"nofollow noopener noreferrer\" data-shared=\"sharing-twitter-8016\" class=\"share-twitter sd-button share-icon no-text\" href=\"https:\/\/28april.org\/?p=8016&amp;share=twitter\" target=\"_blank\" title=\"Click to share on Twitter\" ><span><\/span><span class=\"sharing-screen-reader-text\">Click to share on Twitter (Opens in new window)<\/span><\/a><\/li><li class=\"share-pocket\"><a rel=\"nofollow noopener noreferrer\" data-shared=\"\" class=\"share-pocket sd-button share-icon no-text\" href=\"https:\/\/28april.org\/?p=8016&amp;share=pocket\" target=\"_blank\" title=\"Click to share on Pocket\" ><span><\/span><span class=\"sharing-screen-reader-text\">Click to share on Pocket (Opens in new window)<\/span><\/a><\/li><li class=\"share-jetpack-whatsapp\"><a rel=\"nofollow noopener noreferrer\" data-shared=\"\" class=\"share-jetpack-whatsapp sd-button share-icon no-text\" href=\"https:\/\/28april.org\/?p=8016&amp;share=jetpack-whatsapp\" target=\"_blank\" title=\"Click to share on WhatsApp\" ><span><\/span><span class=\"sharing-screen-reader-text\">Click to share on WhatsApp (Opens in new window)<\/span><\/a><\/li><li class=\"share-print\"><a rel=\"nofollow noopener noreferrer\" data-shared=\"\" class=\"share-print sd-button share-icon no-text\" href=\"https:\/\/28april.org\/?p=8016\" target=\"_blank\" title=\"Click to print\" ><span><\/span><span class=\"sharing-screen-reader-text\">Click to print (Opens in new window)<\/span><\/a><\/li><li class=\"share-email\"><a rel=\"nofollow noopener noreferrer\" data-shared=\"\" class=\"share-email sd-button share-icon no-text\" href=\"mailto:?subject=%5BShared%20Post%5D%20Latin%20American%3A%20Recordamos%20a%20trabajadores%20fallecidos%20y%20heridos%2C%20reforzando%20la%20ESSLA%20para%20las%20Am%C3%A9ricas&body=https%3A%2F%2F28april.org%2F%3Fp%3D8016&share=email\" target=\"_blank\" title=\"Click to email a link to a friend\" data-email-share-error-title=\"Do you have email set up?\" data-email-share-error-text=\"If you&#039;re having problems sharing via email, you might not have email set up for your browser. You may need to create a new email yourself.\" data-email-share-nonce=\"e0013c2d42\" data-email-share-track-url=\"https:\/\/28april.org\/?p=8016&amp;share=email\"><span><\/span><span class=\"sharing-screen-reader-text\">Click to email a link to a friend (Opens in new window)<\/span><\/a><\/li><li class=\"share-pinterest\"><a rel=\"nofollow noopener noreferrer\" data-shared=\"sharing-pinterest-8016\" class=\"share-pinterest sd-button share-icon no-text\" href=\"https:\/\/28april.org\/?p=8016&amp;share=pinterest\" target=\"_blank\" title=\"Click to share on Pinterest\" ><span><\/span><span class=\"sharing-screen-reader-text\">Click to share on Pinterest (Opens in new window)<\/span><\/a><\/li><li class=\"share-telegram\"><a rel=\"nofollow noopener noreferrer\" data-shared=\"\" class=\"share-telegram sd-button share-icon no-text\" href=\"https:\/\/28april.org\/?p=8016&amp;share=telegram\" target=\"_blank\" title=\"Click to share on Telegram\" ><span><\/span><span class=\"sharing-screen-reader-text\">Click to share on Telegram (Opens in new window)<\/span><\/a><\/li><li class=\"share-end\"><\/li><\/ul><\/div><\/div><\/div>","protected":false},"author":1,"featured_media":0,"comment_status":"open","ping_status":"open","sticky":false,"template":"","format":"standard","meta":{"jetpack_post_was_ever_published":false},"categories":[2110,2127,4,3],"tags":[2112,692,2198,2197,10],"jetpack_featured_media_url":"","jetpack_shortlink":"https:\/\/wp.me\/p7r6RV-25i","jetpack_sharing_enabled":true,"jetpack_likes_enabled":false,"_links":{"self":[{"href":"https:\/\/28april.org\/index.php?rest_route=\/wp\/v2\/posts\/8016"}],"collection":[{"href":"https:\/\/28april.org\/index.php?rest_route=\/wp\/v2\/posts"}],"about":[{"href":"https:\/\/28april.org\/index.php?rest_route=\/wp\/v2\/types\/post"}],"author":[{"embeddable":true,"href":"https:\/\/28april.org\/index.php?rest_route=\/wp\/v2\/users\/1"}],"replies":[{"embeddable":true,"href":"https:\/\/28april.org\/index.php?rest_route=%2Fwp%2Fv2%2Fcomments&post=8016"}],"version-history":[{"count":1,"href":"https:\/\/28april.org\/index.php?rest_route=\/wp\/v2\/posts\/8016\/revisions"}],"predecessor-version":[{"id":8020,"href":"https:\/\/28april.org\/index.php?rest_route=\/wp\/v2\/posts\/8016\/revisions\/8020"}],"wp:attachment":[{"href":"https:\/\/28april.org\/index.php?rest_route=%2Fwp%2Fv2%2Fmedia&parent=8016"}],"wp:term":[{"taxonomy":"category","embeddable":true,"href":"https:\/\/28april.org\/index.php?rest_route=%2Fwp%2Fv2%2Fcategories&post=8016"},{"taxonomy":"post_tag","embeddable":true,"href":"https:\/\/28april.org\/index.php?rest_route=%2Fwp%2Fv2%2Ftags&post=8016"}],"curies":[{"name":"wp","href":"https:\/\/api.w.org\/{rel}","templated":true}]}}