{"id":7846,"date":"2026-04-27T13:08:52","date_gmt":"2026-04-27T12:08:52","guid":{"rendered":"https:\/\/28april.org\/?p=7846"},"modified":"2026-04-27T13:08:52","modified_gmt":"2026-04-27T12:08:52","slug":"global-journee-internationale-de-commemoration-des-travailleurs-morts-ou-blesses-au-travail-2026-prendre-en-compte-les-risques-psychosociaux-au-travail","status":"publish","type":"post","link":"https:\/\/28april.org\/?p=7846","title":{"rendered":"Global: Journ\u00e9e internationale de comm\u00e9moration des travailleurs morts ou bless\u00e9s au travail 2026\u00a0: prendre en compte les risques psychosociaux au travail"},"content":{"rendered":"<div id=\"hero\" class=\"article\">\n<header class=\"cartouche \">\n<div class=\"intro\">\n<div class=\"container\">\n<div class=\"row\">\n<div class=\"col-xl-10 offset-xl-1\">\n<p><span style=\"font-size: 16px; font-weight: 400;\">Le 28 avril, \u00e0 l\u2019occasion de la Journ\u00e9e internationale de comm\u00e9morations des travailleurs morts ou bless\u00e9s au travail, la CSI appelle \u00e0 une action urgente visant \u00e0 lutter contre la crise mondiale des risques psychosociaux au travail, d\u00e9sormais l\u2019une des principales causes de d\u00e9c\u00e8s, de maladie et de souffrance pour les travailleurs et les travailleuses \u00e0 travers le monde.<\/span><\/p>\n<div class=\"img-article logo-article\"><a href=\"https:\/\/28april.org\/wp-content\/uploads\/2026\/04\/en__web_iwmd_1-c42ac.jpg\"><img loading=\"lazy\" class=\"alignleft size-full wp-image-7838\" src=\"https:\/\/28april.org\/wp-content\/uploads\/2026\/04\/en__web_iwmd_1-c42ac.jpg\" alt=\"\" width=\"800\" height=\"480\" srcset=\"https:\/\/28april.org\/wp-content\/uploads\/2026\/04\/en__web_iwmd_1-c42ac.jpg 800w, https:\/\/28april.org\/wp-content\/uploads\/2026\/04\/en__web_iwmd_1-c42ac-300x180.jpg 300w, https:\/\/28april.org\/wp-content\/uploads\/2026\/04\/en__web_iwmd_1-c42ac-768x461.jpg 768w\" sizes=\"(max-width: 800px) 100vw, 800px\" \/><\/a><\/p>\n<div class=\"caption\"><\/div>\n<\/div>\n<\/div>\n<\/div>\n<\/div>\n<\/div>\n<\/header>\n<\/div>\n<div class=\"container\">\n<article>\n<div class=\"main\">\n<div class=\"texte surlignable\">\n<p>Derri\u00e8re la r\u00e9alit\u00e9 quotidienne du travail, des millions de personnes sont soumises \u00e0 une pression incessante\u00a0: longues heures de travail, ins\u00e9curit\u00e9 de l\u2019emploi, objectifs impossibles \u00e0 atteindre et environnements de travail toxiques.<\/p>\n<p>Il ne s\u2019agit pas seulement d\u2019emplois de mauvaise qualit\u00e9, mais d\u2019emplois dangereux. Le stress, l\u2019anxi\u00e9t\u00e9 et l\u2019\u00e9puisement provoquent aujourd\u2019hui plus de pr\u00e9judice \u00e0 l\u2019\u00e9chelle plan\u00e9taire que les risques traditionnels sur les lieux de travail, tels que les produits chimiques ou la poussi\u00e8re.<\/p>\n<p>Le\u00a0<a href=\"https:\/\/www.ituc-csi.org\/iwmd26\">nouveau rapport de la CSI<\/a>\u00a0r\u00e9v\u00e8le l\u2019ampleur de la crise\u00a0:<\/p>\n<ul class=\"spip\" role=\"list\">\n<li>La dur\u00e9e excessive des heures de travail est responsable \u00e0 elle seule d\u2019environ 745 000 d\u00e9c\u00e8s chaque ann\u00e9e.<\/li>\n<li>Au moins 70 000 suicides li\u00e9s au travail sont \u00e0 d\u00e9plorer annuellement.<\/li>\n<li>Tous les ans, 12 milliards de jours de travail sont perdus en raison de la d\u00e9pression et de l\u2019anxi\u00e9t\u00e9.<\/li>\n<\/ul>\n<p>L\u2019\u00e9puisement au travail touche environ un travailleur sur cinq dans le monde.<\/p>\n<p>Les risques psychosociaux sont associ\u00e9s, dans plus de 10 pour cent des cas, aux maladies cardiaques, \u00e0 la d\u00e9pression et aux suicides.<\/p>\n<blockquote class=\"spip\"><p>\u00ab\u00a0Les emplois de mauvaise qualit\u00e9 peuvent briser n\u2019importe qui. Lorsque les travailleurs subissent des pressions au-del\u00e0 des limites supportables, \u00e0 cause de l\u2019ins\u00e9curit\u00e9 de l\u2019emploi, de charges de travail excessives et d\u2019un manque de contr\u00f4le, les cons\u00e9quences peuvent \u00eatre fatales. Cette situation n\u2019est pas in\u00e9vitable\u00a0: elle r\u00e9sulte de d\u00e9cisions prises dans des salles de r\u00e9unions et par les gouvernements.\u00a0\u00bb<i>Luc Triangle, secr\u00e9taire g\u00e9n\u00e9ral de la CSI.<\/i><\/p><\/blockquote>\n<p>Sur l\u2019ensemble du globe, les syndicats montrent qu\u2019un changement est possible. Les faits indiquent qu\u2019une pr\u00e9sence syndicale forte et d\u00e9mocratique sur le lieu de travail constitue la plus efficace des protections contre les risques psychosociaux, en contribuant \u00e0 am\u00e9liorer la sant\u00e9 et les performances \u00e9conomiques des travailleurs et des travailleuses.<\/p>\n<p><strong>La CSI r\u00e9clame\u00a0:<\/strong><\/p>\n<ul class=\"spip\" role=\"list\">\n<li>Des lois rigoureuses destin\u00e9es \u00e0 pr\u00e9venir les risques psychosociaux au travail.<\/li>\n<li>La participation pleine et enti\u00e8re des syndicats aux questions de sant\u00e9 et de s\u00e9curit\u00e9 au travail.<\/li>\n<li>Des emplois d\u00e9cents, c\u2019est-\u00e0-dire des emplois s\u00fbrs, une r\u00e9mun\u00e9ration \u00e9quitable et des charges de travail supportables.<\/li>\n<li>La reconnaissance des troubles de sant\u00e9 mentale comme maladies professionnelles.<\/li>\n<\/ul>\n<p>Luc Triangle a conclu\u00a0: \u00ab\u00a0Les solutions \u00e0 ces probl\u00e8mes commencent par la d\u00e9mocratie au travail, pour permettre aux travailleurs de faire entendre leur voix par l\u2019interm\u00e9diaire de leur syndicat. Les employeurs peuvent choisir d\u2019ignorer la sant\u00e9 psychosociale de leurs employ\u00e9s et de les pousser \u00e0 bout, de perdre leurs pr\u00e9cieuses comp\u00e9tences et d\u2019en payer le co\u00fbt financier, ou choisir de collaborer avec les syndicats pour veiller \u00e0 ce que les travailleurs soient valoris\u00e9s. Si les employeurs peinent \u00e0 savoir quel est le bon choix, les syndicats se tiennent pr\u00eats \u00e0 le leur rappeler. La\u00a0<a href=\"https:\/\/www.ituc-csi.org\/fordemocracy?lang=fr\">lutte pour la d\u00e9mocratie<\/a>\u00a0au travail est la lutte pour le bien-\u00eatre de tous les travailleurs et travailleuses.\u00a0\u00bb<\/p>\n<p>Ce 28 avril, nous rendons hommage aux personnes d\u00e9c\u00e9d\u00e9es au travail, et nous nous battons pour les vivants. Le travail ne devrait pas co\u00fbter des vies. Il doit prot\u00e9ger la vie, la dignit\u00e9 et la sant\u00e9 mentale.<\/p>\n<p><a href=\"https:\/\/www.ituc-csi.org\/journee-internationale-de-commemoration-des-travailleurs-morts-ou-blesses-au-travail-2026\">https:\/\/www.ituc-csi.org\/journee-internationale-de-commemoration-des-travailleurs-morts-ou-blesses-au-travail-2026<\/a><\/p>\n<\/div>\n<\/div>\n<\/article>\n<\/div>\n<div class=\"sharedaddy sd-sharing-enabled\"><div class=\"robots-nocontent sd-block sd-social sd-social-icon sd-sharing\"><h3 class=\"sd-title\">Share this post<\/h3><div class=\"sd-content\"><ul><li class=\"share-facebook\"><a rel=\"nofollow noopener noreferrer\" data-shared=\"sharing-facebook-7846\" class=\"share-facebook sd-button share-icon no-text\" href=\"https:\/\/28april.org\/?p=7846&amp;share=facebook\" target=\"_blank\" title=\"Click to share on Facebook\" ><span><\/span><span class=\"sharing-screen-reader-text\">Click to share on Facebook (Opens in new window)<\/span><\/a><\/li><li class=\"share-linkedin\"><a rel=\"nofollow noopener noreferrer\" data-shared=\"sharing-linkedin-7846\" class=\"share-linkedin sd-button share-icon no-text\" href=\"https:\/\/28april.org\/?p=7846&amp;share=linkedin\" target=\"_blank\" title=\"Click to share on LinkedIn\" ><span><\/span><span class=\"sharing-screen-reader-text\">Click to share on LinkedIn (Opens in new window)<\/span><\/a><\/li><li class=\"share-twitter\"><a rel=\"nofollow noopener noreferrer\" data-shared=\"sharing-twitter-7846\" class=\"share-twitter sd-button share-icon no-text\" href=\"https:\/\/28april.org\/?p=7846&amp;share=twitter\" target=\"_blank\" title=\"Click to share on Twitter\" ><span><\/span><span class=\"sharing-screen-reader-text\">Click to share on Twitter (Opens in new window)<\/span><\/a><\/li><li class=\"share-pocket\"><a rel=\"nofollow noopener noreferrer\" data-shared=\"\" class=\"share-pocket sd-button share-icon no-text\" href=\"https:\/\/28april.org\/?p=7846&amp;share=pocket\" target=\"_blank\" title=\"Click to share on Pocket\" ><span><\/span><span class=\"sharing-screen-reader-text\">Click to share on Pocket (Opens in new window)<\/span><\/a><\/li><li class=\"share-jetpack-whatsapp\"><a rel=\"nofollow noopener noreferrer\" data-shared=\"\" class=\"share-jetpack-whatsapp sd-button share-icon no-text\" href=\"https:\/\/28april.org\/?p=7846&amp;share=jetpack-whatsapp\" target=\"_blank\" title=\"Click to share on WhatsApp\" ><span><\/span><span class=\"sharing-screen-reader-text\">Click to share on WhatsApp (Opens in new window)<\/span><\/a><\/li><li class=\"share-print\"><a rel=\"nofollow noopener noreferrer\" data-shared=\"\" class=\"share-print sd-button share-icon no-text\" href=\"https:\/\/28april.org\/?p=7846\" target=\"_blank\" title=\"Click to print\" ><span><\/span><span class=\"sharing-screen-reader-text\">Click to print (Opens in new window)<\/span><\/a><\/li><li class=\"share-email\"><a rel=\"nofollow noopener noreferrer\" data-shared=\"\" class=\"share-email sd-button share-icon no-text\" href=\"mailto:?subject=%5BShared%20Post%5D%20Global%3A%20Journ%C3%A9e%20internationale%20de%20comm%C3%A9moration%20des%20travailleurs%20morts%20ou%20bless%C3%A9s%20au%20travail%202026%C2%A0%3A%20prendre%20en%20compte%20les%20risques%20psychosociaux%20au%20travail&body=https%3A%2F%2F28april.org%2F%3Fp%3D7846&share=email\" target=\"_blank\" title=\"Click to email a link to a friend\" data-email-share-error-title=\"Do you have email set up?\" data-email-share-error-text=\"If you&#039;re having problems sharing via email, you might not have email set up for your browser. You may need to create a new email yourself.\" data-email-share-nonce=\"060221cada\" data-email-share-track-url=\"https:\/\/28april.org\/?p=7846&amp;share=email\"><span><\/span><span class=\"sharing-screen-reader-text\">Click to email a link to a friend (Opens in new window)<\/span><\/a><\/li><li class=\"share-pinterest\"><a rel=\"nofollow noopener noreferrer\" data-shared=\"sharing-pinterest-7846\" class=\"share-pinterest sd-button share-icon no-text\" href=\"https:\/\/28april.org\/?p=7846&amp;share=pinterest\" target=\"_blank\" title=\"Click to share on Pinterest\" ><span><\/span><span class=\"sharing-screen-reader-text\">Click to share on Pinterest (Opens in new window)<\/span><\/a><\/li><li class=\"share-telegram\"><a rel=\"nofollow noopener noreferrer\" data-shared=\"\" class=\"share-telegram sd-button share-icon no-text\" href=\"https:\/\/28april.org\/?p=7846&amp;share=telegram\" target=\"_blank\" title=\"Click to share on Telegram\" ><span><\/span><span class=\"sharing-screen-reader-text\">Click to share on Telegram (Opens in new window)<\/span><\/a><\/li><li class=\"share-end\"><\/li><\/ul><\/div><\/div><\/div>","protected":false},"excerpt":{"rendered":"<p>Le 28 avril, \u00e0 l\u2019occasion de la Journ\u00e9e internationale de comm\u00e9morations des travailleurs morts ou bless\u00e9s au travail, la CSI appelle \u00e0 une action urgente visant \u00e0 lutter contre la crise mondiale des risques psychosociaux au travail, d\u00e9sormais l\u2019une des principales causes de d\u00e9c\u00e8s, de maladie et de souffrance pour les travailleurs et les travailleuses &hellip; <a href=\"https:\/\/28april.org\/?p=7846\" class=\"more-link\">Continue reading <span class=\"screen-reader-text\">Global: Journ\u00e9e internationale de comm\u00e9moration des travailleurs morts ou bless\u00e9s au travail 2026\u00a0: prendre en compte les risques psychosociaux au travail<\/span> <span class=\"meta-nav\">&rarr;<\/span><\/a><\/p>\n<div class=\"sharedaddy sd-sharing-enabled\"><div class=\"robots-nocontent sd-block sd-social sd-social-icon sd-sharing\"><h3 class=\"sd-title\">Share this post<\/h3><div class=\"sd-content\"><ul><li class=\"share-facebook\"><a rel=\"nofollow noopener noreferrer\" data-shared=\"sharing-facebook-7846\" class=\"share-facebook sd-button share-icon no-text\" href=\"https:\/\/28april.org\/?p=7846&amp;share=facebook\" target=\"_blank\" title=\"Click to share on Facebook\" ><span><\/span><span class=\"sharing-screen-reader-text\">Click to share on Facebook (Opens in new window)<\/span><\/a><\/li><li class=\"share-linkedin\"><a rel=\"nofollow noopener noreferrer\" data-shared=\"sharing-linkedin-7846\" class=\"share-linkedin sd-button share-icon no-text\" href=\"https:\/\/28april.org\/?p=7846&amp;share=linkedin\" target=\"_blank\" title=\"Click to share on LinkedIn\" ><span><\/span><span class=\"sharing-screen-reader-text\">Click to share on LinkedIn (Opens in new window)<\/span><\/a><\/li><li class=\"share-twitter\"><a rel=\"nofollow noopener noreferrer\" data-shared=\"sharing-twitter-7846\" class=\"share-twitter sd-button share-icon no-text\" href=\"https:\/\/28april.org\/?p=7846&amp;share=twitter\" target=\"_blank\" title=\"Click to share on Twitter\" ><span><\/span><span class=\"sharing-screen-reader-text\">Click to share on Twitter (Opens in new window)<\/span><\/a><\/li><li class=\"share-pocket\"><a rel=\"nofollow noopener noreferrer\" data-shared=\"\" class=\"share-pocket sd-button share-icon no-text\" href=\"https:\/\/28april.org\/?p=7846&amp;share=pocket\" target=\"_blank\" title=\"Click to share on Pocket\" ><span><\/span><span class=\"sharing-screen-reader-text\">Click to share on Pocket (Opens in new window)<\/span><\/a><\/li><li class=\"share-jetpack-whatsapp\"><a rel=\"nofollow noopener noreferrer\" data-shared=\"\" class=\"share-jetpack-whatsapp sd-button share-icon no-text\" href=\"https:\/\/28april.org\/?p=7846&amp;share=jetpack-whatsapp\" target=\"_blank\" title=\"Click to share on WhatsApp\" ><span><\/span><span class=\"sharing-screen-reader-text\">Click to share on WhatsApp (Opens in new window)<\/span><\/a><\/li><li class=\"share-print\"><a rel=\"nofollow noopener noreferrer\" data-shared=\"\" class=\"share-print sd-button share-icon no-text\" href=\"https:\/\/28april.org\/?p=7846\" target=\"_blank\" title=\"Click to print\" ><span><\/span><span class=\"sharing-screen-reader-text\">Click to print (Opens in new window)<\/span><\/a><\/li><li class=\"share-email\"><a rel=\"nofollow noopener noreferrer\" data-shared=\"\" class=\"share-email sd-button share-icon no-text\" href=\"mailto:?subject=%5BShared%20Post%5D%20Global%3A%20Journ%C3%A9e%20internationale%20de%20comm%C3%A9moration%20des%20travailleurs%20morts%20ou%20bless%C3%A9s%20au%20travail%202026%C2%A0%3A%20prendre%20en%20compte%20les%20risques%20psychosociaux%20au%20travail&body=https%3A%2F%2F28april.org%2F%3Fp%3D7846&share=email\" target=\"_blank\" title=\"Click to email a link to a friend\" data-email-share-error-title=\"Do you have email set up?\" data-email-share-error-text=\"If you&#039;re having problems sharing via email, you might not have email set up for your browser. You may need to create a new email yourself.\" data-email-share-nonce=\"060221cada\" data-email-share-track-url=\"https:\/\/28april.org\/?p=7846&amp;share=email\"><span><\/span><span class=\"sharing-screen-reader-text\">Click to email a link to a friend (Opens in new window)<\/span><\/a><\/li><li class=\"share-pinterest\"><a rel=\"nofollow noopener noreferrer\" data-shared=\"sharing-pinterest-7846\" class=\"share-pinterest sd-button share-icon no-text\" href=\"https:\/\/28april.org\/?p=7846&amp;share=pinterest\" target=\"_blank\" title=\"Click to share on Pinterest\" ><span><\/span><span class=\"sharing-screen-reader-text\">Click to share on Pinterest (Opens in new window)<\/span><\/a><\/li><li class=\"share-telegram\"><a rel=\"nofollow noopener noreferrer\" data-shared=\"\" class=\"share-telegram sd-button share-icon no-text\" href=\"https:\/\/28april.org\/?p=7846&amp;share=telegram\" target=\"_blank\" title=\"Click to share on Telegram\" ><span><\/span><span class=\"sharing-screen-reader-text\">Click to share on Telegram (Opens in new window)<\/span><\/a><\/li><li class=\"share-end\"><\/li><\/ul><\/div><\/div><\/div>","protected":false},"author":1,"featured_media":0,"comment_status":"open","ping_status":"open","sticky":false,"template":"","format":"standard","meta":{"jetpack_post_was_ever_published":false},"categories":[2110,2111,4,81,3],"tags":[2112,692,313,1642],"jetpack_featured_media_url":"","jetpack_shortlink":"https:\/\/wp.me\/p7r6RV-22y","jetpack_sharing_enabled":true,"jetpack_likes_enabled":false,"_links":{"self":[{"href":"https:\/\/28april.org\/index.php?rest_route=\/wp\/v2\/posts\/7846"}],"collection":[{"href":"https:\/\/28april.org\/index.php?rest_route=\/wp\/v2\/posts"}],"about":[{"href":"https:\/\/28april.org\/index.php?rest_route=\/wp\/v2\/types\/post"}],"author":[{"embeddable":true,"href":"https:\/\/28april.org\/index.php?rest_route=\/wp\/v2\/users\/1"}],"replies":[{"embeddable":true,"href":"https:\/\/28april.org\/index.php?rest_route=%2Fwp%2Fv2%2Fcomments&post=7846"}],"version-history":[{"count":1,"href":"https:\/\/28april.org\/index.php?rest_route=\/wp\/v2\/posts\/7846\/revisions"}],"predecessor-version":[{"id":7847,"href":"https:\/\/28april.org\/index.php?rest_route=\/wp\/v2\/posts\/7846\/revisions\/7847"}],"wp:attachment":[{"href":"https:\/\/28april.org\/index.php?rest_route=%2Fwp%2Fv2%2Fmedia&parent=7846"}],"wp:term":[{"taxonomy":"category","embeddable":true,"href":"https:\/\/28april.org\/index.php?rest_route=%2Fwp%2Fv2%2Fcategories&post=7846"},{"taxonomy":"post_tag","embeddable":true,"href":"https:\/\/28april.org\/index.php?rest_route=%2Fwp%2Fv2%2Ftags&post=7846"}],"curies":[{"name":"wp","href":"https:\/\/api.w.org\/{rel}","templated":true}]}}