{"id":7829,"date":"2026-04-27T12:37:18","date_gmt":"2026-04-27T11:37:18","guid":{"rendered":"https:\/\/28april.org\/?p=7829"},"modified":"2026-04-27T13:04:30","modified_gmt":"2026-04-27T12:04:30","slug":"global-jornada-internacional-de-conmemoracion-de-los-trabajadores-fallecidos-y-lesionados-2026","status":"publish","type":"post","link":"https:\/\/28april.org\/?p=7829","title":{"rendered":"Global: Jornada Internacional de Conmemoraci\u00f3n de los Trabajadores Fallecidos y Lesionados 2026"},"content":{"rendered":"<p><b><span lang=\"ES\" data-olk-copy-source=\"MessageBody\">Jornada Internacional de Conmemoraci\u00f3n de los Trabajadores Fallecidos y Lesionados 2026: abordar los riesgos psicosociales en el trabajo<\/span><\/b><\/p>\n<p><span lang=\"ES\">Con motivo de la Jornada Internacional de Conmemoraci\u00f3n de los Trabajadores y Trabajadoras Fallecidos y Lesionados, el 28 de abril, la CSI hace un llamamiento a la acci\u00f3n urgente para abordar la crisis mundial de los riesgos psicosociales en el trabajo, la cual se ha convertido en una de las principales causas de muerte, enfermedad y sufrimiento entre los trabajadores y las trabajadoras de todo el mundo.<\/span><\/p>\n<p><span lang=\"ES\">Detr\u00e1s de la realidad cotidiana del trabajo, millones de personas trabajadoras se enfrentan a una presi\u00f3n continua: largas jornadas de trabajo, inseguridad laboral, objetivos imposibles de alcanzar y culturas empresariales t\u00f3xicas.<\/span><\/p>\n<p><span lang=\"ES\">No solamente son malos empleos, son empleos peligrosos. El estr\u00e9s, la ansiedad y el agotamiento ocupacional causan ahora m\u00e1s da\u00f1os a escala mundial que los riesgos laborales tradicionales, como los inducidos por productos qu\u00edmicos o el polvo.<\/span><\/p>\n<p><span lang=\"ES\">El\u00a0<\/span><a title=\"https:\/\/www.ituc-csi.org\/iwmd26\" href=\"https:\/\/www.ituc-csi.org\/iwmd26\" data-auth=\"NotApplicable\" data-linkindex=\"0\"><span lang=\"ES\">nuevo informe de la CSI<\/span><\/a><span lang=\"ES\">\u00a0muestra la magnitud de la crisis:<\/span><\/p>\n<ul type=\"disc\">\n<li><span lang=\"ES\">Solo las largas jornadas laborales son responsables de aproximadamente 745 000 muertes cada a\u00f1o.<\/span><\/li>\n<li><span lang=\"ES\">Se registran al menos 70 000 suicidios anuales relacionados con el trabajo.<\/span><\/li>\n<li><span lang=\"ES\">Se pierden 12 000 millones de d\u00edas de trabajo cada a\u00f1o debido a la depresi\u00f3n y la ansiedad.<\/span><\/li>\n<li><span lang=\"ES\">El agotamiento profesional afecta a aproximadamente uno de cada cinco trabajadores en todo el mundo.<\/span><\/li>\n<li><span lang=\"ES\">Los riesgos psicosociales est\u00e1n relacionados con m\u00e1s del 10% de los casos de enfermedades card\u00edacas, depresi\u00f3n y suicidios.<\/span><\/li>\n<\/ul>\n<p><span lang=\"ES\">Luc Triangle, secretario general de la CSI, afirm\u00f3 en este sentido: \u201cLos malos empleos pueden destrozar a cualquiera. Cuando la inseguridad laboral, las cargas de trabajo excesivas y la falta de control sobre el trabajo llevan a las personas trabajadoras m\u00e1s all\u00e1 de sus l\u00edmites, las consecuencias pueden ser fatales. No es algo inevitable: es el resultado de decisiones tomadas en las salas de juntas y por los gobiernos\u201d.<\/span><\/p>\n<p><span lang=\"ES\">En todo el mundo, los sindicatos demuestran que el cambio es posible. Los datos indican que una presencia sindical fuerte y democr\u00e1tica en el lugar de trabajo constituye la protecci\u00f3n m\u00e1s eficaz contra los riesgos psicosociales, mejorando as\u00ed la salud de las personas trabajadoras y los resultados econ\u00f3micos.<\/span><\/p>\n<p><b>La CSI reclama:<\/b><\/p>\n<ul type=\"disc\">\n<li><span lang=\"ES\">Leyes estrictas para prevenir los riesgos psicosociales en el trabajo.<\/span><\/li>\n<li><span lang=\"ES\">La plena implicaci\u00f3n de los sindicatos en la salud y la seguridad en el trabajo.<\/span><\/li>\n<li><span lang=\"ES\">Un trabajo decente, que incluya seguridad laboral, una remuneraci\u00f3n justa, niveles de dotaci\u00f3n de personal adecuados y cargas de trabajo asumibles.<\/span><\/li>\n<li><span lang=\"ES\">El reconocimiento de los trastornos de salud mental como enfermedades profesionales.<\/span><\/li>\n<\/ul>\n<p><span lang=\"ES\">Luc Triangle concluy\u00f3 a este respecto: \u201cLas soluciones a estos problemas comienzan por la democracia en el lugar de trabajo, con una voz para los trabajadores y trabajadoras a trav\u00e9s de sus sindicatos. Los empleadores pueden pasar por alto<br \/>\nla salud psicosocial de las personas trabajadoras y agotarlas, perder valiosas competencias y sufrir las consecuencias econ\u00f3micas, o bien pueden colaborar con los sindicatos para garantizar que se valore a las personas trabajadoras. Si los empleadores tienen dificultades para reconocer cu\u00e1l es la opci\u00f3n correcta, los sindicatos est\u00e1n preparados y dispuestos para record\u00e1rselo. La\u00a0<\/span><a title=\"https:\/\/www.ituc-csi.org\/fordemocracy?lang=es\" href=\"https:\/\/www.ituc-csi.org\/fordemocracy?lang=es\" data-auth=\"NotApplicable\" data-linkindex=\"1\"><span lang=\"ES\">lucha por la democracia<\/span><\/a><span lang=\"ES\">\u00a0en el lugar de trabajo es la lucha por el bienestar de todos los trabajadores y trabajadoras\u201d.<\/span><\/p>\n<p><span lang=\"ES\">Este 28 de abril, conmemoramos a los fallecidos y luchamos por los vivos. El trabajo no deber\u00eda costar vidas. Debe proteger las vidas, la dignidad y la salud mental.<\/span><\/p>\n<p><a title=\"https:\/\/www.ituc-csi.org\/Jornada-Internacional-de-Conmemoracion-de-los-Trabajadores-Fallecidos-y-Lesionados-2026\" href=\"https:\/\/www.ituc-csi.org\/Jornada-Internacional-de-Conmemoracion-de-los-Trabajadores-Fallecidos-y-Lesionados-2026\" data-auth=\"NotApplicable\" data-linkindex=\"2\"><span lang=\"ES\">https:\/\/www.ituc-csi.org\/Jornada-Internacional-de-Conmemoracion-de-los-Trabajadores-Fallecidos-y-Lesionados-2026<\/span><\/a><\/p>\n<div class=\"sharedaddy sd-sharing-enabled\"><div class=\"robots-nocontent sd-block sd-social sd-social-icon sd-sharing\"><h3 class=\"sd-title\">Share this post<\/h3><div class=\"sd-content\"><ul><li class=\"share-facebook\"><a rel=\"nofollow noopener noreferrer\" data-shared=\"sharing-facebook-7829\" class=\"share-facebook sd-button share-icon no-text\" href=\"https:\/\/28april.org\/?p=7829&amp;share=facebook\" target=\"_blank\" title=\"Click to share on Facebook\" ><span><\/span><span class=\"sharing-screen-reader-text\">Click to share on Facebook (Opens in new window)<\/span><\/a><\/li><li class=\"share-linkedin\"><a rel=\"nofollow noopener noreferrer\" data-shared=\"sharing-linkedin-7829\" class=\"share-linkedin sd-button share-icon no-text\" href=\"https:\/\/28april.org\/?p=7829&amp;share=linkedin\" target=\"_blank\" title=\"Click to share on LinkedIn\" ><span><\/span><span class=\"sharing-screen-reader-text\">Click to share on LinkedIn (Opens in new window)<\/span><\/a><\/li><li class=\"share-twitter\"><a rel=\"nofollow noopener noreferrer\" data-shared=\"sharing-twitter-7829\" class=\"share-twitter sd-button share-icon no-text\" href=\"https:\/\/28april.org\/?p=7829&amp;share=twitter\" target=\"_blank\" title=\"Click to share on Twitter\" ><span><\/span><span class=\"sharing-screen-reader-text\">Click to share on Twitter (Opens in new window)<\/span><\/a><\/li><li class=\"share-pocket\"><a rel=\"nofollow noopener noreferrer\" data-shared=\"\" class=\"share-pocket sd-button share-icon no-text\" href=\"https:\/\/28april.org\/?p=7829&amp;share=pocket\" target=\"_blank\" title=\"Click to share on Pocket\" ><span><\/span><span class=\"sharing-screen-reader-text\">Click to share on Pocket (Opens in new window)<\/span><\/a><\/li><li class=\"share-jetpack-whatsapp\"><a rel=\"nofollow noopener noreferrer\" data-shared=\"\" class=\"share-jetpack-whatsapp sd-button share-icon no-text\" href=\"https:\/\/28april.org\/?p=7829&amp;share=jetpack-whatsapp\" target=\"_blank\" title=\"Click to share on WhatsApp\" ><span><\/span><span class=\"sharing-screen-reader-text\">Click to share on WhatsApp (Opens in new window)<\/span><\/a><\/li><li class=\"share-print\"><a rel=\"nofollow noopener noreferrer\" data-shared=\"\" class=\"share-print sd-button share-icon no-text\" href=\"https:\/\/28april.org\/?p=7829\" target=\"_blank\" title=\"Click to print\" ><span><\/span><span class=\"sharing-screen-reader-text\">Click to print (Opens in new window)<\/span><\/a><\/li><li class=\"share-email\"><a rel=\"nofollow noopener noreferrer\" data-shared=\"\" class=\"share-email sd-button share-icon no-text\" href=\"mailto:?subject=%5BShared%20Post%5D%20Global%3A%20Jornada%20Internacional%20de%20Conmemoraci%C3%B3n%20de%20los%20Trabajadores%20Fallecidos%20y%20Lesionados%202026&body=https%3A%2F%2F28april.org%2F%3Fp%3D7829&share=email\" target=\"_blank\" title=\"Click to email a link to a friend\" data-email-share-error-title=\"Do you have email set up?\" data-email-share-error-text=\"If you&#039;re having problems sharing via email, you might not have email set up for your browser. You may need to create a new email yourself.\" data-email-share-nonce=\"84cc817b4d\" data-email-share-track-url=\"https:\/\/28april.org\/?p=7829&amp;share=email\"><span><\/span><span class=\"sharing-screen-reader-text\">Click to email a link to a friend (Opens in new window)<\/span><\/a><\/li><li class=\"share-pinterest\"><a rel=\"nofollow noopener noreferrer\" data-shared=\"sharing-pinterest-7829\" class=\"share-pinterest sd-button share-icon no-text\" href=\"https:\/\/28april.org\/?p=7829&amp;share=pinterest\" target=\"_blank\" title=\"Click to share on Pinterest\" ><span><\/span><span class=\"sharing-screen-reader-text\">Click to share on Pinterest (Opens in new window)<\/span><\/a><\/li><li class=\"share-telegram\"><a rel=\"nofollow noopener noreferrer\" data-shared=\"\" class=\"share-telegram sd-button share-icon no-text\" href=\"https:\/\/28april.org\/?p=7829&amp;share=telegram\" target=\"_blank\" title=\"Click to share on Telegram\" ><span><\/span><span class=\"sharing-screen-reader-text\">Click to share on Telegram (Opens in new window)<\/span><\/a><\/li><li class=\"share-end\"><\/li><\/ul><\/div><\/div><\/div>","protected":false},"excerpt":{"rendered":"<p>Jornada Internacional de Conmemoraci\u00f3n de los Trabajadores Fallecidos y Lesionados 2026: abordar los riesgos psicosociales en el trabajo Con motivo de la Jornada Internacional de Conmemoraci\u00f3n de los Trabajadores y Trabajadoras Fallecidos y Lesionados, el 28 de abril, la CSI hace un llamamiento a la acci\u00f3n urgente para abordar la crisis mundial de los riesgos &hellip; <a href=\"https:\/\/28april.org\/?p=7829\" class=\"more-link\">Continue reading <span class=\"screen-reader-text\">Global: Jornada Internacional de Conmemoraci\u00f3n de los Trabajadores Fallecidos y Lesionados 2026<\/span> <span class=\"meta-nav\">&rarr;<\/span><\/a><\/p>\n<div class=\"sharedaddy sd-sharing-enabled\"><div class=\"robots-nocontent sd-block sd-social sd-social-icon sd-sharing\"><h3 class=\"sd-title\">Share this post<\/h3><div class=\"sd-content\"><ul><li class=\"share-facebook\"><a rel=\"nofollow noopener noreferrer\" data-shared=\"sharing-facebook-7829\" class=\"share-facebook sd-button share-icon no-text\" href=\"https:\/\/28april.org\/?p=7829&amp;share=facebook\" target=\"_blank\" title=\"Click to share on Facebook\" ><span><\/span><span class=\"sharing-screen-reader-text\">Click to share on Facebook (Opens in new window)<\/span><\/a><\/li><li class=\"share-linkedin\"><a rel=\"nofollow noopener noreferrer\" data-shared=\"sharing-linkedin-7829\" class=\"share-linkedin sd-button share-icon no-text\" href=\"https:\/\/28april.org\/?p=7829&amp;share=linkedin\" target=\"_blank\" title=\"Click to share on LinkedIn\" ><span><\/span><span class=\"sharing-screen-reader-text\">Click to share on LinkedIn (Opens in new window)<\/span><\/a><\/li><li class=\"share-twitter\"><a rel=\"nofollow noopener noreferrer\" data-shared=\"sharing-twitter-7829\" class=\"share-twitter sd-button share-icon no-text\" href=\"https:\/\/28april.org\/?p=7829&amp;share=twitter\" target=\"_blank\" title=\"Click to share on Twitter\" ><span><\/span><span class=\"sharing-screen-reader-text\">Click to share on Twitter (Opens in new window)<\/span><\/a><\/li><li class=\"share-pocket\"><a rel=\"nofollow noopener noreferrer\" data-shared=\"\" class=\"share-pocket sd-button share-icon no-text\" href=\"https:\/\/28april.org\/?p=7829&amp;share=pocket\" target=\"_blank\" title=\"Click to share on Pocket\" ><span><\/span><span class=\"sharing-screen-reader-text\">Click to share on Pocket (Opens in new window)<\/span><\/a><\/li><li class=\"share-jetpack-whatsapp\"><a rel=\"nofollow noopener noreferrer\" data-shared=\"\" class=\"share-jetpack-whatsapp sd-button share-icon no-text\" href=\"https:\/\/28april.org\/?p=7829&amp;share=jetpack-whatsapp\" target=\"_blank\" title=\"Click to share on WhatsApp\" ><span><\/span><span class=\"sharing-screen-reader-text\">Click to share on WhatsApp (Opens in new window)<\/span><\/a><\/li><li class=\"share-print\"><a rel=\"nofollow noopener noreferrer\" data-shared=\"\" class=\"share-print sd-button share-icon no-text\" href=\"https:\/\/28april.org\/?p=7829\" target=\"_blank\" title=\"Click to print\" ><span><\/span><span class=\"sharing-screen-reader-text\">Click to print (Opens in new window)<\/span><\/a><\/li><li class=\"share-email\"><a rel=\"nofollow noopener noreferrer\" data-shared=\"\" class=\"share-email sd-button share-icon no-text\" href=\"mailto:?subject=%5BShared%20Post%5D%20Global%3A%20Jornada%20Internacional%20de%20Conmemoraci%C3%B3n%20de%20los%20Trabajadores%20Fallecidos%20y%20Lesionados%202026&body=https%3A%2F%2F28april.org%2F%3Fp%3D7829&share=email\" target=\"_blank\" title=\"Click to email a link to a friend\" data-email-share-error-title=\"Do you have email set up?\" data-email-share-error-text=\"If you&#039;re having problems sharing via email, you might not have email set up for your browser. You may need to create a new email yourself.\" data-email-share-nonce=\"84cc817b4d\" data-email-share-track-url=\"https:\/\/28april.org\/?p=7829&amp;share=email\"><span><\/span><span class=\"sharing-screen-reader-text\">Click to email a link to a friend (Opens in new window)<\/span><\/a><\/li><li class=\"share-pinterest\"><a rel=\"nofollow noopener noreferrer\" data-shared=\"sharing-pinterest-7829\" class=\"share-pinterest sd-button share-icon no-text\" href=\"https:\/\/28april.org\/?p=7829&amp;share=pinterest\" target=\"_blank\" title=\"Click to share on Pinterest\" ><span><\/span><span class=\"sharing-screen-reader-text\">Click to share on Pinterest (Opens in new window)<\/span><\/a><\/li><li class=\"share-telegram\"><a rel=\"nofollow noopener noreferrer\" data-shared=\"\" class=\"share-telegram sd-button share-icon no-text\" href=\"https:\/\/28april.org\/?p=7829&amp;share=telegram\" target=\"_blank\" title=\"Click to share on Telegram\" ><span><\/span><span class=\"sharing-screen-reader-text\">Click to share on Telegram (Opens in new window)<\/span><\/a><\/li><li class=\"share-end\"><\/li><\/ul><\/div><\/div><\/div>","protected":false},"author":1,"featured_media":0,"comment_status":"open","ping_status":"open","sticky":false,"template":"","format":"standard","meta":{"jetpack_post_was_ever_published":false},"categories":[2110,2111,4,81,3,7],"tags":[2112,692,36,10,2113],"jetpack_featured_media_url":"","jetpack_shortlink":"https:\/\/wp.me\/p7r6RV-22h","jetpack_sharing_enabled":true,"jetpack_likes_enabled":false,"_links":{"self":[{"href":"https:\/\/28april.org\/index.php?rest_route=\/wp\/v2\/posts\/7829"}],"collection":[{"href":"https:\/\/28april.org\/index.php?rest_route=\/wp\/v2\/posts"}],"about":[{"href":"https:\/\/28april.org\/index.php?rest_route=\/wp\/v2\/types\/post"}],"author":[{"embeddable":true,"href":"https:\/\/28april.org\/index.php?rest_route=\/wp\/v2\/users\/1"}],"replies":[{"embeddable":true,"href":"https:\/\/28april.org\/index.php?rest_route=%2Fwp%2Fv2%2Fcomments&post=7829"}],"version-history":[{"count":1,"href":"https:\/\/28april.org\/index.php?rest_route=\/wp\/v2\/posts\/7829\/revisions"}],"predecessor-version":[{"id":7830,"href":"https:\/\/28april.org\/index.php?rest_route=\/wp\/v2\/posts\/7829\/revisions\/7830"}],"wp:attachment":[{"href":"https:\/\/28april.org\/index.php?rest_route=%2Fwp%2Fv2%2Fmedia&parent=7829"}],"wp:term":[{"taxonomy":"category","embeddable":true,"href":"https:\/\/28april.org\/index.php?rest_route=%2Fwp%2Fv2%2Fcategories&post=7829"},{"taxonomy":"post_tag","embeddable":true,"href":"https:\/\/28april.org\/index.php?rest_route=%2Fwp%2Fv2%2Ftags&post=7829"}],"curies":[{"name":"wp","href":"https:\/\/api.w.org\/{rel}","templated":true}]}}