{"id":7506,"date":"2025-04-28T15:50:07","date_gmt":"2025-04-28T14:50:07","guid":{"rendered":"https:\/\/28april.org\/?p=7506"},"modified":"2025-04-28T15:50:07","modified_gmt":"2025-04-28T14:50:07","slug":"italy-safe-day-giornata-mondiale-sicurezza-lavoro-sindacati-edili-depongono-corona-allinail-filca-cisl","status":"publish","type":"post","link":"https:\/\/28april.org\/?p=7506","title":{"rendered":"Italy: Safe Day \u2013 Giornata mondiale sicurezza lavoro: sindacati edili depongono corona all\u2019Inail &#8211; FILCA CISL"},"content":{"rendered":"<p><img src=\"https:\/\/i0.wp.com\/www.filcacisl.it\/sindacato\/wp-content\/uploads\/2025\/04\/WhatsApp-Image-2025-04-28-at-12.24.37.jpeg?fit=488%2C488&amp;ssl=1\" \/><\/p>\n<div class=\"elementor-column elementor-col-66 elementor-top-column elementor-element elementor-element-0723e6c\" data-id=\"0723e6c\" data-element_type=\"column\">\n<div class=\"elementor-widget-wrap elementor-element-populated\">\n<div class=\"elementor-element elementor-element-deb0f56 elementor-widget elementor-widget-theme-post-content\" data-id=\"deb0f56\" data-element_type=\"widget\" data-widget_type=\"theme-post-content.default\">\n<div class=\"elementor-widget-container\">\n<p>In occasione della giornata mondiale per la salute e sicurezza sul lavoro, i rappresentanti di Feneal, Filca, Fillea, le categorie che tutelano il settore delle costruzioni di Cgil, Cisl e Uil, si sono recati presso la sede dell\u2019Inail a Piazzale Pastore, per deporre una corona di fiori davanti al monumento in memoria degli operai che persero la vita durante lo scavo del traforo di San Gottardo. Prima della deposizione i rappresentanti hanno avuto un incontro con il direttore generale Marcello Fiori, un momento di confronto per analizzare e valutare le misure per la prevenzione degli infortuni e le malattie professionali e anche riguardanti i nuovi rischi connessi alla rivoluzione digitale e alla riorganizzazione del mondo del lavoro.<br \/>\n\u201cQuello di oggi \u00e8 un appuntamento di grande importanza \u2013 sottolinea Marcello Fiori \u2013 che rende omaggio alle vittime sul lavoro e testimonia la imprescindibile necessit\u00e0 di un impegno comune tra le parti sociali e le Istituzioni nell\u2019azione di contrasto alla tragedia degli infortuni sul lavoro e delle malattie professionali. Restano fortissime le parole pronunciate da Papa Francesco in occasione dell\u2019udienza dedicata all\u2019Inail: senza tutele e sicurezza per i lavoratori prevale nella societ\u00e0, la cultura dello \u201cscarto\u201d. Rimettere al centro la persona significa \u201cvedere, avere compassione, farsi vicini, fasciare le ferite, farsi carico\u201d e considerare tutti gli infortunati, persone e non numeri. Missione fondamentale dell\u2019Istituto deve essere quella della prevenzione che richiede un accordo, un impegno corale e il pieno coinvolgimento di tutte le Istituzioni e le parti sociali, come il Presidente della Repubblica ci esorta energicamente a realizzare, per mettere in campo tutti gli strumenti necessari: norme tecniche aggiornate e puntuali, informazione e formazione dei lavoratori e dei responsabili per la sicurezza, incentivi e finanziamenti al sistema delle imprese per innovazione tecnologica e sistemi di gestione per la salute e la sicurezza, un efficace e diffuso sistema di controlli\u201d.<br \/>\n\u201cI numeri \u2013 dichiarano i segretari di FenealUil, Filca Cisl e Fillea Cgil\u2013 continuano ad essere preoccupanti, con 1.090 vittime nel 2024, 49 in pi\u00f9 rispetto al 2023, di cui 156 nelle costruzioni, che si riconferma tra i settori pi\u00f9 a rischio. Gli infortuni in pi\u00f9 rispetto all\u2019anno precedente sono stati 4.215, e 15.745 le denunce di malattie professionali. Anche oggi c\u2019\u00e8 stato un incidente mortale sul lavoro nella cava di marmo di Miseglia costato la vita ad un uomo di 59 anni.<br \/>\nIn questa giornata cos\u00ec importante le nostre categorie, che combattono ogni giorno per contrastare le irregolarit\u00e0, tutelare i lavoratori e cambiare la cultura sulla sicurezza sul lavoro, avviano una fase collaborativa con Inail, attraverso un tavolo permanente sulla prevenzione in materia di salute e sicurezza che ci auguriamo porter\u00e0 alla sottoscrizione di un protocollo operativo, in grado di generare effetti concreti quanto prima\u201d.<\/p>\n<div class=\"tiled-gallery type-rectangular\" data-original-width=\"800\" data-carousel-extra=\"{&quot;blog_id&quot;:1,&quot;permalink&quot;:&quot;https:\\\/\\\/www.filcacisl.it\\\/sindacato\\\/safe-day-giornata-mondiale-sicurezza-lavoro-sindacati-edili-depongono-corona-allinail\\\/&quot;,&quot;likes_blog_id&quot;:39021359}\">\n<div class=\"gallery-row\" data-original-width=\"800\" data-original-height=\"355\">\n<div class=\"gallery-group images-1\" data-original-width=\"507\" data-original-height=\"355\">\n<div class=\"tiled-gallery-item tiled-gallery-item-large\" tabindex=\"0\" role=\"button\" aria-label=\"Apri immagine a schermo intero.\"><a href=\"https:\/\/www.filcacisl.it\/sindacato\/safe-day-giornata-mondiale-sicurezza-lavoro-sindacati-edili-depongono-corona-allinail\/dscf2095\/\"><img loading=\"lazy\" class=\"\" title=\"DSCF2095\" src=\"https:\/\/i0.wp.com\/www.filcacisl.it\/sindacato\/wp-content\/uploads\/2025\/04\/DSCF2095-scaled.jpg?w=503&amp;h=351&amp;ssl=1\" srcset=\"https:\/\/i0.wp.com\/www.filcacisl.it\/sindacato\/wp-content\/uploads\/2025\/04\/DSCF2095-scaled.jpg?w=1200&amp;ssl=1 1200w, https:\/\/i0.wp.com\/www.filcacisl.it\/sindacato\/wp-content\/uploads\/2025\/04\/DSCF2095-scaled.jpg?resize=300%2C209&amp;ssl=1 300w, https:\/\/i0.wp.com\/www.filcacisl.it\/sindacato\/wp-content\/uploads\/2025\/04\/DSCF2095-scaled.jpg?resize=1024%2C714&amp;ssl=1 1024w, https:\/\/i0.wp.com\/www.filcacisl.it\/sindacato\/wp-content\/uploads\/2025\/04\/DSCF2095-scaled.jpg?resize=768%2C536&amp;ssl=1 768w, https:\/\/i0.wp.com\/www.filcacisl.it\/sindacato\/wp-content\/uploads\/2025\/04\/DSCF2095-scaled.jpg?resize=1536%2C1071&amp;ssl=1 1536w, https:\/\/i0.wp.com\/www.filcacisl.it\/sindacato\/wp-content\/uploads\/2025\/04\/DSCF2095-scaled.jpg?resize=2048%2C1428&amp;ssl=1 2048w\" alt=\"DSCF2095\" width=\"503\" height=\"351\" data-attachment-id=\"56994\" data-orig-file=\"https:\/\/www.filcacisl.it\/sindacato\/wp-content\/uploads\/2025\/04\/DSCF2095-scaled.jpg\" data-orig-size=\"1200,837\" data-comments-opened=\"1\" data-image-meta=\"{&quot;aperture&quot;:&quot;5.6&quot;,&quot;credit&quot;:&quot;&quot;,&quot;camera&quot;:&quot;X-T10&quot;,&quot;caption&quot;:&quot;&quot;,&quot;created_timestamp&quot;:&quot;1745838759&quot;,&quot;copyright&quot;:&quot;&quot;,&quot;focal_length&quot;:&quot;18&quot;,&quot;iso&quot;:&quot;400&quot;,&quot;shutter_speed&quot;:&quot;0.00625&quot;,&quot;title&quot;:&quot;&quot;,&quot;orientation&quot;:&quot;0&quot;}\" data-image-title=\"DSCF2095\" data-image-description=\"\" data-medium-file=\"https:\/\/i0.wp.com\/www.filcacisl.it\/sindacato\/wp-content\/uploads\/2025\/04\/DSCF2095-scaled.jpg?fit=300%2C209&amp;ssl=1\" data-large-file=\"https:\/\/i0.wp.com\/www.filcacisl.it\/sindacato\/wp-content\/uploads\/2025\/04\/DSCF2095-scaled.jpg?fit=800%2C558&amp;ssl=1\" data-original-width=\"503\" data-original-height=\"351\" \/><\/a><\/div>\n<\/div>\n<div class=\"gallery-group images-2\" data-original-width=\"293\" data-original-height=\"355\">\n<div class=\"tiled-gallery-item tiled-gallery-item-large\" tabindex=\"0\" role=\"button\" aria-label=\"Apri immagine a schermo intero.\"><a href=\"https:\/\/www.filcacisl.it\/sindacato\/safe-day-giornata-mondiale-sicurezza-lavoro-sindacati-edili-depongono-corona-allinail\/dscf2101\/\"><img loading=\"lazy\" class=\"\" title=\"DSCF2101\" src=\"https:\/\/i0.wp.com\/www.filcacisl.it\/sindacato\/wp-content\/uploads\/2025\/04\/DSCF2101-scaled.jpg?w=289&amp;h=184&amp;ssl=1\" srcset=\"https:\/\/i0.wp.com\/www.filcacisl.it\/sindacato\/wp-content\/uploads\/2025\/04\/DSCF2101-scaled.jpg?w=1200&amp;ssl=1 1200w, https:\/\/i0.wp.com\/www.filcacisl.it\/sindacato\/wp-content\/uploads\/2025\/04\/DSCF2101-scaled.jpg?resize=300%2C191&amp;ssl=1 300w, https:\/\/i0.wp.com\/www.filcacisl.it\/sindacato\/wp-content\/uploads\/2025\/04\/DSCF2101-scaled.jpg?resize=1024%2C653&amp;ssl=1 1024w, https:\/\/i0.wp.com\/www.filcacisl.it\/sindacato\/wp-content\/uploads\/2025\/04\/DSCF2101-scaled.jpg?resize=768%2C490&amp;ssl=1 768w, https:\/\/i0.wp.com\/www.filcacisl.it\/sindacato\/wp-content\/uploads\/2025\/04\/DSCF2101-scaled.jpg?resize=1536%2C979&amp;ssl=1 1536w, https:\/\/i0.wp.com\/www.filcacisl.it\/sindacato\/wp-content\/uploads\/2025\/04\/DSCF2101-scaled.jpg?resize=2048%2C1306&amp;ssl=1 2048w\" alt=\"DSCF2101\" width=\"289\" height=\"184\" data-attachment-id=\"56995\" data-orig-file=\"https:\/\/www.filcacisl.it\/sindacato\/wp-content\/uploads\/2025\/04\/DSCF2101-scaled.jpg\" data-orig-size=\"1200,765\" data-comments-opened=\"1\" data-image-meta=\"{&quot;aperture&quot;:&quot;5.6&quot;,&quot;credit&quot;:&quot;&quot;,&quot;camera&quot;:&quot;X-T10&quot;,&quot;caption&quot;:&quot;&quot;,&quot;created_timestamp&quot;:&quot;1745838803&quot;,&quot;copyright&quot;:&quot;&quot;,&quot;focal_length&quot;:&quot;18&quot;,&quot;iso&quot;:&quot;400&quot;,&quot;shutter_speed&quot;:&quot;0.0041666666666667&quot;,&quot;title&quot;:&quot;&quot;,&quot;orientation&quot;:&quot;0&quot;}\" data-image-title=\"DSCF2101\" data-image-description=\"\" data-medium-file=\"https:\/\/i0.wp.com\/www.filcacisl.it\/sindacato\/wp-content\/uploads\/2025\/04\/DSCF2101-scaled.jpg?fit=300%2C191&amp;ssl=1\" data-large-file=\"https:\/\/i0.wp.com\/www.filcacisl.it\/sindacato\/wp-content\/uploads\/2025\/04\/DSCF2101-scaled.jpg?fit=800%2C510&amp;ssl=1\" data-original-width=\"289\" data-original-height=\"184\" \/><\/a><\/div>\n<div class=\"tiled-gallery-item tiled-gallery-item-large\" tabindex=\"0\" role=\"button\" aria-label=\"Apri immagine a schermo intero.\"><a href=\"https:\/\/www.filcacisl.it\/sindacato\/safe-day-giornata-mondiale-sicurezza-lavoro-sindacati-edili-depongono-corona-allinail\/dscf2104\/\"><img loading=\"lazy\" class=\"\" title=\"DSCF2104\" src=\"https:\/\/i0.wp.com\/www.filcacisl.it\/sindacato\/wp-content\/uploads\/2025\/04\/DSCF2104-scaled.jpg?w=289&amp;h=163&amp;ssl=1\" srcset=\"https:\/\/i0.wp.com\/www.filcacisl.it\/sindacato\/wp-content\/uploads\/2025\/04\/DSCF2104-scaled.jpg?w=1200&amp;ssl=1 1200w, https:\/\/i0.wp.com\/www.filcacisl.it\/sindacato\/wp-content\/uploads\/2025\/04\/DSCF2104-scaled.jpg?resize=300%2C170&amp;ssl=1 300w, https:\/\/i0.wp.com\/www.filcacisl.it\/sindacato\/wp-content\/uploads\/2025\/04\/DSCF2104-scaled.jpg?resize=1024%2C579&amp;ssl=1 1024w, https:\/\/i0.wp.com\/www.filcacisl.it\/sindacato\/wp-content\/uploads\/2025\/04\/DSCF2104-scaled.jpg?resize=768%2C434&amp;ssl=1 768w, https:\/\/i0.wp.com\/www.filcacisl.it\/sindacato\/wp-content\/uploads\/2025\/04\/DSCF2104-scaled.jpg?resize=1536%2C868&amp;ssl=1 1536w, https:\/\/i0.wp.com\/www.filcacisl.it\/sindacato\/wp-content\/uploads\/2025\/04\/DSCF2104-scaled.jpg?resize=2048%2C1158&amp;ssl=1 2048w\" alt=\"DSCF2104\" width=\"289\" height=\"163\" data-attachment-id=\"56996\" data-orig-file=\"https:\/\/www.filcacisl.it\/sindacato\/wp-content\/uploads\/2025\/04\/DSCF2104-scaled.jpg\" data-orig-size=\"1200,678\" data-comments-opened=\"1\" data-image-meta=\"{&quot;aperture&quot;:&quot;5&quot;,&quot;credit&quot;:&quot;&quot;,&quot;camera&quot;:&quot;X-T10&quot;,&quot;caption&quot;:&quot;&quot;,&quot;created_timestamp&quot;:&quot;1745838809&quot;,&quot;copyright&quot;:&quot;&quot;,&quot;focal_length&quot;:&quot;18&quot;,&quot;iso&quot;:&quot;400&quot;,&quot;shutter_speed&quot;:&quot;0.0071428571428571&quot;,&quot;title&quot;:&quot;&quot;,&quot;orientation&quot;:&quot;0&quot;}\" data-image-title=\"DSCF2104\" data-image-description=\"\" data-medium-file=\"https:\/\/i0.wp.com\/www.filcacisl.it\/sindacato\/wp-content\/uploads\/2025\/04\/DSCF2104-scaled.jpg?fit=300%2C170&amp;ssl=1\" data-large-file=\"https:\/\/i0.wp.com\/www.filcacisl.it\/sindacato\/wp-content\/uploads\/2025\/04\/DSCF2104-scaled.jpg?fit=800%2C452&amp;ssl=1\" data-original-width=\"289\" data-original-height=\"163\" \/><\/a><\/div>\n<\/div>\n<\/div>\n<div class=\"gallery-row\" data-original-width=\"800\" data-original-height=\"249\">\n<div class=\"gallery-group images-1\" data-original-width=\"385\" data-original-height=\"249\">\n<div class=\"tiled-gallery-item tiled-gallery-item-large\" tabindex=\"0\" role=\"button\" aria-label=\"Apri immagine a schermo intero.\"><a href=\"https:\/\/www.filcacisl.it\/sindacato\/safe-day-giornata-mondiale-sicurezza-lavoro-sindacati-edili-depongono-corona-allinail\/dscf2106\/\"><img loading=\"lazy\" class=\"\" title=\"DSCF2106\" src=\"https:\/\/i0.wp.com\/www.filcacisl.it\/sindacato\/wp-content\/uploads\/2025\/04\/DSCF2106-scaled.jpg?w=381&amp;h=245&amp;ssl=1\" srcset=\"https:\/\/i0.wp.com\/www.filcacisl.it\/sindacato\/wp-content\/uploads\/2025\/04\/DSCF2106-scaled.jpg?w=1200&amp;ssl=1 1200w, https:\/\/i0.wp.com\/www.filcacisl.it\/sindacato\/wp-content\/uploads\/2025\/04\/DSCF2106-scaled.jpg?resize=300%2C193&amp;ssl=1 300w, https:\/\/i0.wp.com\/www.filcacisl.it\/sindacato\/wp-content\/uploads\/2025\/04\/DSCF2106-scaled.jpg?resize=1024%2C658&amp;ssl=1 1024w, https:\/\/i0.wp.com\/www.filcacisl.it\/sindacato\/wp-content\/uploads\/2025\/04\/DSCF2106-scaled.jpg?resize=768%2C493&amp;ssl=1 768w, https:\/\/i0.wp.com\/www.filcacisl.it\/sindacato\/wp-content\/uploads\/2025\/04\/DSCF2106-scaled.jpg?resize=1536%2C986&amp;ssl=1 1536w, https:\/\/i0.wp.com\/www.filcacisl.it\/sindacato\/wp-content\/uploads\/2025\/04\/DSCF2106-scaled.jpg?resize=2048%2C1315&amp;ssl=1 2048w\" alt=\"DSCF2106\" width=\"381\" height=\"245\" data-attachment-id=\"56997\" data-orig-file=\"https:\/\/www.filcacisl.it\/sindacato\/wp-content\/uploads\/2025\/04\/DSCF2106-scaled.jpg\" data-orig-size=\"1200,771\" data-comments-opened=\"1\" data-image-meta=\"{&quot;aperture&quot;:&quot;4&quot;,&quot;credit&quot;:&quot;&quot;,&quot;camera&quot;:&quot;X-T10&quot;,&quot;caption&quot;:&quot;&quot;,&quot;created_timestamp&quot;:&quot;1745838814&quot;,&quot;copyright&quot;:&quot;&quot;,&quot;focal_length&quot;:&quot;18&quot;,&quot;iso&quot;:&quot;200&quot;,&quot;shutter_speed&quot;:&quot;0.0066666666666667&quot;,&quot;title&quot;:&quot;&quot;,&quot;orientation&quot;:&quot;0&quot;}\" data-image-title=\"DSCF2106\" data-image-description=\"\" data-medium-file=\"https:\/\/i0.wp.com\/www.filcacisl.it\/sindacato\/wp-content\/uploads\/2025\/04\/DSCF2106-scaled.jpg?fit=300%2C193&amp;ssl=1\" data-large-file=\"https:\/\/i0.wp.com\/www.filcacisl.it\/sindacato\/wp-content\/uploads\/2025\/04\/DSCF2106-scaled.jpg?fit=800%2C514&amp;ssl=1\" data-original-width=\"381\" data-original-height=\"245\" \/><\/a><\/div>\n<\/div>\n<div class=\"gallery-group images-1\" data-original-width=\"415\" data-original-height=\"249\">\n<div class=\"tiled-gallery-item tiled-gallery-item-large\" tabindex=\"0\" role=\"button\" aria-label=\"Apri immagine a schermo intero.\"><a href=\"https:\/\/www.filcacisl.it\/sindacato\/safe-day-giornata-mondiale-sicurezza-lavoro-sindacati-edili-depongono-corona-allinail\/dscf2156\/\"><img loading=\"lazy\" class=\"\" title=\"DSCF2156\" src=\"https:\/\/i0.wp.com\/www.filcacisl.it\/sindacato\/wp-content\/uploads\/2025\/04\/DSCF2156-scaled.jpg?w=411&amp;h=245&amp;ssl=1\" srcset=\"https:\/\/i0.wp.com\/www.filcacisl.it\/sindacato\/wp-content\/uploads\/2025\/04\/DSCF2156-scaled.jpg?w=1200&amp;ssl=1 1200w, https:\/\/i0.wp.com\/www.filcacisl.it\/sindacato\/wp-content\/uploads\/2025\/04\/DSCF2156-scaled.jpg?resize=300%2C178&amp;ssl=1 300w, https:\/\/i0.wp.com\/www.filcacisl.it\/sindacato\/wp-content\/uploads\/2025\/04\/DSCF2156-scaled.jpg?resize=1024%2C609&amp;ssl=1 1024w, https:\/\/i0.wp.com\/www.filcacisl.it\/sindacato\/wp-content\/uploads\/2025\/04\/DSCF2156-scaled.jpg?resize=768%2C457&amp;ssl=1 768w, https:\/\/i0.wp.com\/www.filcacisl.it\/sindacato\/wp-content\/uploads\/2025\/04\/DSCF2156-scaled.jpg?resize=1536%2C914&amp;ssl=1 1536w, https:\/\/i0.wp.com\/www.filcacisl.it\/sindacato\/wp-content\/uploads\/2025\/04\/DSCF2156-scaled.jpg?resize=2048%2C1218&amp;ssl=1 2048w\" alt=\"DSCF2156\" width=\"411\" height=\"245\" data-attachment-id=\"56998\" data-orig-file=\"https:\/\/www.filcacisl.it\/sindacato\/wp-content\/uploads\/2025\/04\/DSCF2156-scaled.jpg\" data-orig-size=\"1200,714\" data-comments-opened=\"1\" data-image-meta=\"{&quot;aperture&quot;:&quot;5.6&quot;,&quot;credit&quot;:&quot;&quot;,&quot;camera&quot;:&quot;X-T10&quot;,&quot;caption&quot;:&quot;&quot;,&quot;created_timestamp&quot;:&quot;1745839205&quot;,&quot;copyright&quot;:&quot;&quot;,&quot;focal_length&quot;:&quot;18&quot;,&quot;iso&quot;:&quot;400&quot;,&quot;shutter_speed&quot;:&quot;0.008&quot;,&quot;title&quot;:&quot;&quot;,&quot;orientation&quot;:&quot;0&quot;}\" data-image-title=\"DSCF2156\" data-image-description=\"\" data-medium-file=\"https:\/\/i0.wp.com\/www.filcacisl.it\/sindacato\/wp-content\/uploads\/2025\/04\/DSCF2156-scaled.jpg?fit=300%2C178&amp;ssl=1\" data-large-file=\"https:\/\/i0.wp.com\/www.filcacisl.it\/sindacato\/wp-content\/uploads\/2025\/04\/DSCF2156-scaled.jpg?fit=800%2C476&amp;ssl=1\" data-original-width=\"411\" data-original-height=\"245\" \/><\/a><\/div>\n<\/div>\n<\/div>\n<div class=\"gallery-row\" data-original-width=\"800\" data-original-height=\"221\">\n<div class=\"gallery-group images-1\" data-original-width=\"398\" data-original-height=\"221\">\n<div class=\"tiled-gallery-item tiled-gallery-item-large\" tabindex=\"0\" role=\"button\" aria-label=\"Apri immagine a schermo intero.\"><a href=\"https:\/\/www.filcacisl.it\/sindacato\/safe-day-giornata-mondiale-sicurezza-lavoro-sindacati-edili-depongono-corona-allinail\/news-2\/\"><img loading=\"lazy\" class=\"\" title=\"News 2\" src=\"https:\/\/i0.wp.com\/www.filcacisl.it\/sindacato\/wp-content\/uploads\/2025\/04\/News-2-scaled.jpg?w=394&amp;h=217&amp;ssl=1\" srcset=\"https:\/\/i0.wp.com\/www.filcacisl.it\/sindacato\/wp-content\/uploads\/2025\/04\/News-2-scaled.jpg?w=1200&amp;ssl=1 1200w, https:\/\/i0.wp.com\/www.filcacisl.it\/sindacato\/wp-content\/uploads\/2025\/04\/News-2-scaled.jpg?resize=300%2C166&amp;ssl=1 300w, https:\/\/i0.wp.com\/www.filcacisl.it\/sindacato\/wp-content\/uploads\/2025\/04\/News-2-scaled.jpg?resize=1024%2C565&amp;ssl=1 1024w, https:\/\/i0.wp.com\/www.filcacisl.it\/sindacato\/wp-content\/uploads\/2025\/04\/News-2-scaled.jpg?resize=768%2C424&amp;ssl=1 768w, https:\/\/i0.wp.com\/www.filcacisl.it\/sindacato\/wp-content\/uploads\/2025\/04\/News-2-scaled.jpg?resize=1536%2C847&amp;ssl=1 1536w, https:\/\/i0.wp.com\/www.filcacisl.it\/sindacato\/wp-content\/uploads\/2025\/04\/News-2-scaled.jpg?resize=2048%2C1130&amp;ssl=1 2048w\" alt=\"News 2\" width=\"394\" height=\"217\" data-attachment-id=\"56999\" data-orig-file=\"https:\/\/www.filcacisl.it\/sindacato\/wp-content\/uploads\/2025\/04\/News-2-scaled.jpg\" data-orig-size=\"1200,662\" data-comments-opened=\"1\" data-image-meta=\"{&quot;aperture&quot;:&quot;5.6&quot;,&quot;credit&quot;:&quot;&quot;,&quot;camera&quot;:&quot;X-T10&quot;,&quot;caption&quot;:&quot;&quot;,&quot;created_timestamp&quot;:&quot;1745838877&quot;,&quot;copyright&quot;:&quot;&quot;,&quot;focal_length&quot;:&quot;18&quot;,&quot;iso&quot;:&quot;400&quot;,&quot;shutter_speed&quot;:&quot;0.008&quot;,&quot;title&quot;:&quot;&quot;,&quot;orientation&quot;:&quot;0&quot;}\" data-image-title=\"News 2\" data-image-description=\"\" data-medium-file=\"https:\/\/i0.wp.com\/www.filcacisl.it\/sindacato\/wp-content\/uploads\/2025\/04\/News-2-scaled.jpg?fit=300%2C166&amp;ssl=1\" data-large-file=\"https:\/\/i0.wp.com\/www.filcacisl.it\/sindacato\/wp-content\/uploads\/2025\/04\/News-2-scaled.jpg?fit=800%2C441&amp;ssl=1\" data-original-width=\"394\" data-original-height=\"217\" \/><\/a><\/div>\n<\/div>\n<div class=\"gallery-group images-1\" data-original-width=\"402\" data-original-height=\"221\">\n<div class=\"tiled-gallery-item tiled-gallery-item-large\" tabindex=\"0\" role=\"button\" aria-label=\"Apri immagine a schermo intero.\"><a href=\"https:\/\/www.filcacisl.it\/sindacato\/safe-day-giornata-mondiale-sicurezza-lavoro-sindacati-edili-depongono-corona-allinail\/news-3\/\"><img loading=\"lazy\" class=\"\" title=\"News\" src=\"https:\/\/i0.wp.com\/www.filcacisl.it\/sindacato\/wp-content\/uploads\/2025\/04\/News-scaled.jpg?w=398&amp;h=217&amp;ssl=1\" srcset=\"https:\/\/i0.wp.com\/www.filcacisl.it\/sindacato\/wp-content\/uploads\/2025\/04\/News-scaled.jpg?w=1200&amp;ssl=1 1200w, https:\/\/i0.wp.com\/www.filcacisl.it\/sindacato\/wp-content\/uploads\/2025\/04\/News-scaled.jpg?resize=300%2C164&amp;ssl=1 300w, https:\/\/i0.wp.com\/www.filcacisl.it\/sindacato\/wp-content\/uploads\/2025\/04\/News-scaled.jpg?resize=1024%2C558&amp;ssl=1 1024w, https:\/\/i0.wp.com\/www.filcacisl.it\/sindacato\/wp-content\/uploads\/2025\/04\/News-scaled.jpg?resize=768%2C419&amp;ssl=1 768w, https:\/\/i0.wp.com\/www.filcacisl.it\/sindacato\/wp-content\/uploads\/2025\/04\/News-scaled.jpg?resize=1536%2C837&amp;ssl=1 1536w, https:\/\/i0.wp.com\/www.filcacisl.it\/sindacato\/wp-content\/uploads\/2025\/04\/News-scaled.jpg?resize=2048%2C1116&amp;ssl=1 2048w\" alt=\"News\" width=\"398\" height=\"217\" data-attachment-id=\"57000\" data-orig-file=\"https:\/\/www.filcacisl.it\/sindacato\/wp-content\/uploads\/2025\/04\/News-scaled.jpg\" data-orig-size=\"1200,654\" data-comments-opened=\"1\" data-image-meta=\"{&quot;aperture&quot;:&quot;5&quot;,&quot;credit&quot;:&quot;&quot;,&quot;camera&quot;:&quot;X-T10&quot;,&quot;caption&quot;:&quot;&quot;,&quot;created_timestamp&quot;:&quot;1745838894&quot;,&quot;copyright&quot;:&quot;&quot;,&quot;focal_length&quot;:&quot;18&quot;,&quot;iso&quot;:&quot;400&quot;,&quot;shutter_speed&quot;:&quot;0.00625&quot;,&quot;title&quot;:&quot;&quot;,&quot;orientation&quot;:&quot;0&quot;}\" data-image-title=\"News\" data-image-description=\"\" data-medium-file=\"https:\/\/i0.wp.com\/www.filcacisl.it\/sindacato\/wp-content\/uploads\/2025\/04\/News-scaled.jpg?fit=300%2C164&amp;ssl=1\" data-large-file=\"https:\/\/i0.wp.com\/www.filcacisl.it\/sindacato\/wp-content\/uploads\/2025\/04\/News-scaled.jpg?fit=800%2C436&amp;ssl=1\" data-original-width=\"398\" data-original-height=\"217\" \/><\/a><\/div>\n<\/div>\n<\/div>\n<div class=\"gallery-row\" data-original-width=\"800\" data-original-height=\"423\">\n<div class=\"gallery-group images-1\" data-original-width=\"800\" data-original-height=\"423\">\n<div class=\"tiled-gallery-item tiled-gallery-item-large\" tabindex=\"0\" role=\"button\" aria-label=\"Apri immagine a schermo intero.\"><a href=\"https:\/\/www.filcacisl.it\/sindacato\/safe-day-giornata-mondiale-sicurezza-lavoro-sindacati-edili-depongono-corona-allinail\/whatsapp-image-2025-04-28-at-12-24-37\/\"><img loading=\"lazy\" class=\"\" title=\"WhatsApp Image 2025-04-28 at 12.24.37\" src=\"https:\/\/i0.wp.com\/www.filcacisl.it\/sindacato\/wp-content\/uploads\/2025\/04\/WhatsApp-Image-2025-04-28-at-12.24.37.jpeg?w=796&amp;h=419&amp;ssl=1\" srcset=\"https:\/\/i0.wp.com\/www.filcacisl.it\/sindacato\/wp-content\/uploads\/2025\/04\/WhatsApp-Image-2025-04-28-at-12.24.37.jpeg?w=926&amp;ssl=1 926w, https:\/\/i0.wp.com\/www.filcacisl.it\/sindacato\/wp-content\/uploads\/2025\/04\/WhatsApp-Image-2025-04-28-at-12.24.37.jpeg?resize=300%2C158&amp;ssl=1 300w, https:\/\/i0.wp.com\/www.filcacisl.it\/sindacato\/wp-content\/uploads\/2025\/04\/WhatsApp-Image-2025-04-28-at-12.24.37.jpeg?resize=768%2C405&amp;ssl=1 768w\" alt=\"WhatsApp Image 2025-04-28 at 12.24.37\" width=\"796\" height=\"419\" data-attachment-id=\"57001\" data-orig-file=\"https:\/\/www.filcacisl.it\/sindacato\/wp-content\/uploads\/2025\/04\/WhatsApp-Image-2025-04-28-at-12.24.37.jpeg\" data-orig-size=\"926,488\" data-comments-opened=\"1\" data-image-meta=\"{&quot;aperture&quot;:&quot;0&quot;,&quot;credit&quot;:&quot;&quot;,&quot;camera&quot;:&quot;&quot;,&quot;caption&quot;:&quot;&quot;,&quot;created_timestamp&quot;:&quot;0&quot;,&quot;copyright&quot;:&quot;&quot;,&quot;focal_length&quot;:&quot;0&quot;,&quot;iso&quot;:&quot;0&quot;,&quot;shutter_speed&quot;:&quot;0&quot;,&quot;title&quot;:&quot;&quot;,&quot;orientation&quot;:&quot;0&quot;}\" data-image-title=\"WhatsApp Image 2025-04-28 at 12.24.37\" data-image-description=\"\" data-medium-file=\"https:\/\/i0.wp.com\/www.filcacisl.it\/sindacato\/wp-content\/uploads\/2025\/04\/WhatsApp-Image-2025-04-28-at-12.24.37.jpeg?fit=300%2C158&amp;ssl=1\" data-large-file=\"https:\/\/i0.wp.com\/www.filcacisl.it\/sindacato\/wp-content\/uploads\/2025\/04\/WhatsApp-Image-2025-04-28-at-12.24.37.jpeg?fit=488%2C488&amp;ssl=1\" data-original-width=\"796\" data-original-height=\"419\" \/><\/a><\/div>\n<\/div>\n<\/div>\n<\/div>\n<\/div>\n<\/div>\n<\/div>\n<\/div>\n<div class=\"elementor-column elementor-col-16 elementor-top-column elementor-element elementor-element-b4a684f\" data-id=\"b4a684f\" data-element_type=\"column\"><\/div>\n<p>&nbsp;<\/p>\n<div class=\"sharedaddy sd-sharing-enabled\"><div class=\"robots-nocontent sd-block sd-social sd-social-icon sd-sharing\"><h3 class=\"sd-title\">Share this post<\/h3><div class=\"sd-content\"><ul><li class=\"share-facebook\"><a rel=\"nofollow noopener noreferrer\" data-shared=\"sharing-facebook-7506\" class=\"share-facebook sd-button share-icon no-text\" href=\"https:\/\/28april.org\/?p=7506&amp;share=facebook\" target=\"_blank\" title=\"Click to share on Facebook\" ><span><\/span><span class=\"sharing-screen-reader-text\">Click to share on Facebook (Opens in new window)<\/span><\/a><\/li><li class=\"share-linkedin\"><a rel=\"nofollow noopener noreferrer\" data-shared=\"sharing-linkedin-7506\" class=\"share-linkedin sd-button share-icon no-text\" href=\"https:\/\/28april.org\/?p=7506&amp;share=linkedin\" target=\"_blank\" title=\"Click to share on LinkedIn\" ><span><\/span><span class=\"sharing-screen-reader-text\">Click to share on LinkedIn (Opens in new window)<\/span><\/a><\/li><li class=\"share-twitter\"><a rel=\"nofollow noopener noreferrer\" data-shared=\"sharing-twitter-7506\" class=\"share-twitter sd-button share-icon no-text\" href=\"https:\/\/28april.org\/?p=7506&amp;share=twitter\" target=\"_blank\" title=\"Click to share on Twitter\" ><span><\/span><span class=\"sharing-screen-reader-text\">Click to share on Twitter (Opens in new window)<\/span><\/a><\/li><li class=\"share-pocket\"><a rel=\"nofollow noopener noreferrer\" data-shared=\"\" class=\"share-pocket sd-button share-icon no-text\" href=\"https:\/\/28april.org\/?p=7506&amp;share=pocket\" target=\"_blank\" title=\"Click to share on Pocket\" ><span><\/span><span class=\"sharing-screen-reader-text\">Click to share on Pocket (Opens in new window)<\/span><\/a><\/li><li class=\"share-jetpack-whatsapp\"><a rel=\"nofollow noopener noreferrer\" data-shared=\"\" class=\"share-jetpack-whatsapp sd-button share-icon no-text\" href=\"https:\/\/28april.org\/?p=7506&amp;share=jetpack-whatsapp\" target=\"_blank\" title=\"Click to share on WhatsApp\" ><span><\/span><span class=\"sharing-screen-reader-text\">Click to share on WhatsApp (Opens in new window)<\/span><\/a><\/li><li class=\"share-print\"><a rel=\"nofollow noopener noreferrer\" data-shared=\"\" class=\"share-print sd-button share-icon no-text\" href=\"https:\/\/28april.org\/?p=7506\" target=\"_blank\" title=\"Click to print\" ><span><\/span><span class=\"sharing-screen-reader-text\">Click to print (Opens in new window)<\/span><\/a><\/li><li class=\"share-email\"><a rel=\"nofollow noopener noreferrer\" data-shared=\"\" class=\"share-email sd-button share-icon no-text\" href=\"mailto:?subject=%5BShared%20Post%5D%20Italy%3A%20Safe%20Day%20%E2%80%93%20Giornata%20mondiale%20sicurezza%20lavoro%3A%20sindacati%20edili%20depongono%20corona%20all%E2%80%99Inail%20-%20FILCA%20CISL&body=https%3A%2F%2F28april.org%2F%3Fp%3D7506&share=email\" target=\"_blank\" title=\"Click to email a link to a friend\" data-email-share-error-title=\"Do you have email set up?\" data-email-share-error-text=\"If you&#039;re having problems sharing via email, you might not have email set up for your browser. You may need to create a new email yourself.\" data-email-share-nonce=\"ebd256a3e1\" data-email-share-track-url=\"https:\/\/28april.org\/?p=7506&amp;share=email\"><span><\/span><span class=\"sharing-screen-reader-text\">Click to email a link to a friend (Opens in new window)<\/span><\/a><\/li><li class=\"share-pinterest\"><a rel=\"nofollow noopener noreferrer\" data-shared=\"sharing-pinterest-7506\" class=\"share-pinterest sd-button share-icon no-text\" href=\"https:\/\/28april.org\/?p=7506&amp;share=pinterest\" target=\"_blank\" title=\"Click to share on Pinterest\" ><span><\/span><span class=\"sharing-screen-reader-text\">Click to share on Pinterest (Opens in new window)<\/span><\/a><\/li><li class=\"share-telegram\"><a rel=\"nofollow noopener noreferrer\" data-shared=\"\" class=\"share-telegram sd-button share-icon no-text\" href=\"https:\/\/28april.org\/?p=7506&amp;share=telegram\" target=\"_blank\" title=\"Click to share on Telegram\" ><span><\/span><span class=\"sharing-screen-reader-text\">Click to share on Telegram (Opens in new window)<\/span><\/a><\/li><li class=\"share-end\"><\/li><\/ul><\/div><\/div><\/div>","protected":false},"excerpt":{"rendered":"<p>In occasione della giornata mondiale per la salute e sicurezza sul lavoro, i rappresentanti di Feneal, Filca, Fillea, le categorie che tutelano il settore delle costruzioni di Cgil, Cisl e Uil, si sono recati presso la sede dell\u2019Inail a Piazzale Pastore, per deporre una corona di fiori davanti al monumento in memoria degli operai che &hellip; <a href=\"https:\/\/28april.org\/?p=7506\" class=\"more-link\">Continue reading <span class=\"screen-reader-text\">Italy: Safe Day \u2013 Giornata mondiale sicurezza lavoro: sindacati edili depongono corona all\u2019Inail &#8211; FILCA CISL<\/span> <span class=\"meta-nav\">&rarr;<\/span><\/a><\/p>\n<div class=\"sharedaddy sd-sharing-enabled\"><div class=\"robots-nocontent sd-block sd-social sd-social-icon sd-sharing\"><h3 class=\"sd-title\">Share this post<\/h3><div class=\"sd-content\"><ul><li class=\"share-facebook\"><a rel=\"nofollow noopener noreferrer\" data-shared=\"sharing-facebook-7506\" class=\"share-facebook sd-button share-icon no-text\" href=\"https:\/\/28april.org\/?p=7506&amp;share=facebook\" target=\"_blank\" title=\"Click to share on Facebook\" ><span><\/span><span class=\"sharing-screen-reader-text\">Click to share on Facebook (Opens in new window)<\/span><\/a><\/li><li class=\"share-linkedin\"><a rel=\"nofollow noopener noreferrer\" data-shared=\"sharing-linkedin-7506\" class=\"share-linkedin sd-button share-icon no-text\" href=\"https:\/\/28april.org\/?p=7506&amp;share=linkedin\" target=\"_blank\" title=\"Click to share on LinkedIn\" ><span><\/span><span class=\"sharing-screen-reader-text\">Click to share on LinkedIn (Opens in new window)<\/span><\/a><\/li><li class=\"share-twitter\"><a rel=\"nofollow noopener noreferrer\" data-shared=\"sharing-twitter-7506\" class=\"share-twitter sd-button share-icon no-text\" href=\"https:\/\/28april.org\/?p=7506&amp;share=twitter\" target=\"_blank\" title=\"Click to share on Twitter\" ><span><\/span><span class=\"sharing-screen-reader-text\">Click to share on Twitter (Opens in new window)<\/span><\/a><\/li><li class=\"share-pocket\"><a rel=\"nofollow noopener noreferrer\" data-shared=\"\" class=\"share-pocket sd-button share-icon no-text\" href=\"https:\/\/28april.org\/?p=7506&amp;share=pocket\" target=\"_blank\" title=\"Click to share on Pocket\" ><span><\/span><span class=\"sharing-screen-reader-text\">Click to share on Pocket (Opens in new window)<\/span><\/a><\/li><li class=\"share-jetpack-whatsapp\"><a rel=\"nofollow noopener noreferrer\" data-shared=\"\" class=\"share-jetpack-whatsapp sd-button share-icon no-text\" href=\"https:\/\/28april.org\/?p=7506&amp;share=jetpack-whatsapp\" target=\"_blank\" title=\"Click to share on WhatsApp\" ><span><\/span><span class=\"sharing-screen-reader-text\">Click to share on WhatsApp (Opens in new window)<\/span><\/a><\/li><li class=\"share-print\"><a rel=\"nofollow noopener noreferrer\" data-shared=\"\" class=\"share-print sd-button share-icon no-text\" href=\"https:\/\/28april.org\/?p=7506\" target=\"_blank\" title=\"Click to print\" ><span><\/span><span class=\"sharing-screen-reader-text\">Click to print (Opens in new window)<\/span><\/a><\/li><li class=\"share-email\"><a rel=\"nofollow noopener noreferrer\" data-shared=\"\" class=\"share-email sd-button share-icon no-text\" href=\"mailto:?subject=%5BShared%20Post%5D%20Italy%3A%20Safe%20Day%20%E2%80%93%20Giornata%20mondiale%20sicurezza%20lavoro%3A%20sindacati%20edili%20depongono%20corona%20all%E2%80%99Inail%20-%20FILCA%20CISL&body=https%3A%2F%2F28april.org%2F%3Fp%3D7506&share=email\" target=\"_blank\" title=\"Click to email a link to a friend\" data-email-share-error-title=\"Do you have email set up?\" data-email-share-error-text=\"If you&#039;re having problems sharing via email, you might not have email set up for your browser. You may need to create a new email yourself.\" data-email-share-nonce=\"ebd256a3e1\" data-email-share-track-url=\"https:\/\/28april.org\/?p=7506&amp;share=email\"><span><\/span><span class=\"sharing-screen-reader-text\">Click to email a link to a friend (Opens in new window)<\/span><\/a><\/li><li class=\"share-pinterest\"><a rel=\"nofollow noopener noreferrer\" data-shared=\"sharing-pinterest-7506\" class=\"share-pinterest sd-button share-icon no-text\" href=\"https:\/\/28april.org\/?p=7506&amp;share=pinterest\" target=\"_blank\" title=\"Click to share on Pinterest\" ><span><\/span><span class=\"sharing-screen-reader-text\">Click to share on Pinterest (Opens in new window)<\/span><\/a><\/li><li class=\"share-telegram\"><a rel=\"nofollow noopener noreferrer\" data-shared=\"\" class=\"share-telegram sd-button share-icon no-text\" href=\"https:\/\/28april.org\/?p=7506&amp;share=telegram\" target=\"_blank\" title=\"Click to share on Telegram\" ><span><\/span><span class=\"sharing-screen-reader-text\">Click to share on Telegram (Opens in new window)<\/span><\/a><\/li><li class=\"share-end\"><\/li><\/ul><\/div><\/div><\/div>","protected":false},"author":1,"featured_media":0,"comment_status":"open","ping_status":"open","sticky":false,"template":"","format":"standard","meta":{"jetpack_post_was_ever_published":false},"categories":[1986,1990,2075,4,156,3],"tags":[1988,692,37,57,953,177],"jetpack_featured_media_url":"","jetpack_shortlink":"https:\/\/wp.me\/p7r6RV-1X4","jetpack_sharing_enabled":true,"jetpack_likes_enabled":false,"_links":{"self":[{"href":"https:\/\/28april.org\/index.php?rest_route=\/wp\/v2\/posts\/7506"}],"collection":[{"href":"https:\/\/28april.org\/index.php?rest_route=\/wp\/v2\/posts"}],"about":[{"href":"https:\/\/28april.org\/index.php?rest_route=\/wp\/v2\/types\/post"}],"author":[{"embeddable":true,"href":"https:\/\/28april.org\/index.php?rest_route=\/wp\/v2\/users\/1"}],"replies":[{"embeddable":true,"href":"https:\/\/28april.org\/index.php?rest_route=%2Fwp%2Fv2%2Fcomments&post=7506"}],"version-history":[{"count":1,"href":"https:\/\/28april.org\/index.php?rest_route=\/wp\/v2\/posts\/7506\/revisions"}],"predecessor-version":[{"id":7507,"href":"https:\/\/28april.org\/index.php?rest_route=\/wp\/v2\/posts\/7506\/revisions\/7507"}],"wp:attachment":[{"href":"https:\/\/28april.org\/index.php?rest_route=%2Fwp%2Fv2%2Fmedia&parent=7506"}],"wp:term":[{"taxonomy":"category","embeddable":true,"href":"https:\/\/28april.org\/index.php?rest_route=%2Fwp%2Fv2%2Fcategories&post=7506"},{"taxonomy":"post_tag","embeddable":true,"href":"https:\/\/28april.org\/index.php?rest_route=%2Fwp%2Fv2%2Ftags&post=7506"}],"curies":[{"name":"wp","href":"https:\/\/api.w.org\/{rel}","templated":true}]}}