{"id":7478,"date":"2025-04-28T08:40:44","date_gmt":"2025-04-28T07:40:44","guid":{"rendered":"https:\/\/28april.org\/?p=7478"},"modified":"2025-04-28T08:40:44","modified_gmt":"2025-04-28T07:40:44","slug":"global-journee-internationale-de-commemoration-des-travailleuses-et-des-travailleurs-morts-ou-blesses-au-travail-2025-proteger-les-droits-des-travailleurs-a-lere-de-la-numerisation-et-de-l","status":"publish","type":"post","link":"https:\/\/28april.org\/?p=7478","title":{"rendered":"Global: Journ\u00e9e internationale de comm\u00e9moration des travailleuses et des travailleurs morts ou bless\u00e9s au travail 2025 : prot\u00e9ger les droits des travailleurs \u00e0 l\u2019\u00e8re de la num\u00e9risation et de l\u2019intelligence artificielle"},"content":{"rendered":"<div id=\"hero\" class=\"article\">\n<header class=\"cartouche \">\n<div class=\"intro\">\n<div class=\"container\">\n<div class=\"row\">\n<div class=\"col-xl-10 offset-xl-1\">\n<div class=\"chapo surlignable\">\n<p>\u00c0 l\u2019occasion de la Journ\u00e9e internationale de comm\u00e9moration des travailleuses et des travailleurs morts ou bless\u00e9s au travail, du 28 avril 2025, la CSI r\u00e9clame des actions urgentes pour pr\u00e9server la vie et les droits des travailleuses et des travailleurs \u00e0 l\u2019\u00e8re de la num\u00e9risation et de l\u2019intelligence artificielle (IA).<\/p>\n<\/div>\n<div class=\"img-article logo-article\"><a href=\"https:\/\/28april.org\/wp-content\/uploads\/2025\/04\/ituc.png\"><img loading=\"lazy\" class=\"size-full wp-image-7385 aligncenter\" src=\"https:\/\/28april.org\/wp-content\/uploads\/2025\/04\/ituc.png\" alt=\"\" width=\"1000\" height=\"667\" srcset=\"https:\/\/28april.org\/wp-content\/uploads\/2025\/04\/ituc.png 1000w, https:\/\/28april.org\/wp-content\/uploads\/2025\/04\/ituc-300x200.png 300w, https:\/\/28april.org\/wp-content\/uploads\/2025\/04\/ituc-768x512.png 768w\" sizes=\"(max-width: 1000px) 100vw, 1000px\" \/><\/a><\/div>\n<\/div>\n<\/div>\n<\/div>\n<\/div>\n<\/header>\n<\/div>\n<div class=\"container\">\n<article>\n<div class=\"main\">\n<div class=\"texte surlignable\">\n<p>L\u2019IA transforme le monde du travail \u00e0 une vitesse sans pr\u00e9c\u00e9dent. Mais derri\u00e8re la promesse d\u2019innovation se profile une r\u00e9alit\u00e9 plus sombre\u00a0: gestion algorithmique, surveillance constante, objectifs de productivit\u00e9 impossibles et conditions de travail dangereuses. La technologie est utilis\u00e9e non pour am\u00e9liorer les conditions de travail et la s\u00e9curit\u00e9 au travail, mais pour exploiter les travailleuses et les travailleurs, mettant leur vie et leur sant\u00e9 en danger.<\/p>\n<ul class=\"spip\" role=\"list\">\n<li>La gestion par l\u2019IA accentue d\u00e9j\u00e0 la pression s\u2019exer\u00e7ant sur 427 millions de travailleurs dans le monde.<\/li>\n<li>Quatre-vingts pour cent des gros employeurs utilisent l\u2019IA pour suivre la productivit\u00e9 individuelle au travail.<\/li>\n<li>Les contr\u00f4les incessants, les objectifs irr\u00e9alistes et l\u2019absence de consultation sur les modalit\u00e9s d\u2019utilisation de la technologie exposent les travailleurs \u00e0 l\u2019\u00e9puisement, \u00e0 des blessures et \u00e0 un stress insupportable.<\/li>\n<\/ul>\n<blockquote class=\"spip\"><p>\u00ab\u00a0Trop souvent, l\u2019intelligence artificielle est d\u00e9ploy\u00e9e non comme un instrument du progr\u00e8s, mais comme une arme contre les travailleurs\u00a0\u00bb<i>le secr\u00e9taire g\u00e9n\u00e9ral de la CSI, Luc Triangle<\/i><\/p><\/blockquote>\n<p>\u00ab\u00a0Des entrep\u00f4ts aux h\u00f4pitaux, sur les v\u00e9los de livraison ou dans les laboratoires de donn\u00e9es, les travailleurs sont plus que jamais sous pression. Le d\u00e9ploiement de nouvelles technologies doit respecter les normes, comme tout autre changement sur le lieu de travail\u00a0: les travailleuses et les travailleurs ont le droit d\u2019\u00eatre consult\u00e9s et de participer. Ce droit fondamental et d\u00e9mocratique sur le lieu de travail garantira que l\u2019utilisation de l\u2019IA soit pens\u00e9e en accordant une place centrale \u00e0 la s\u00e9curit\u00e9, \u00e0 l\u2019\u00e9quit\u00e9 et \u00e0 la dignit\u00e9. Les travailleurs et leurs syndicats doivent avoir un si\u00e8ge \u00e0 la table dans l\u2019int\u00e9r\u00eat de tous.\u00a0\u00bb<\/p>\n<p>Le d\u00e9ploiement de nouvelles technologies, comme l\u2019IA, sans consultation ad\u00e9quate des travailleurs et de leurs syndicats pose d\u00e9j\u00e0 de graves probl\u00e8mes dans le monde\u00a0:<\/p>\n<ul class=\"spip\" role=\"list\">\n<li>Aux Philippines, un livreur \u00e0 v\u00e9lo, Jasper Dalman, est d\u00e9c\u00e9d\u00e9 \u00e0 19 ans pendant qu\u2019il travaillait pour Foodpanda. Son syndicat, RIDERS-SENTRO, a obtenu une reconnaissance et des droits en mati\u00e8re d\u2019assurance apr\u00e8s ce d\u00e9c\u00e8s qui a mis en lumi\u00e8re les cons\u00e9quences mortelles de l\u2019exploitation algorithmique qui fixe des objectifs de productivit\u00e9 impossibles \u00e0 tenir.<\/li>\n<li>En Turquie, des mod\u00e9rateurs de contenu sur TikTok employ\u00e9s par Telus ont \u00e9t\u00e9 licenci\u00e9s apr\u00e8s s\u2019\u00eatre organis\u00e9s pour protester contre les charges de travail inhumaines impos\u00e9es par l\u2019IA et les contenus traumatisants.<\/li>\n<li>Aux \u00c9tats-Unis, du personnel infirmier travaillant via des plateformes est confront\u00e9 \u00e0 des applications de gestion de planning contr\u00f4l\u00e9es par l\u2019IA qui passent outre la protection des travailleurs et cr\u00e9ent des conditions dangereuses pour ce personnel et ses patients.<\/li>\n<\/ul>\n<p>La CSI r\u00e9clame\u00a0:<\/p>\n<ul class=\"spip\" role=\"list\">\n<li>La pleine participation des syndicats \u00e0 la conception et au d\u00e9ploiement de l\u2019IA sur le lieu de travail.<\/li>\n<li>Une technologie transparente et centr\u00e9e sur l\u2019humain, respectueuse des droits et de la s\u00e9curit\u00e9.<\/li>\n<li><a href=\"https:\/\/www.ituc-csi.org\/time-to-deliver-rights-for-all-platform-workers-fr\">Une convention contraignante de l\u2019OIT sur le travail via les plateformes<\/a>\u00a0pour prot\u00e9ger tous les travailleurs de l\u2019\u00e9conomie num\u00e9rique.<\/li>\n<\/ul>\n<p>Ce 28 avril, nous comm\u00e9morons les morts et nous luttons pour les vivants. La technologie devrait travailler\u00a0<i>pour<\/i>\u00a0nous, et non\u00a0<i>contre<\/i>\u00a0nous.<\/p>\n<p>Le nouveau rapport de la CSI, intitul\u00e9 \u00ab\u00a0<a href=\"https:\/\/www.ituc-csi.org\/artificial-intelligence-and-digitalisation-a-matter-of-life-and-death-for-workers\"><i>Artificial intelligence and digitalisation\u00a0: A matter of life and death for workers<\/i><\/a>\u00a0\u00bb (en fran\u00e7ais), identifie les dommages physiques et psychosociaux au travail qui se produisent lorsque ces technologies sont introduites sans consultation des travailleurs.\u00a0<a class=\"spip_out\" href=\"https:\/\/trello.com\/c\/u79i8Ehf\/347-international-workers-memorial-day-28-april-2025\" rel=\"external\">Voir les mat\u00e9riels de campagne ici<\/a>.<\/p>\n<p><a href=\"https:\/\/www.ituc-csi.org\/Journee-internationale-de-commemoration-des-travailleuses-et-des-travailleurs-morts-ou-blesses-au-travail-2025\">https:\/\/www.ituc-csi.org\/Journee-internationale-de-commemoration-des-travailleuses-et-des-travailleurs-morts-ou-blesses-au-travail-2025<\/a><\/p>\n<\/div>\n<\/div>\n<\/article>\n<\/div>\n<div class=\"sharedaddy sd-sharing-enabled\"><div class=\"robots-nocontent sd-block sd-social sd-social-icon sd-sharing\"><h3 class=\"sd-title\">Share this post<\/h3><div class=\"sd-content\"><ul><li class=\"share-facebook\"><a rel=\"nofollow noopener noreferrer\" data-shared=\"sharing-facebook-7478\" class=\"share-facebook sd-button share-icon no-text\" href=\"https:\/\/28april.org\/?p=7478&amp;share=facebook\" target=\"_blank\" title=\"Click to share on Facebook\" ><span><\/span><span class=\"sharing-screen-reader-text\">Click to share on Facebook (Opens in new window)<\/span><\/a><\/li><li class=\"share-linkedin\"><a rel=\"nofollow noopener noreferrer\" data-shared=\"sharing-linkedin-7478\" class=\"share-linkedin sd-button share-icon no-text\" href=\"https:\/\/28april.org\/?p=7478&amp;share=linkedin\" target=\"_blank\" title=\"Click to share on LinkedIn\" ><span><\/span><span class=\"sharing-screen-reader-text\">Click to share on LinkedIn (Opens in new window)<\/span><\/a><\/li><li class=\"share-twitter\"><a rel=\"nofollow noopener noreferrer\" data-shared=\"sharing-twitter-7478\" class=\"share-twitter sd-button share-icon no-text\" href=\"https:\/\/28april.org\/?p=7478&amp;share=twitter\" target=\"_blank\" title=\"Click to share on Twitter\" ><span><\/span><span class=\"sharing-screen-reader-text\">Click to share on Twitter (Opens in new window)<\/span><\/a><\/li><li class=\"share-pocket\"><a rel=\"nofollow noopener noreferrer\" data-shared=\"\" class=\"share-pocket sd-button share-icon no-text\" href=\"https:\/\/28april.org\/?p=7478&amp;share=pocket\" target=\"_blank\" title=\"Click to share on Pocket\" ><span><\/span><span class=\"sharing-screen-reader-text\">Click to share on Pocket (Opens in new window)<\/span><\/a><\/li><li class=\"share-jetpack-whatsapp\"><a rel=\"nofollow noopener noreferrer\" data-shared=\"\" class=\"share-jetpack-whatsapp sd-button share-icon no-text\" href=\"https:\/\/28april.org\/?p=7478&amp;share=jetpack-whatsapp\" target=\"_blank\" title=\"Click to share on WhatsApp\" ><span><\/span><span class=\"sharing-screen-reader-text\">Click to share on WhatsApp (Opens in new window)<\/span><\/a><\/li><li class=\"share-print\"><a rel=\"nofollow noopener noreferrer\" data-shared=\"\" class=\"share-print sd-button share-icon no-text\" href=\"https:\/\/28april.org\/?p=7478\" target=\"_blank\" title=\"Click to print\" ><span><\/span><span class=\"sharing-screen-reader-text\">Click to print (Opens in new window)<\/span><\/a><\/li><li class=\"share-email\"><a rel=\"nofollow noopener noreferrer\" data-shared=\"\" class=\"share-email sd-button share-icon no-text\" href=\"mailto:?subject=%5BShared%20Post%5D%20Global%3A%20Journ%C3%A9e%20internationale%20de%20comm%C3%A9moration%20des%20travailleuses%20et%20des%20travailleurs%20morts%20ou%20bless%C3%A9s%20au%20travail%202025%20%3A%20prot%C3%A9ger%20les%20droits%20des%20travailleurs%20%C3%A0%20l%E2%80%99%C3%A8re%20de%20la%20num%C3%A9risation%20et%20de%20l%E2%80%99intelligence%20artificielle&body=https%3A%2F%2F28april.org%2F%3Fp%3D7478&share=email\" target=\"_blank\" title=\"Click to email a link to a friend\" data-email-share-error-title=\"Do you have email set up?\" data-email-share-error-text=\"If you&#039;re having problems sharing via email, you might not have email set up for your browser. You may need to create a new email yourself.\" data-email-share-nonce=\"c9569905c2\" data-email-share-track-url=\"https:\/\/28april.org\/?p=7478&amp;share=email\"><span><\/span><span class=\"sharing-screen-reader-text\">Click to email a link to a friend (Opens in new window)<\/span><\/a><\/li><li class=\"share-pinterest\"><a rel=\"nofollow noopener noreferrer\" data-shared=\"sharing-pinterest-7478\" class=\"share-pinterest sd-button share-icon no-text\" href=\"https:\/\/28april.org\/?p=7478&amp;share=pinterest\" target=\"_blank\" title=\"Click to share on Pinterest\" ><span><\/span><span class=\"sharing-screen-reader-text\">Click to share on Pinterest (Opens in new window)<\/span><\/a><\/li><li class=\"share-telegram\"><a rel=\"nofollow noopener noreferrer\" data-shared=\"\" class=\"share-telegram sd-button share-icon no-text\" href=\"https:\/\/28april.org\/?p=7478&amp;share=telegram\" target=\"_blank\" title=\"Click to share on Telegram\" ><span><\/span><span class=\"sharing-screen-reader-text\">Click to share on Telegram (Opens in new window)<\/span><\/a><\/li><li class=\"share-end\"><\/li><\/ul><\/div><\/div><\/div>","protected":false},"excerpt":{"rendered":"<p>\u00c0 l\u2019occasion de la Journ\u00e9e internationale de comm\u00e9moration des travailleuses et des travailleurs morts ou bless\u00e9s au travail, du 28 avril 2025, la CSI r\u00e9clame des actions urgentes pour pr\u00e9server la vie et les droits des travailleuses et des travailleurs \u00e0 l\u2019\u00e8re de la num\u00e9risation et de l\u2019intelligence artificielle (IA). L\u2019IA transforme le monde du &hellip; <a href=\"https:\/\/28april.org\/?p=7478\" class=\"more-link\">Continue reading <span class=\"screen-reader-text\">Global: Journ\u00e9e internationale de comm\u00e9moration des travailleuses et des travailleurs morts ou bless\u00e9s au travail 2025 : prot\u00e9ger les droits des travailleurs \u00e0 l\u2019\u00e8re de la num\u00e9risation et de l\u2019intelligence artificielle<\/span> <span class=\"meta-nav\">&rarr;<\/span><\/a><\/p>\n<div class=\"sharedaddy sd-sharing-enabled\"><div class=\"robots-nocontent sd-block sd-social sd-social-icon sd-sharing\"><h3 class=\"sd-title\">Share this post<\/h3><div class=\"sd-content\"><ul><li class=\"share-facebook\"><a rel=\"nofollow noopener noreferrer\" data-shared=\"sharing-facebook-7478\" class=\"share-facebook sd-button share-icon no-text\" href=\"https:\/\/28april.org\/?p=7478&amp;share=facebook\" target=\"_blank\" title=\"Click to share on Facebook\" ><span><\/span><span class=\"sharing-screen-reader-text\">Click to share on Facebook (Opens in new window)<\/span><\/a><\/li><li class=\"share-linkedin\"><a rel=\"nofollow noopener noreferrer\" data-shared=\"sharing-linkedin-7478\" class=\"share-linkedin sd-button share-icon no-text\" href=\"https:\/\/28april.org\/?p=7478&amp;share=linkedin\" target=\"_blank\" title=\"Click to share on LinkedIn\" ><span><\/span><span class=\"sharing-screen-reader-text\">Click to share on LinkedIn (Opens in new window)<\/span><\/a><\/li><li class=\"share-twitter\"><a rel=\"nofollow noopener noreferrer\" data-shared=\"sharing-twitter-7478\" class=\"share-twitter sd-button share-icon no-text\" href=\"https:\/\/28april.org\/?p=7478&amp;share=twitter\" target=\"_blank\" title=\"Click to share on Twitter\" ><span><\/span><span class=\"sharing-screen-reader-text\">Click to share on Twitter (Opens in new window)<\/span><\/a><\/li><li class=\"share-pocket\"><a rel=\"nofollow noopener noreferrer\" data-shared=\"\" class=\"share-pocket sd-button share-icon no-text\" href=\"https:\/\/28april.org\/?p=7478&amp;share=pocket\" target=\"_blank\" title=\"Click to share on Pocket\" ><span><\/span><span class=\"sharing-screen-reader-text\">Click to share on Pocket (Opens in new window)<\/span><\/a><\/li><li class=\"share-jetpack-whatsapp\"><a rel=\"nofollow noopener noreferrer\" data-shared=\"\" class=\"share-jetpack-whatsapp sd-button share-icon no-text\" href=\"https:\/\/28april.org\/?p=7478&amp;share=jetpack-whatsapp\" target=\"_blank\" title=\"Click to share on WhatsApp\" ><span><\/span><span class=\"sharing-screen-reader-text\">Click to share on WhatsApp (Opens in new window)<\/span><\/a><\/li><li class=\"share-print\"><a rel=\"nofollow noopener noreferrer\" data-shared=\"\" class=\"share-print sd-button share-icon no-text\" href=\"https:\/\/28april.org\/?p=7478\" target=\"_blank\" title=\"Click to print\" ><span><\/span><span class=\"sharing-screen-reader-text\">Click to print (Opens in new window)<\/span><\/a><\/li><li class=\"share-email\"><a rel=\"nofollow noopener noreferrer\" data-shared=\"\" class=\"share-email sd-button share-icon no-text\" href=\"mailto:?subject=%5BShared%20Post%5D%20Global%3A%20Journ%C3%A9e%20internationale%20de%20comm%C3%A9moration%20des%20travailleuses%20et%20des%20travailleurs%20morts%20ou%20bless%C3%A9s%20au%20travail%202025%20%3A%20prot%C3%A9ger%20les%20droits%20des%20travailleurs%20%C3%A0%20l%E2%80%99%C3%A8re%20de%20la%20num%C3%A9risation%20et%20de%20l%E2%80%99intelligence%20artificielle&body=https%3A%2F%2F28april.org%2F%3Fp%3D7478&share=email\" target=\"_blank\" title=\"Click to email a link to a friend\" data-email-share-error-title=\"Do you have email set up?\" data-email-share-error-text=\"If you&#039;re having problems sharing via email, you might not have email set up for your browser. You may need to create a new email yourself.\" data-email-share-nonce=\"c9569905c2\" data-email-share-track-url=\"https:\/\/28april.org\/?p=7478&amp;share=email\"><span><\/span><span class=\"sharing-screen-reader-text\">Click to email a link to a friend (Opens in new window)<\/span><\/a><\/li><li class=\"share-pinterest\"><a rel=\"nofollow noopener noreferrer\" data-shared=\"sharing-pinterest-7478\" class=\"share-pinterest sd-button share-icon no-text\" href=\"https:\/\/28april.org\/?p=7478&amp;share=pinterest\" target=\"_blank\" title=\"Click to share on Pinterest\" ><span><\/span><span class=\"sharing-screen-reader-text\">Click to share on Pinterest (Opens in new window)<\/span><\/a><\/li><li class=\"share-telegram\"><a rel=\"nofollow noopener noreferrer\" data-shared=\"\" class=\"share-telegram sd-button share-icon no-text\" href=\"https:\/\/28april.org\/?p=7478&amp;share=telegram\" target=\"_blank\" title=\"Click to share on Telegram\" ><span><\/span><span class=\"sharing-screen-reader-text\">Click to share on Telegram (Opens in new window)<\/span><\/a><\/li><li class=\"share-end\"><\/li><\/ul><\/div><\/div><\/div>","protected":false},"author":1,"featured_media":0,"comment_status":"open","ping_status":"open","sticky":false,"template":"","format":"standard","meta":{"jetpack_post_was_ever_published":false},"categories":[1986,1987,4,3],"tags":[1988,692,66,10],"jetpack_featured_media_url":"","jetpack_shortlink":"https:\/\/wp.me\/p7r6RV-1WC","jetpack_sharing_enabled":true,"jetpack_likes_enabled":false,"_links":{"self":[{"href":"https:\/\/28april.org\/index.php?rest_route=\/wp\/v2\/posts\/7478"}],"collection":[{"href":"https:\/\/28april.org\/index.php?rest_route=\/wp\/v2\/posts"}],"about":[{"href":"https:\/\/28april.org\/index.php?rest_route=\/wp\/v2\/types\/post"}],"author":[{"embeddable":true,"href":"https:\/\/28april.org\/index.php?rest_route=\/wp\/v2\/users\/1"}],"replies":[{"embeddable":true,"href":"https:\/\/28april.org\/index.php?rest_route=%2Fwp%2Fv2%2Fcomments&post=7478"}],"version-history":[{"count":1,"href":"https:\/\/28april.org\/index.php?rest_route=\/wp\/v2\/posts\/7478\/revisions"}],"predecessor-version":[{"id":7479,"href":"https:\/\/28april.org\/index.php?rest_route=\/wp\/v2\/posts\/7478\/revisions\/7479"}],"wp:attachment":[{"href":"https:\/\/28april.org\/index.php?rest_route=%2Fwp%2Fv2%2Fmedia&parent=7478"}],"wp:term":[{"taxonomy":"category","embeddable":true,"href":"https:\/\/28april.org\/index.php?rest_route=%2Fwp%2Fv2%2Fcategories&post=7478"},{"taxonomy":"post_tag","embeddable":true,"href":"https:\/\/28april.org\/index.php?rest_route=%2Fwp%2Fv2%2Ftags&post=7478"}],"curies":[{"name":"wp","href":"https:\/\/api.w.org\/{rel}","templated":true}]}}