{"id":7461,"date":"2025-04-27T20:55:18","date_gmt":"2025-04-27T19:55:18","guid":{"rendered":"https:\/\/28april.org\/?p=7461"},"modified":"2025-04-27T20:55:18","modified_gmt":"2025-04-27T19:55:18","slug":"argentina-debemos-recuperar-la-dimension-de-la-salud-en-el-ambito-de-trabajo-cta-capital","status":"publish","type":"post","link":"https:\/\/28april.org\/?p=7461","title":{"rendered":"Argentina: \u201cDebemos recuperar la dimensi\u00f3n de la salud en el \u00e1mbito de trabajo\u201d &#8211; CTA capital"},"content":{"rendered":"<h4><a href=\"http:\/\/www.ctacapital.org\/wp-content\/uploads\/ctacapital.jpg\"><img loading=\"lazy\" class=\"size-medium wp-image-5 aligncenter\" src=\"http:\/\/www.ctacapital.org\/wp-content\/uploads\/ctacapital-300x145.jpg\" sizes=\"(max-width: 300px) 100vw, 300px\" srcset=\"https:\/\/www.ctacapital.org\/wp-content\/uploads\/ctacapital-300x145.jpg 300w, https:\/\/www.ctacapital.org\/wp-content\/uploads\/ctacapital.jpg 349w\" alt=\"ctacapital\" width=\"300\" height=\"145\" data-pin-no-hover=\"true\" \/><\/a><\/h4>\n<p class=\"wp-block-heading\"><em>Con la llegada de un nuevo D\u00eda Internacional de la Seguridad en el Trabajo, desde la Secretar\u00eda de Salud Laboral de la CTAA Capital, se elabor\u00f3 una reflexi\u00f3n -que se publica a continuaci\u00f3n- sobre los desaf\u00edos que enfrenta la clase trabajadora en ese tema.<\/em><\/p>\n<p>Cada 28 de abril conmemoramos el D\u00eda Internacional de la Seguridad en el Trabajo como forma de visibilizar la importancia del cuidado y la prevenci\u00f3n en los lugares de trabajo, al tiempo que honramos la memoria de las y los compa\u00f1eros que murieron o sufrieron heridas en el \u00e1mbito laboral.<\/p>\n<p>En el contexto actual, para la CTAA Capital esta conmemoraci\u00f3n es central por lo que venimos sosteniendo hace ya mucho tiempo: es preciso unir la idea de la prevenci\u00f3n y la salud de las y los trabajadores que se evoca en esta fecha, con la lucha por las 8 horas del D\u00eda Internacional del Trabajador y la Trabajadora -que conmemoramos cada primero de Mayo- para que un d\u00eda las y los compa\u00f1eros puedan comprender que estos dos d\u00edas son parte del mismo proceso de avance de la clase trabajadora hacia su autogobierno y su felicidad: una dimensi\u00f3n del trabajo que la patronal anula.<\/p>\n<div class=\"jnews_inline_related_post_wrapper left\">\n<div class=\"jnews_inline_related_post\">\n<div class=\"jeg_postblock_28 jeg_postblock jeg_module_hook jeg_pagination_disable jeg_col_2o3 jnews_module_23432_0_680e8a9c5c79a \" data-unique=\"jnews_module_23432_0_680e8a9c5c79a\">\n<div class=\"jeg_block_heading jeg_block_heading_8 jeg_subcat_right\"><\/div>\n<div class=\"jeg_block_container\">\n<div class=\"jeg_posts \">\n<div class=\"jeg_postsmall jeg_load_more_flag\">\n<article class=\"jeg_post jeg_pl_xs_4 format-standard\">\n<div class=\"jeg_postblock_content\">\n<p class=\"jeg_post_title\">En ese sentido y para darle un poco de contexto, cabe se\u00f1alar que el mayor desarrollo de este modelo aut\u00f3nomo producido por los trabajadores fue el Modelo Obrero Italiano que, en la d\u00e9cada de 1970, estuvo en auge gracias a los movimientos revolucionarios alrededor del mundo. En Argentina, por caso, en la Facultad de Medicina de la por entonces Universidad Nacional y Popular de Buenos Aires (hoy UBA), se desarroll\u00f3 la Medicina del Trabajo : una comuni\u00f3n entre la clase trabajadora y el mundo acad\u00e9mico, donde los m\u00e9dicos se ocuparon de la salud de los trabajadores y los empezaron a organizar en ese sentido mediante la convocatoria a los cuerpos de delegados para conocer sus ambientes de trabajo, estudiar y explicarles las medidas de prevenci\u00f3n a considerar en cada caso y hasta se edit\u00f3 un manual cuyo objetivo era siempre prevenir en salud antes que tener que reparar.<\/p>\n<\/div>\n<\/article>\n<\/div>\n<\/div>\n<\/div>\n<\/div>\n<\/div>\n<\/div>\n<p>Hoy, aquella iniciativa aparece manipulada por el poder real, mediante diversas pol\u00edticas como la super academizaci\u00f3n de la salud laboral y el exceso normativo, que han desplazado la voz de las y los trabajadores como protagonistas de las decisiones y las pol\u00edticas sobre este particular.<\/p>\n<p>Otro cap\u00edtulo merecerian las Aseguradoras de Riesgos de Trabajo (ART), la responsabilidad empresarial y otras mieles del sistema que terminan haciendo que las y los trabajadores corran detr\u00e1s del proyecto que tiene la clase dominante para la sociedad en su conjunto. Mismo punto donde comienza la confusi\u00f3n entre trabajo, que es un concepto muy amplio, y empleo: un t\u00e9rmino que pertenece al mundo del proyecto capitalista, en el que un trabajador vende su fuerza de trabajo, intelectual o f\u00edsica, y en caso de accidente o enfermedad, esa fuerza merma o se agota, ese trabajador ya no tiene nada para vender y queda fuera del sistema.<\/p>\n<p>En cambio, cuando hay trabajo hay una organizaci\u00f3n comunitaria que salva ese tipo de situaciones mediante distintas estrategias que tienen que ver m\u00e1s con el trabajador como sujeto y no como variable administrativa.<\/p>\n<p>Cabe destacar que nuestra Central present\u00f3 un proyecto sobre una nueva Ley de Seguridad en el Trabajo como parte de una legislaci\u00f3n popular que va por el cuidado de la vida, la prevenci\u00f3n y la reparaci\u00f3n inmediata en caso de accidente. Mientras que la ley actual es meramente reparatoria, donde hay un precio vil por la vida del trabajador y prima la mirada financiera del negocio patronal.<\/p>\n<p>Pero hoy, lo m\u00e1s importante es ver este proceso de cambio que se est\u00e1 dando en la sociedad, donde hay una serie de tercerizaciones de la econom\u00eda que lleva a que existan otras tareas a realizar, otros empleos que nosotros queremos que se constituyan en trabajos. Mientras el poder quiere llevar esas tareas al mundo del empleo, nosotros decimos que tienen que formar parte del mundo del trabajo comunitario, solidario, remunerado y obviamente registrado, en el marco de un nuevo modelo que debe estar inclu\u00eddo en el mundo del trabajo y no del empleo, no de las tareas.<\/p>\n<p>Para finalizar, nada de lo antedicho puede estar escindido de los dos grandes ejes transversales a todo que son g\u00e9nero y medio ambiente: resulta imprescindible incorporarlos en este modelo de investigaci\u00f3n y entendimiento para concebir una forma de autogobierno de las y los trabajadores.<br \/>\nEn ese sentido se acaba de aplicar el Convenio 190 de la OIT sobre perspectiva de g\u00e9nero aplicada a los lugares de trabajo. A su vez, all\u00ed donde la problem\u00e1tica est\u00e1 m\u00e1s presente, debemos bregar por el cuidado del medio ambiente en el lugar del trabajo. Porque si no somos los propios trabajadores y trabajadoras quienes tomamos conciencia de que cuidar el medio ambiente es cuidar nuestra salud y supervivencia, como clase y como especie, lo dem\u00e1s pierde sentido.<br \/>\n<strong><br \/>\n* Por Marcelo Fiscina, secretario de Salud Laboral de la CTAA Capital<\/strong><\/p>\n<p>&nbsp;<\/p>\n<p><strong>CTA Capital<\/strong><br \/>\nCentral de \u00a0Trabajadores de la Argentina \u00a0\/ Capital<\/p>\n<h3>Tel\u00e9fono: 4361-2421<br \/>\nprensa@ctacapital.org<\/h3>\n<p>https:\/\/www.facebook.com\/cta.capital<\/p>\n<div class=\"sharedaddy sd-sharing-enabled\"><div class=\"robots-nocontent sd-block sd-social sd-social-icon sd-sharing\"><h3 class=\"sd-title\">Share this post<\/h3><div class=\"sd-content\"><ul><li class=\"share-facebook\"><a rel=\"nofollow noopener noreferrer\" data-shared=\"sharing-facebook-7461\" class=\"share-facebook sd-button share-icon no-text\" href=\"https:\/\/28april.org\/?p=7461&amp;share=facebook\" target=\"_blank\" title=\"Click to share on Facebook\" ><span><\/span><span class=\"sharing-screen-reader-text\">Click to share on Facebook (Opens in new window)<\/span><\/a><\/li><li class=\"share-linkedin\"><a rel=\"nofollow noopener noreferrer\" data-shared=\"sharing-linkedin-7461\" class=\"share-linkedin sd-button share-icon no-text\" href=\"https:\/\/28april.org\/?p=7461&amp;share=linkedin\" target=\"_blank\" title=\"Click to share on LinkedIn\" ><span><\/span><span class=\"sharing-screen-reader-text\">Click to share on LinkedIn (Opens in new window)<\/span><\/a><\/li><li class=\"share-twitter\"><a rel=\"nofollow noopener noreferrer\" data-shared=\"sharing-twitter-7461\" class=\"share-twitter sd-button share-icon no-text\" href=\"https:\/\/28april.org\/?p=7461&amp;share=twitter\" target=\"_blank\" title=\"Click to share on Twitter\" ><span><\/span><span class=\"sharing-screen-reader-text\">Click to share on Twitter (Opens in new window)<\/span><\/a><\/li><li class=\"share-pocket\"><a rel=\"nofollow noopener noreferrer\" data-shared=\"\" class=\"share-pocket sd-button share-icon no-text\" href=\"https:\/\/28april.org\/?p=7461&amp;share=pocket\" target=\"_blank\" title=\"Click to share on Pocket\" ><span><\/span><span class=\"sharing-screen-reader-text\">Click to share on Pocket (Opens in new window)<\/span><\/a><\/li><li class=\"share-jetpack-whatsapp\"><a rel=\"nofollow noopener noreferrer\" data-shared=\"\" class=\"share-jetpack-whatsapp sd-button share-icon no-text\" href=\"https:\/\/28april.org\/?p=7461&amp;share=jetpack-whatsapp\" target=\"_blank\" title=\"Click to share on WhatsApp\" ><span><\/span><span class=\"sharing-screen-reader-text\">Click to share on WhatsApp (Opens in new window)<\/span><\/a><\/li><li class=\"share-print\"><a rel=\"nofollow noopener noreferrer\" data-shared=\"\" class=\"share-print sd-button share-icon no-text\" href=\"https:\/\/28april.org\/?p=7461\" target=\"_blank\" title=\"Click to print\" ><span><\/span><span class=\"sharing-screen-reader-text\">Click to print (Opens in new window)<\/span><\/a><\/li><li class=\"share-email\"><a rel=\"nofollow noopener noreferrer\" data-shared=\"\" class=\"share-email sd-button share-icon no-text\" href=\"mailto:?subject=%5BShared%20Post%5D%20Argentina%3A%20%E2%80%9CDebemos%20recuperar%20la%20dimensi%C3%B3n%20de%20la%20salud%20en%20el%20%C3%A1mbito%20de%20trabajo%E2%80%9D%20-%20CTA%20capital&body=https%3A%2F%2F28april.org%2F%3Fp%3D7461&share=email\" target=\"_blank\" title=\"Click to email a link to a friend\" data-email-share-error-title=\"Do you have email set up?\" data-email-share-error-text=\"If you&#039;re having problems sharing via email, you might not have email set up for your browser. You may need to create a new email yourself.\" data-email-share-nonce=\"3b074f4532\" data-email-share-track-url=\"https:\/\/28april.org\/?p=7461&amp;share=email\"><span><\/span><span class=\"sharing-screen-reader-text\">Click to email a link to a friend (Opens in new window)<\/span><\/a><\/li><li class=\"share-pinterest\"><a rel=\"nofollow noopener noreferrer\" data-shared=\"sharing-pinterest-7461\" class=\"share-pinterest sd-button share-icon no-text\" href=\"https:\/\/28april.org\/?p=7461&amp;share=pinterest\" target=\"_blank\" title=\"Click to share on Pinterest\" ><span><\/span><span class=\"sharing-screen-reader-text\">Click to share on Pinterest (Opens in new window)<\/span><\/a><\/li><li class=\"share-telegram\"><a rel=\"nofollow noopener noreferrer\" data-shared=\"\" class=\"share-telegram sd-button share-icon no-text\" href=\"https:\/\/28april.org\/?p=7461&amp;share=telegram\" target=\"_blank\" title=\"Click to share on Telegram\" ><span><\/span><span class=\"sharing-screen-reader-text\">Click to share on Telegram (Opens in new window)<\/span><\/a><\/li><li class=\"share-end\"><\/li><\/ul><\/div><\/div><\/div>","protected":false},"excerpt":{"rendered":"<p>Con la llegada de un nuevo D\u00eda Internacional de la Seguridad en el Trabajo, desde la Secretar\u00eda de Salud Laboral de la CTAA Capital, se elabor\u00f3 una reflexi\u00f3n -que se publica a continuaci\u00f3n- sobre los desaf\u00edos que enfrenta la clase trabajadora en ese tema. Cada 28 de abril conmemoramos el D\u00eda Internacional de la Seguridad &hellip; <a href=\"https:\/\/28april.org\/?p=7461\" class=\"more-link\">Continue reading <span class=\"screen-reader-text\">Argentina: \u201cDebemos recuperar la dimensi\u00f3n de la salud en el \u00e1mbito de trabajo\u201d &#8211; CTA capital<\/span> <span class=\"meta-nav\">&rarr;<\/span><\/a><\/p>\n<div class=\"sharedaddy sd-sharing-enabled\"><div class=\"robots-nocontent sd-block sd-social sd-social-icon sd-sharing\"><h3 class=\"sd-title\">Share this post<\/h3><div class=\"sd-content\"><ul><li class=\"share-facebook\"><a rel=\"nofollow noopener noreferrer\" data-shared=\"sharing-facebook-7461\" class=\"share-facebook sd-button share-icon no-text\" href=\"https:\/\/28april.org\/?p=7461&amp;share=facebook\" target=\"_blank\" title=\"Click to share on Facebook\" ><span><\/span><span class=\"sharing-screen-reader-text\">Click to share on Facebook (Opens in new window)<\/span><\/a><\/li><li class=\"share-linkedin\"><a rel=\"nofollow noopener noreferrer\" data-shared=\"sharing-linkedin-7461\" class=\"share-linkedin sd-button share-icon no-text\" href=\"https:\/\/28april.org\/?p=7461&amp;share=linkedin\" target=\"_blank\" title=\"Click to share on LinkedIn\" ><span><\/span><span class=\"sharing-screen-reader-text\">Click to share on LinkedIn (Opens in new window)<\/span><\/a><\/li><li class=\"share-twitter\"><a rel=\"nofollow noopener noreferrer\" data-shared=\"sharing-twitter-7461\" class=\"share-twitter sd-button share-icon no-text\" href=\"https:\/\/28april.org\/?p=7461&amp;share=twitter\" target=\"_blank\" title=\"Click to share on Twitter\" ><span><\/span><span class=\"sharing-screen-reader-text\">Click to share on Twitter (Opens in new window)<\/span><\/a><\/li><li class=\"share-pocket\"><a rel=\"nofollow noopener noreferrer\" data-shared=\"\" class=\"share-pocket sd-button share-icon no-text\" href=\"https:\/\/28april.org\/?p=7461&amp;share=pocket\" target=\"_blank\" title=\"Click to share on Pocket\" ><span><\/span><span class=\"sharing-screen-reader-text\">Click to share on Pocket (Opens in new window)<\/span><\/a><\/li><li class=\"share-jetpack-whatsapp\"><a rel=\"nofollow noopener noreferrer\" data-shared=\"\" class=\"share-jetpack-whatsapp sd-button share-icon no-text\" href=\"https:\/\/28april.org\/?p=7461&amp;share=jetpack-whatsapp\" target=\"_blank\" title=\"Click to share on WhatsApp\" ><span><\/span><span class=\"sharing-screen-reader-text\">Click to share on WhatsApp (Opens in new window)<\/span><\/a><\/li><li class=\"share-print\"><a rel=\"nofollow noopener noreferrer\" data-shared=\"\" class=\"share-print sd-button share-icon no-text\" href=\"https:\/\/28april.org\/?p=7461\" target=\"_blank\" title=\"Click to print\" ><span><\/span><span class=\"sharing-screen-reader-text\">Click to print (Opens in new window)<\/span><\/a><\/li><li class=\"share-email\"><a rel=\"nofollow noopener noreferrer\" data-shared=\"\" class=\"share-email sd-button share-icon no-text\" href=\"mailto:?subject=%5BShared%20Post%5D%20Argentina%3A%20%E2%80%9CDebemos%20recuperar%20la%20dimensi%C3%B3n%20de%20la%20salud%20en%20el%20%C3%A1mbito%20de%20trabajo%E2%80%9D%20-%20CTA%20capital&body=https%3A%2F%2F28april.org%2F%3Fp%3D7461&share=email\" target=\"_blank\" title=\"Click to email a link to a friend\" data-email-share-error-title=\"Do you have email set up?\" data-email-share-error-text=\"If you&#039;re having problems sharing via email, you might not have email set up for your browser. You may need to create a new email yourself.\" data-email-share-nonce=\"3b074f4532\" data-email-share-track-url=\"https:\/\/28april.org\/?p=7461&amp;share=email\"><span><\/span><span class=\"sharing-screen-reader-text\">Click to email a link to a friend (Opens in new window)<\/span><\/a><\/li><li class=\"share-pinterest\"><a rel=\"nofollow noopener noreferrer\" data-shared=\"sharing-pinterest-7461\" class=\"share-pinterest sd-button share-icon no-text\" href=\"https:\/\/28april.org\/?p=7461&amp;share=pinterest\" target=\"_blank\" title=\"Click to share on Pinterest\" ><span><\/span><span class=\"sharing-screen-reader-text\">Click to share on Pinterest (Opens in new window)<\/span><\/a><\/li><li class=\"share-telegram\"><a rel=\"nofollow noopener noreferrer\" data-shared=\"\" class=\"share-telegram sd-button share-icon no-text\" href=\"https:\/\/28april.org\/?p=7461&amp;share=telegram\" target=\"_blank\" title=\"Click to share on Telegram\" ><span><\/span><span class=\"sharing-screen-reader-text\">Click to share on Telegram (Opens in new window)<\/span><\/a><\/li><li class=\"share-end\"><\/li><\/ul><\/div><\/div><\/div>","protected":false},"author":1,"featured_media":0,"comment_status":"open","ping_status":"open","sticky":false,"template":"","format":"standard","meta":{"jetpack_post_was_ever_published":false},"categories":[1986,2067,2025,4,3],"tags":[1988,692,159,2068],"jetpack_featured_media_url":"","jetpack_shortlink":"https:\/\/wp.me\/p7r6RV-1Wl","jetpack_sharing_enabled":true,"jetpack_likes_enabled":false,"_links":{"self":[{"href":"https:\/\/28april.org\/index.php?rest_route=\/wp\/v2\/posts\/7461"}],"collection":[{"href":"https:\/\/28april.org\/index.php?rest_route=\/wp\/v2\/posts"}],"about":[{"href":"https:\/\/28april.org\/index.php?rest_route=\/wp\/v2\/types\/post"}],"author":[{"embeddable":true,"href":"https:\/\/28april.org\/index.php?rest_route=\/wp\/v2\/users\/1"}],"replies":[{"embeddable":true,"href":"https:\/\/28april.org\/index.php?rest_route=%2Fwp%2Fv2%2Fcomments&post=7461"}],"version-history":[{"count":1,"href":"https:\/\/28april.org\/index.php?rest_route=\/wp\/v2\/posts\/7461\/revisions"}],"predecessor-version":[{"id":7462,"href":"https:\/\/28april.org\/index.php?rest_route=\/wp\/v2\/posts\/7461\/revisions\/7462"}],"wp:attachment":[{"href":"https:\/\/28april.org\/index.php?rest_route=%2Fwp%2Fv2%2Fmedia&parent=7461"}],"wp:term":[{"taxonomy":"category","embeddable":true,"href":"https:\/\/28april.org\/index.php?rest_route=%2Fwp%2Fv2%2Fcategories&post=7461"},{"taxonomy":"post_tag","embeddable":true,"href":"https:\/\/28april.org\/index.php?rest_route=%2Fwp%2Fv2%2Ftags&post=7461"}],"curies":[{"name":"wp","href":"https:\/\/api.w.org\/{rel}","templated":true}]}}