{"id":7416,"date":"2025-04-27T08:15:17","date_gmt":"2025-04-27T07:15:17","guid":{"rendered":"https:\/\/28april.org\/?p=7416"},"modified":"2025-04-27T08:28:28","modified_gmt":"2025-04-27T07:28:28","slug":"france-759-morts-au-travail-en-2023-une-aggravation-alarmante-qui-appelle-une-reponse-a-la-hauteur-cgt","status":"publish","type":"post","link":"https:\/\/28april.org\/?p=7416","title":{"rendered":"France: 759 morts au travail en 2023 &#8211; une aggravation alarmante qui appelle une r\u00e9ponse \u00e0 la hauteur &#8211; CGT"},"content":{"rendered":"<p><b><span lang=\"FR\" data-olk-copy-source=\"MessageBody\">759 mort\u00b7es au travail en 2023 : une aggravation alarmante qui demande une r\u00e9ponse \u00e0 la hauteur.<\/span><\/b><\/p>\n<p><span lang=\"FR\">Publi\u00e9 le 23 avr. 2025<\/span><\/p>\n<p><span lang=\"FR\">1282 travailleur\u00b7euses sont mort\u00b7es au travail ou du fait du travail, dans un silence assourdissant des pouvoirs publics. La CGT alerte sur la d\u00e9gradation des conditions de travail et ses cons\u00e9quences sur la sant\u00e9 des travailleur\u00b7euses.<\/span><\/p>\n<p><span lang=\"FR\">A l\u2019occasion de la journ\u00e9e mondiale pour la sant\u00e9 et la s\u00e9curit\u00e9 des travailleurs et travailleuses, le constat est gla\u00e7ant\u00a0:\u00a0<\/span><\/p>\n<ul type=\"disc\">\n<li><span lang=\"FR\">759 morts au travail, 21 d\u00e9c\u00e8s de plus qu\u2019en 2022 soit une augmentation de 2,8% en un an\u00a0;<\/span><\/li>\n<li><span lang=\"FR\">332 morts des suites d\u2019un accident de trajet\u00a0;<\/span><\/li>\n<li><span lang=\"FR\">196 morts des suites d\u2019une maladie professionnelle, soit un accroissement de 7,1%\u00a0;<\/span><\/li>\n<li><span lang=\"FR\">3700 cas suppl\u00e9mentaires des troubles musculosquelettiques (TMS), soit une hausse sans pr\u00e9c\u00e9dent de 9,5%.\u00a0<\/span><\/li>\n<\/ul>\n<p><span lang=\"FR\">Par ailleurs, la sous-d\u00e9claration des accidents du travail et maladies professionnelles (AT\/MP), dont le montant est estim\u00e9 entre 2 et 3,8 milliards d\u2019euros, vient, par ricochet, plomber le budget des indemnit\u00e9s journali\u00e8res maladie, r\u00e9form\u00e9es derni\u00e8rement par le gouvernement Bayrou au d\u00e9triment des malades.<\/span><\/p>\n<p><span lang=\"FR\">Les r\u00e9formes successives du syst\u00e8me de retraite, qui repoussent l\u2019\u00e2ge de d\u00e9part aujourd\u2019hui \u00e0 64 ans, ont des cons\u00e9quences catastrophiques sur la sant\u00e9 des travailleurs et travailleuses, et notamment sur la reconnaissance de la p\u00e9nibilit\u00e9.\u00a0<\/span><\/p>\n<p><span lang=\"FR\">Avec la concertation ouverte par le Premier ministre, ce sont les services actifs et super actifs de la fonction publique qui sont sur la sellette. Concr\u00e8tement ce sont des m\u00e9tiers essentiels comme les aides-soignantes ou les \u00e9goutiers qui pourraient voir leur dispositif de d\u00e9part anticip\u00e9 supprim\u00e9. Rappelons que les \u00e9goutiers ont une esp\u00e9rance de vie inf\u00e9rieure de 17 ans \u00e0 la moyenne g\u00e9n\u00e9rale\u00a0: si cette r\u00e9forme passe ils seraient condamn\u00e9s \u00e0 ne jamais arriver \u00e0 la retraite\u00a0!<\/span><\/p>\n<p><span lang=\"FR\">Gouvernement et patronat s\u2019abritent derri\u00e8re le C2P (compte professionnel de pr\u00e9vention) comme \u00ab\u00a0la\u00a0\u00bb solution \u00e0 la p\u00e9nibilit\u00e9. Or ce compte individuel a des crit\u00e8res tellement restreints que tr\u00e8s peu de travailleur\u00b7euses y ont acc\u00e8s (environ 5000 comptes sont ouverts aujourd\u2019hui). La CGT s\u2019est par ailleurs oppos\u00e9e \u00e0 la mise en place du Fonds d\u2019investissement pour la pr\u00e9vention de l\u2019usure professionnelle (FIPU) car ce sont des subventions aux entreprises (1 milliard \/ 4 ans) pour accompagner les transitions professionnelles sans reconnaissance de la p\u00e9nibilit\u00e9.\u00a0<\/span><\/p>\n<p><b><span lang=\"FR\">La CGT revendique aussi pour tous les travailleurs et travailleuses\u00a0:\u00a0<\/span><\/b><\/p>\n<ul type=\"disc\">\n<li><span lang=\"FR\">Des d\u00e9parts anticip\u00e9s pour les m\u00e9tiers p\u00e9nibles, l\u2019invalidit\u00e9, l\u2019incapacit\u00e9, le handicap et les carri\u00e8res longues<\/span><\/li>\n<li><span lang=\"FR\">Le retour des Comit\u00e9s d\u2019Hygi\u00e8ne, de s\u00e9curit\u00e9 et des conditions de travail (CHSCT) en int\u00e9grant la dimension environnementale<\/span><\/li>\n<li><span lang=\"FR\">L\u2019int\u00e9gration de la m\u00e9decine du travail dans la S\u00e9curit\u00e9 sociale<\/span><\/li>\n<li><span lang=\"FR\">Le doublement du nombre d\u2019inspecteur\u00b7rices du travail et des contr\u00f4leur\u00b7ses \/pr\u00e9venteur\u00b7ses des\u00a0caisses d&#8217;assurance retraite et de la sant\u00e9 au travail\u00a0(CARSAT)<\/span><\/li>\n<\/ul>\n<p><b><span lang=\"FR\">Ce 28 avril, la CGT visibilisera les m\u00e9tiers particuli\u00e8rement p\u00e9nibles et accidentog\u00e8ne lors de rassemblement devant les h\u00f4pitaux lieux symboliques o\u00f9 arrivent de trop nombreux travailleurs et travailleuses bless\u00e9\u00b7es, notamment \u00e0 Nantes, Paris, Anges, Le Mans\u2026<\/span><\/b><\/p>\n<p><b><span lang=\"FR\">La CGT appelle \u00e0 renforcer ces actions en affichant nos m\u00e9tiers en tenue profession\u00adnelle (\u00e9goutiers, blouses blanches, casques, et tous signes professionnels), ou selon les r\u00e9alit\u00e9s locales devant les services du minis\u00adt\u00e8re du travail (Dreets, Deets).<\/span><\/b><\/p>\n<p><span lang=\"FR\">Montreuil, le 23 avril 2025<\/span><\/p>\n<p><a href=\"https:\/\/www.cgt.fr\/comm-de-presse\/759-mortes-au-travail-en-2023-une-aggravation-alarmante-qui-demande-une-reponse-la-hauteur\">CGT<\/a><\/p>\n<div class=\"sharedaddy sd-sharing-enabled\"><div class=\"robots-nocontent sd-block sd-social sd-social-icon sd-sharing\"><h3 class=\"sd-title\">Share this post<\/h3><div class=\"sd-content\"><ul><li class=\"share-facebook\"><a rel=\"nofollow noopener noreferrer\" data-shared=\"sharing-facebook-7416\" class=\"share-facebook sd-button share-icon no-text\" href=\"https:\/\/28april.org\/?p=7416&amp;share=facebook\" target=\"_blank\" title=\"Click to share on Facebook\" ><span><\/span><span class=\"sharing-screen-reader-text\">Click to share on Facebook (Opens in new window)<\/span><\/a><\/li><li class=\"share-linkedin\"><a rel=\"nofollow noopener noreferrer\" data-shared=\"sharing-linkedin-7416\" class=\"share-linkedin sd-button share-icon no-text\" href=\"https:\/\/28april.org\/?p=7416&amp;share=linkedin\" target=\"_blank\" title=\"Click to share on LinkedIn\" ><span><\/span><span class=\"sharing-screen-reader-text\">Click to share on LinkedIn (Opens in new window)<\/span><\/a><\/li><li class=\"share-twitter\"><a rel=\"nofollow noopener noreferrer\" data-shared=\"sharing-twitter-7416\" class=\"share-twitter sd-button share-icon no-text\" href=\"https:\/\/28april.org\/?p=7416&amp;share=twitter\" target=\"_blank\" title=\"Click to share on Twitter\" ><span><\/span><span class=\"sharing-screen-reader-text\">Click to share on Twitter (Opens in new window)<\/span><\/a><\/li><li class=\"share-pocket\"><a rel=\"nofollow noopener noreferrer\" data-shared=\"\" class=\"share-pocket sd-button share-icon no-text\" href=\"https:\/\/28april.org\/?p=7416&amp;share=pocket\" target=\"_blank\" title=\"Click to share on Pocket\" ><span><\/span><span class=\"sharing-screen-reader-text\">Click to share on Pocket (Opens in new window)<\/span><\/a><\/li><li class=\"share-jetpack-whatsapp\"><a rel=\"nofollow noopener noreferrer\" data-shared=\"\" class=\"share-jetpack-whatsapp sd-button share-icon no-text\" href=\"https:\/\/28april.org\/?p=7416&amp;share=jetpack-whatsapp\" target=\"_blank\" title=\"Click to share on WhatsApp\" ><span><\/span><span class=\"sharing-screen-reader-text\">Click to share on WhatsApp (Opens in new window)<\/span><\/a><\/li><li class=\"share-print\"><a rel=\"nofollow noopener noreferrer\" data-shared=\"\" class=\"share-print sd-button share-icon no-text\" href=\"https:\/\/28april.org\/?p=7416\" target=\"_blank\" title=\"Click to print\" ><span><\/span><span class=\"sharing-screen-reader-text\">Click to print (Opens in new window)<\/span><\/a><\/li><li class=\"share-email\"><a rel=\"nofollow noopener noreferrer\" data-shared=\"\" class=\"share-email sd-button share-icon no-text\" href=\"mailto:?subject=%5BShared%20Post%5D%20France%3A%20759%20morts%20au%20travail%20en%202023%20-%20une%20aggravation%20alarmante%20qui%20appelle%20une%20r%C3%A9ponse%20%C3%A0%20la%20hauteur%20-%20CGT&body=https%3A%2F%2F28april.org%2F%3Fp%3D7416&share=email\" target=\"_blank\" title=\"Click to email a link to a friend\" data-email-share-error-title=\"Do you have email set up?\" data-email-share-error-text=\"If you&#039;re having problems sharing via email, you might not have email set up for your browser. You may need to create a new email yourself.\" data-email-share-nonce=\"45dca1218f\" data-email-share-track-url=\"https:\/\/28april.org\/?p=7416&amp;share=email\"><span><\/span><span class=\"sharing-screen-reader-text\">Click to email a link to a friend (Opens in new window)<\/span><\/a><\/li><li class=\"share-pinterest\"><a rel=\"nofollow noopener noreferrer\" data-shared=\"sharing-pinterest-7416\" class=\"share-pinterest sd-button share-icon no-text\" href=\"https:\/\/28april.org\/?p=7416&amp;share=pinterest\" target=\"_blank\" title=\"Click to share on Pinterest\" ><span><\/span><span class=\"sharing-screen-reader-text\">Click to share on Pinterest (Opens in new window)<\/span><\/a><\/li><li class=\"share-telegram\"><a rel=\"nofollow noopener noreferrer\" data-shared=\"\" class=\"share-telegram sd-button share-icon no-text\" href=\"https:\/\/28april.org\/?p=7416&amp;share=telegram\" target=\"_blank\" title=\"Click to share on Telegram\" ><span><\/span><span class=\"sharing-screen-reader-text\">Click to share on Telegram (Opens in new window)<\/span><\/a><\/li><li class=\"share-end\"><\/li><\/ul><\/div><\/div><\/div>","protected":false},"excerpt":{"rendered":"<p>759 mort\u00b7es au travail en 2023 : une aggravation alarmante qui demande une r\u00e9ponse \u00e0 la hauteur. Publi\u00e9 le 23 avr. 2025 1282 travailleur\u00b7euses sont mort\u00b7es au travail ou du fait du travail, dans un silence assourdissant des pouvoirs publics. La CGT alerte sur la d\u00e9gradation des conditions de travail et ses cons\u00e9quences sur la &hellip; <a href=\"https:\/\/28april.org\/?p=7416\" class=\"more-link\">Continue reading <span class=\"screen-reader-text\">France: 759 morts au travail en 2023 &#8211; une aggravation alarmante qui appelle une r\u00e9ponse \u00e0 la hauteur &#8211; CGT<\/span> <span class=\"meta-nav\">&rarr;<\/span><\/a><\/p>\n<div class=\"sharedaddy sd-sharing-enabled\"><div class=\"robots-nocontent sd-block sd-social sd-social-icon sd-sharing\"><h3 class=\"sd-title\">Share this post<\/h3><div class=\"sd-content\"><ul><li class=\"share-facebook\"><a rel=\"nofollow noopener noreferrer\" data-shared=\"sharing-facebook-7416\" class=\"share-facebook sd-button share-icon no-text\" href=\"https:\/\/28april.org\/?p=7416&amp;share=facebook\" target=\"_blank\" title=\"Click to share on Facebook\" ><span><\/span><span class=\"sharing-screen-reader-text\">Click to share on Facebook (Opens in new window)<\/span><\/a><\/li><li class=\"share-linkedin\"><a rel=\"nofollow noopener noreferrer\" data-shared=\"sharing-linkedin-7416\" class=\"share-linkedin sd-button share-icon no-text\" href=\"https:\/\/28april.org\/?p=7416&amp;share=linkedin\" target=\"_blank\" title=\"Click to share on LinkedIn\" ><span><\/span><span class=\"sharing-screen-reader-text\">Click to share on LinkedIn (Opens in new window)<\/span><\/a><\/li><li class=\"share-twitter\"><a rel=\"nofollow noopener noreferrer\" data-shared=\"sharing-twitter-7416\" class=\"share-twitter sd-button share-icon no-text\" href=\"https:\/\/28april.org\/?p=7416&amp;share=twitter\" target=\"_blank\" title=\"Click to share on Twitter\" ><span><\/span><span class=\"sharing-screen-reader-text\">Click to share on Twitter (Opens in new window)<\/span><\/a><\/li><li class=\"share-pocket\"><a rel=\"nofollow noopener noreferrer\" data-shared=\"\" class=\"share-pocket sd-button share-icon no-text\" href=\"https:\/\/28april.org\/?p=7416&amp;share=pocket\" target=\"_blank\" title=\"Click to share on Pocket\" ><span><\/span><span class=\"sharing-screen-reader-text\">Click to share on Pocket (Opens in new window)<\/span><\/a><\/li><li class=\"share-jetpack-whatsapp\"><a rel=\"nofollow noopener noreferrer\" data-shared=\"\" class=\"share-jetpack-whatsapp sd-button share-icon no-text\" href=\"https:\/\/28april.org\/?p=7416&amp;share=jetpack-whatsapp\" target=\"_blank\" title=\"Click to share on WhatsApp\" ><span><\/span><span class=\"sharing-screen-reader-text\">Click to share on WhatsApp (Opens in new window)<\/span><\/a><\/li><li class=\"share-print\"><a rel=\"nofollow noopener noreferrer\" data-shared=\"\" class=\"share-print sd-button share-icon no-text\" href=\"https:\/\/28april.org\/?p=7416\" target=\"_blank\" title=\"Click to print\" ><span><\/span><span class=\"sharing-screen-reader-text\">Click to print (Opens in new window)<\/span><\/a><\/li><li class=\"share-email\"><a rel=\"nofollow noopener noreferrer\" data-shared=\"\" class=\"share-email sd-button share-icon no-text\" href=\"mailto:?subject=%5BShared%20Post%5D%20France%3A%20759%20morts%20au%20travail%20en%202023%20-%20une%20aggravation%20alarmante%20qui%20appelle%20une%20r%C3%A9ponse%20%C3%A0%20la%20hauteur%20-%20CGT&body=https%3A%2F%2F28april.org%2F%3Fp%3D7416&share=email\" target=\"_blank\" title=\"Click to email a link to a friend\" data-email-share-error-title=\"Do you have email set up?\" data-email-share-error-text=\"If you&#039;re having problems sharing via email, you might not have email set up for your browser. You may need to create a new email yourself.\" data-email-share-nonce=\"45dca1218f\" data-email-share-track-url=\"https:\/\/28april.org\/?p=7416&amp;share=email\"><span><\/span><span class=\"sharing-screen-reader-text\">Click to email a link to a friend (Opens in new window)<\/span><\/a><\/li><li class=\"share-pinterest\"><a rel=\"nofollow noopener noreferrer\" data-shared=\"sharing-pinterest-7416\" class=\"share-pinterest sd-button share-icon no-text\" href=\"https:\/\/28april.org\/?p=7416&amp;share=pinterest\" target=\"_blank\" title=\"Click to share on Pinterest\" ><span><\/span><span class=\"sharing-screen-reader-text\">Click to share on Pinterest (Opens in new window)<\/span><\/a><\/li><li class=\"share-telegram\"><a rel=\"nofollow noopener noreferrer\" data-shared=\"\" class=\"share-telegram sd-button share-icon no-text\" href=\"https:\/\/28april.org\/?p=7416&amp;share=telegram\" target=\"_blank\" title=\"Click to share on Telegram\" ><span><\/span><span class=\"sharing-screen-reader-text\">Click to share on Telegram (Opens in new window)<\/span><\/a><\/li><li class=\"share-end\"><\/li><\/ul><\/div><\/div><\/div>","protected":false},"author":1,"featured_media":0,"comment_status":"open","ping_status":"open","sticky":false,"template":"","format":"standard","meta":{"jetpack_post_was_ever_published":false},"categories":[1986,1990,2059,4,3],"tags":[1988,692,158,313],"jetpack_featured_media_url":"","jetpack_shortlink":"https:\/\/wp.me\/p7r6RV-1VC","jetpack_sharing_enabled":true,"jetpack_likes_enabled":false,"_links":{"self":[{"href":"https:\/\/28april.org\/index.php?rest_route=\/wp\/v2\/posts\/7416"}],"collection":[{"href":"https:\/\/28april.org\/index.php?rest_route=\/wp\/v2\/posts"}],"about":[{"href":"https:\/\/28april.org\/index.php?rest_route=\/wp\/v2\/types\/post"}],"author":[{"embeddable":true,"href":"https:\/\/28april.org\/index.php?rest_route=\/wp\/v2\/users\/1"}],"replies":[{"embeddable":true,"href":"https:\/\/28april.org\/index.php?rest_route=%2Fwp%2Fv2%2Fcomments&post=7416"}],"version-history":[{"count":1,"href":"https:\/\/28april.org\/index.php?rest_route=\/wp\/v2\/posts\/7416\/revisions"}],"predecessor-version":[{"id":7418,"href":"https:\/\/28april.org\/index.php?rest_route=\/wp\/v2\/posts\/7416\/revisions\/7418"}],"wp:attachment":[{"href":"https:\/\/28april.org\/index.php?rest_route=%2Fwp%2Fv2%2Fmedia&parent=7416"}],"wp:term":[{"taxonomy":"category","embeddable":true,"href":"https:\/\/28april.org\/index.php?rest_route=%2Fwp%2Fv2%2Fcategories&post=7416"},{"taxonomy":"post_tag","embeddable":true,"href":"https:\/\/28april.org\/index.php?rest_route=%2Fwp%2Fv2%2Ftags&post=7416"}],"curies":[{"name":"wp","href":"https:\/\/api.w.org\/{rel}","templated":true}]}}