{"id":6873,"date":"2024-04-27T14:30:09","date_gmt":"2024-04-27T14:30:09","guid":{"rendered":"https:\/\/28april.org\/?p=6873"},"modified":"2024-04-27T14:33:55","modified_gmt":"2024-04-27T14:33:55","slug":"austria-commemorating-to-lost-workers-on-28-april","status":"publish","type":"post","link":"https:\/\/28april.org\/?p=6873","title":{"rendered":"Austria: 19.000 Tote pro Jahr durch arbeitsbedingte Hautkrebserkrankungen &#8211; OGB"},"content":{"rendered":"<div class=\"\n    article__element  article__element--subtitle article__element--non-empty\" data-cmp-contentfragment-element-type=\"string\"><\/p>\n<div class=\"article__paragraphs\">\n<p>Angesichts der steigenden Bedrohung steht der 28. April heuer im Zeichen des Klimawandels<\/p>\n<\/div>\n<\/div>\n<div>\n<div class=\"aem-Grid aem-Grid--12 aem-Grid--default--12 \"><img src=\"https:\/\/ogb.scene7.com\/is\/image\/ogb\/ivan-henao-04rZ7R1fKhY-unsplash?qlt=85&amp;wid=1600&amp;ts=1714123451629&amp;dpr=on,1.100000023841858\" alt=\"DIe steigende Zahl der Hitzetoten zeigt, dass Klimaschutz auch Arbeitnehmer:inneschutz ist. \" \/><\/div>\n<\/div>\n<div class=\"\n    article__element  article__element--author article__element--non-empty\" data-cmp-contentfragment-element-type=\"person\"><\/p>\n<div class=\"ex-article-meta\">\n<div class=\"ex-article-meta_info\">\n<div class=\"ex-article-meta_author-name\">Perigan Eraslan<\/div>\n<div class=\"ex-article-meta_article-date\">26. April 2024<\/div>\n<\/div>\n<\/div>\n<\/div>\n<div>\n<div class=\"aem-Grid aem-Grid--12 aem-Grid--default--12 \"><\/div>\n<\/div>\n<div class=\"\n    article__element  article__element--mainText article__element--non-empty\" data-cmp-contentfragment-element-type=\"string\"><\/p>\n<div class=\"article__paragraphs\">\n<p>Der \u201eWorkers\u2019 Memorial Day&#8221; erinnert jedes Jahr am 28. April an all jene Arbeitnehmer:innen, die auf einer Arbeitsst\u00e4tte verunfallt sind.<\/p>\n<div>\n<div class=\"aem-Grid aem-Grid--12 aem-Grid--default--12 \"><\/div>\n<\/div>\n<p>J\u00e4hrlich sterben rund 19.000 Arbeitnehmer:innen an einer arbeitsbedingten Hautkrebserkrankung. \u00dcber 860.000 sterben an Luftverschmutzung am Arbeitsplatz, weitere 300.000 erliegen an Pestizid-Vergiftungen in der Landwirtschaft. Das belegen Studien der Internationalen Arbeitsorganisation ILO aus den Jahren 2018 bis 2023. Der Internationale Gewerkschaftsbund (IGB) fordert deshalb, dass Klimarisiken f\u00fcr Besch\u00e4ftigte ernst genommen werden und endlich politische Ma\u00dfnahmen folgen m\u00fcssen.<\/p>\n<div>\n<div class=\"aem-Grid aem-Grid--12 aem-Grid--default--12 \"><\/div>\n<\/div>\n<h2 id=\"Hitzefrei_statt_Hitzeschlag\">Hitzefrei statt Hitzeschlag<\/h2>\n<div>\n<div class=\"aem-Grid aem-Grid--12 aem-Grid--default--12 \"><\/div>\n<\/div>\n<p>Der Klimawandel bedroht die Gesundheit und manchmal auch das Leben von Arbeitnehmer:innen \u2013 besonders, wenn sie in immer hei\u00dferen Sommern in extremer Hitze arbeiten m\u00fcssen. Klar ist: Wir brauchen rasch mehr Ma\u00dfnahmen, um die Menschen zu sch\u00fctzen.<\/p>\n<div>\n<div class=\"aem-Grid aem-Grid--12 aem-Grid--default--12 \"><\/div>\n<\/div>\n<p>Das findet auch der Vorsitzende der Gewerkschaft Bau-Holz Josef Muchitsch, denn Bauarbeiter:innen bekommen die volle Wucht der Erw\u00e4rmung am eigenen Leibe zu sp\u00fcren: \u201eAuf Baustellen sind die Folgen des Klimawandels bereits sp\u00fcrbar. Die Hitzewellen kommen immer fr\u00fcher und wirken immer erdr\u00fcckender auf Bauarbeiter:innen.\u201c\u00a0 Um die Wucht der Erw\u00e4rmung etwas abzumildern, gibt es in \u00d6sterreich bereits eine \u201eHitze-Regelung\u201c \u2013 die gilt allerdings nur f\u00fcr Besch\u00e4ftigte im Baubereich und ohne Rechtsanspruch. Arbeitgeber k\u00f6nnen Hitzefrei anordnen und Arbeiter:innen ab 32,5 Grad nach Hause schicken. Die Besch\u00e4ftigten bekommen dann 60 Prozent des Bruttolohns als Entsch\u00e4digung f\u00fcr jene Stunden, die nicht gearbeitet werden, der Arbeitgeber kann sich dieses Geld von der Bauarbeiter-Urlaubs- und Abfertigungskasse (BUAK) zur\u00fcckholen.<\/p>\n<div>\n<div class=\"aem-Grid aem-Grid--12 aem-Grid--default--12 \"><\/div>\n<\/div>\n<p>Nicht nur f\u00fcr Besch\u00e4ftigte, die im Freien arbeiten, w\u00e4re ein Rechtsanspruch auf Hitzefrei eine wichtige Entlastung, auch die Belastung in Innenr\u00e4umen ist nicht zu vernachl\u00e4ssigen. Die Unfall- und Verletzungsgefahr steigt n\u00e4mlich unabh\u00e4ngig davon, ob die W\u00e4rme von der Sonne oder vom Hochofen kommt. \u201eMehr bezahlte Pausen und k\u00fchle Erholungsr\u00e4ume\u201d sind f\u00fcr den Vorsitzenden der Gewerkschaft PRO-GE, Reinhold Binder, unumg\u00e4nglich.<\/p>\n<div>\n<div class=\"aem-Grid aem-Grid--12 aem-Grid--default--12 \">\n<div class=\"experiencefragment aem-GridColumn aem-GridColumn--default--12\">\n<div id=\"experiencefragment-bf4e66d772\" class=\"cmp-experiencefragment cmp-experiencefragment--genereller-nl\">\n<div id=\"container-82fb9f08e0\" class=\"cmp-container   anchor-enabled\">\n<div class=\"aem-Grid aem-Grid--12 aem-Grid--default--12 \">\n<div class=\"newsletterbanner embed aem-GridColumn aem-GridColumn--default--12\">\n<div class=\"cmp-embed ex-newsletter-banner full-width anchor-enabled\">\n<div class=\"ex-newsletter-banner__container content-width\">\n<div class=\"ex-newsletter-banner__text\">\n<div class=\"ex-newsletter-banner__pre-headline\">Bleib informiert \u00fcber deine Arbeitswelt!<\/div>\n<div class=\"ex-newsletter-banner__headline\">Jeden Freitag: Das Wichtigste aus einer Woche<\/div>\n<\/div>\n<\/div>\n<\/div>\n<\/div>\n<\/div>\n<\/div>\n<\/div>\n<\/div>\n<\/div>\n<\/div>\n<h2 id=\"Arbeitnehmerinnen_brauchen_ein_klimafittes_Arbeitsrecht\"><b>Arbeitnehmer:innen brauchen ein klimafittes Arbeitsrecht<\/b><\/h2>\n<div>\n<div class=\"aem-Grid aem-Grid--12 aem-Grid--default--12 \"><\/div>\n<\/div>\n<p>Das Arbeitsrecht an die Kima-Herausforderungen anzupassen, ist ein wichtiger Teil der \u201eJust Transition\u201c-Bewegung, die auch der \u00d6GB unterst\u00fctzt und die eine sozialgerechte \u00f6kologische Wende anstrebt. \u00a0\u201eHitzefrei\u201d ab gewissen Temperaturen k\u00f6nne aber nur eine von vielen Ma\u00dfnahmen sein, betont \u00d6GB-Klimaexperte Martin Reiter: \u201eArbeitnehmer:innen d\u00fcrfen nicht l\u00e4nger mit ihrer Gesundheit f\u00fcr die Unt\u00e4tigkeit anderer bezahlen. Die Just Transition bedeutet gute Arbeitsbedingungen, aber auch sichere Jobs mit Zukunft.\u201c<\/p>\n<\/div>\n<\/div>\n<p>&nbsp;<\/p>\n<div class=\"sharedaddy sd-sharing-enabled\"><div class=\"robots-nocontent sd-block sd-social sd-social-icon sd-sharing\"><h3 class=\"sd-title\">Share this post<\/h3><div class=\"sd-content\"><ul><li class=\"share-facebook\"><a rel=\"nofollow noopener noreferrer\" data-shared=\"sharing-facebook-6873\" class=\"share-facebook sd-button share-icon no-text\" href=\"https:\/\/28april.org\/?p=6873&amp;share=facebook\" target=\"_blank\" title=\"Click to share on Facebook\" ><span><\/span><span class=\"sharing-screen-reader-text\">Click to share on Facebook (Opens in new window)<\/span><\/a><\/li><li class=\"share-linkedin\"><a rel=\"nofollow noopener noreferrer\" data-shared=\"sharing-linkedin-6873\" class=\"share-linkedin sd-button share-icon no-text\" href=\"https:\/\/28april.org\/?p=6873&amp;share=linkedin\" target=\"_blank\" title=\"Click to share on LinkedIn\" ><span><\/span><span class=\"sharing-screen-reader-text\">Click to share on LinkedIn (Opens in new window)<\/span><\/a><\/li><li class=\"share-twitter\"><a rel=\"nofollow noopener noreferrer\" data-shared=\"sharing-twitter-6873\" class=\"share-twitter sd-button share-icon no-text\" href=\"https:\/\/28april.org\/?p=6873&amp;share=twitter\" target=\"_blank\" title=\"Click to share on Twitter\" ><span><\/span><span class=\"sharing-screen-reader-text\">Click to share on Twitter (Opens in new window)<\/span><\/a><\/li><li class=\"share-pocket\"><a rel=\"nofollow noopener noreferrer\" data-shared=\"\" class=\"share-pocket sd-button share-icon no-text\" href=\"https:\/\/28april.org\/?p=6873&amp;share=pocket\" target=\"_blank\" title=\"Click to share on Pocket\" ><span><\/span><span class=\"sharing-screen-reader-text\">Click to share on Pocket (Opens in new window)<\/span><\/a><\/li><li class=\"share-jetpack-whatsapp\"><a rel=\"nofollow noopener noreferrer\" data-shared=\"\" class=\"share-jetpack-whatsapp sd-button share-icon no-text\" href=\"https:\/\/28april.org\/?p=6873&amp;share=jetpack-whatsapp\" target=\"_blank\" title=\"Click to share on WhatsApp\" ><span><\/span><span class=\"sharing-screen-reader-text\">Click to share on WhatsApp (Opens in new window)<\/span><\/a><\/li><li class=\"share-print\"><a rel=\"nofollow noopener noreferrer\" data-shared=\"\" class=\"share-print sd-button share-icon no-text\" href=\"https:\/\/28april.org\/?p=6873\" target=\"_blank\" title=\"Click to print\" ><span><\/span><span class=\"sharing-screen-reader-text\">Click to print (Opens in new window)<\/span><\/a><\/li><li class=\"share-email\"><a rel=\"nofollow noopener noreferrer\" data-shared=\"\" class=\"share-email sd-button share-icon no-text\" href=\"mailto:?subject=%5BShared%20Post%5D%20Austria%3A%2019.000%20Tote%20pro%20Jahr%20durch%20arbeitsbedingte%20Hautkrebserkrankungen%20-%20OGB&body=https%3A%2F%2F28april.org%2F%3Fp%3D6873&share=email\" target=\"_blank\" title=\"Click to email a link to a friend\" data-email-share-error-title=\"Do you have email set up?\" data-email-share-error-text=\"If you&#039;re having problems sharing via email, you might not have email set up for your browser. You may need to create a new email yourself.\" data-email-share-nonce=\"9aa5291c18\" data-email-share-track-url=\"https:\/\/28april.org\/?p=6873&amp;share=email\"><span><\/span><span class=\"sharing-screen-reader-text\">Click to email a link to a friend (Opens in new window)<\/span><\/a><\/li><li class=\"share-pinterest\"><a rel=\"nofollow noopener noreferrer\" data-shared=\"sharing-pinterest-6873\" class=\"share-pinterest sd-button share-icon no-text\" href=\"https:\/\/28april.org\/?p=6873&amp;share=pinterest\" target=\"_blank\" title=\"Click to share on Pinterest\" ><span><\/span><span class=\"sharing-screen-reader-text\">Click to share on Pinterest (Opens in new window)<\/span><\/a><\/li><li class=\"share-telegram\"><a rel=\"nofollow noopener noreferrer\" data-shared=\"\" class=\"share-telegram sd-button share-icon no-text\" href=\"https:\/\/28april.org\/?p=6873&amp;share=telegram\" target=\"_blank\" title=\"Click to share on Telegram\" ><span><\/span><span class=\"sharing-screen-reader-text\">Click to share on Telegram (Opens in new window)<\/span><\/a><\/li><li class=\"share-end\"><\/li><\/ul><\/div><\/div><\/div>","protected":false},"excerpt":{"rendered":"<p>Angesichts der steigenden Bedrohung steht der 28. April heuer im Zeichen des Klimawandels Perigan Eraslan 26. April 2024 Der \u201eWorkers\u2019 Memorial Day&#8221; erinnert jedes Jahr am 28. April an all jene Arbeitnehmer:innen, die auf einer Arbeitsst\u00e4tte verunfallt sind. J\u00e4hrlich sterben rund 19.000 Arbeitnehmer:innen an einer arbeitsbedingten Hautkrebserkrankung. \u00dcber 860.000 sterben an Luftverschmutzung am Arbeitsplatz, weitere &hellip; <a href=\"https:\/\/28april.org\/?p=6873\" class=\"more-link\">Continue reading <span class=\"screen-reader-text\">Austria: 19.000 Tote pro Jahr durch arbeitsbedingte Hautkrebserkrankungen &#8211; OGB<\/span> <span class=\"meta-nav\">&rarr;<\/span><\/a><\/p>\n<div class=\"sharedaddy sd-sharing-enabled\"><div class=\"robots-nocontent sd-block sd-social sd-social-icon sd-sharing\"><h3 class=\"sd-title\">Share this post<\/h3><div class=\"sd-content\"><ul><li class=\"share-facebook\"><a rel=\"nofollow noopener noreferrer\" data-shared=\"sharing-facebook-6873\" class=\"share-facebook sd-button share-icon no-text\" href=\"https:\/\/28april.org\/?p=6873&amp;share=facebook\" target=\"_blank\" title=\"Click to share on Facebook\" ><span><\/span><span class=\"sharing-screen-reader-text\">Click to share on Facebook (Opens in new window)<\/span><\/a><\/li><li class=\"share-linkedin\"><a rel=\"nofollow noopener noreferrer\" data-shared=\"sharing-linkedin-6873\" class=\"share-linkedin sd-button share-icon no-text\" href=\"https:\/\/28april.org\/?p=6873&amp;share=linkedin\" target=\"_blank\" title=\"Click to share on LinkedIn\" ><span><\/span><span class=\"sharing-screen-reader-text\">Click to share on LinkedIn (Opens in new window)<\/span><\/a><\/li><li class=\"share-twitter\"><a rel=\"nofollow noopener noreferrer\" data-shared=\"sharing-twitter-6873\" class=\"share-twitter sd-button share-icon no-text\" href=\"https:\/\/28april.org\/?p=6873&amp;share=twitter\" target=\"_blank\" title=\"Click to share on Twitter\" ><span><\/span><span class=\"sharing-screen-reader-text\">Click to share on Twitter (Opens in new window)<\/span><\/a><\/li><li class=\"share-pocket\"><a rel=\"nofollow noopener noreferrer\" data-shared=\"\" class=\"share-pocket sd-button share-icon no-text\" href=\"https:\/\/28april.org\/?p=6873&amp;share=pocket\" target=\"_blank\" title=\"Click to share on Pocket\" ><span><\/span><span class=\"sharing-screen-reader-text\">Click to share on Pocket (Opens in new window)<\/span><\/a><\/li><li class=\"share-jetpack-whatsapp\"><a rel=\"nofollow noopener noreferrer\" data-shared=\"\" class=\"share-jetpack-whatsapp sd-button share-icon no-text\" href=\"https:\/\/28april.org\/?p=6873&amp;share=jetpack-whatsapp\" target=\"_blank\" title=\"Click to share on WhatsApp\" ><span><\/span><span class=\"sharing-screen-reader-text\">Click to share on WhatsApp (Opens in new window)<\/span><\/a><\/li><li class=\"share-print\"><a rel=\"nofollow noopener noreferrer\" data-shared=\"\" class=\"share-print sd-button share-icon no-text\" href=\"https:\/\/28april.org\/?p=6873\" target=\"_blank\" title=\"Click to print\" ><span><\/span><span class=\"sharing-screen-reader-text\">Click to print (Opens in new window)<\/span><\/a><\/li><li class=\"share-email\"><a rel=\"nofollow noopener noreferrer\" data-shared=\"\" class=\"share-email sd-button share-icon no-text\" href=\"mailto:?subject=%5BShared%20Post%5D%20Austria%3A%2019.000%20Tote%20pro%20Jahr%20durch%20arbeitsbedingte%20Hautkrebserkrankungen%20-%20OGB&body=https%3A%2F%2F28april.org%2F%3Fp%3D6873&share=email\" target=\"_blank\" title=\"Click to email a link to a friend\" data-email-share-error-title=\"Do you have email set up?\" data-email-share-error-text=\"If you&#039;re having problems sharing via email, you might not have email set up for your browser. You may need to create a new email yourself.\" data-email-share-nonce=\"9aa5291c18\" data-email-share-track-url=\"https:\/\/28april.org\/?p=6873&amp;share=email\"><span><\/span><span class=\"sharing-screen-reader-text\">Click to email a link to a friend (Opens in new window)<\/span><\/a><\/li><li class=\"share-pinterest\"><a rel=\"nofollow noopener noreferrer\" data-shared=\"sharing-pinterest-6873\" class=\"share-pinterest sd-button share-icon no-text\" href=\"https:\/\/28april.org\/?p=6873&amp;share=pinterest\" target=\"_blank\" title=\"Click to share on Pinterest\" ><span><\/span><span class=\"sharing-screen-reader-text\">Click to share on Pinterest (Opens in new window)<\/span><\/a><\/li><li class=\"share-telegram\"><a rel=\"nofollow noopener noreferrer\" data-shared=\"\" class=\"share-telegram sd-button share-icon no-text\" href=\"https:\/\/28april.org\/?p=6873&amp;share=telegram\" target=\"_blank\" title=\"Click to share on Telegram\" ><span><\/span><span class=\"sharing-screen-reader-text\">Click to share on Telegram (Opens in new window)<\/span><\/a><\/li><li class=\"share-end\"><\/li><\/ul><\/div><\/div><\/div>","protected":false},"author":1,"featured_media":0,"comment_status":"open","ping_status":"open","sticky":false,"template":"","format":"standard","meta":{"jetpack_post_was_ever_published":false},"categories":[1839,1913,1850,4,3],"tags":[1841,692,1280],"jetpack_featured_media_url":"","jetpack_shortlink":"https:\/\/wp.me\/p7r6RV-1MR","jetpack_sharing_enabled":true,"jetpack_likes_enabled":false,"_links":{"self":[{"href":"https:\/\/28april.org\/index.php?rest_route=\/wp\/v2\/posts\/6873"}],"collection":[{"href":"https:\/\/28april.org\/index.php?rest_route=\/wp\/v2\/posts"}],"about":[{"href":"https:\/\/28april.org\/index.php?rest_route=\/wp\/v2\/types\/post"}],"author":[{"embeddable":true,"href":"https:\/\/28april.org\/index.php?rest_route=\/wp\/v2\/users\/1"}],"replies":[{"embeddable":true,"href":"https:\/\/28april.org\/index.php?rest_route=%2Fwp%2Fv2%2Fcomments&post=6873"}],"version-history":[{"count":3,"href":"https:\/\/28april.org\/index.php?rest_route=\/wp\/v2\/posts\/6873\/revisions"}],"predecessor-version":[{"id":6876,"href":"https:\/\/28april.org\/index.php?rest_route=\/wp\/v2\/posts\/6873\/revisions\/6876"}],"wp:attachment":[{"href":"https:\/\/28april.org\/index.php?rest_route=%2Fwp%2Fv2%2Fmedia&parent=6873"}],"wp:term":[{"taxonomy":"category","embeddable":true,"href":"https:\/\/28april.org\/index.php?rest_route=%2Fwp%2Fv2%2Fcategories&post=6873"},{"taxonomy":"post_tag","embeddable":true,"href":"https:\/\/28april.org\/index.php?rest_route=%2Fwp%2Fv2%2Ftags&post=6873"}],"curies":[{"name":"wp","href":"https:\/\/api.w.org\/{rel}","templated":true}]}}