{"id":6728,"date":"2024-04-22T15:29:20","date_gmt":"2024-04-22T15:29:20","guid":{"rendered":"https:\/\/28april.org\/?p=6728"},"modified":"2024-04-22T15:30:01","modified_gmt":"2024-04-22T15:30:01","slug":"brazil-dia-mundial-em-memoria-das-vitimas-dos-acidentes-e-doencas-do-trabalho-movimento-abril-verde","status":"publish","type":"post","link":"https:\/\/28april.org\/?p=6728","title":{"rendered":"Brazil: Dia Mundial em Mem\u00f3ria das V\u00edtimas dos Acidentes e Doen\u00e7as do Trabalho &#8211; Movimento Abril Verde"},"content":{"rendered":"<p><img src=\"https:\/\/abrilverde.com.br\/portal\/wp-content\/uploads\/2023\/04\/28-de-abril-verde-2023-1-940x525.png\" \/><\/p>\n<p>A Organiza\u00e7\u00e3o Internacional do Trabalho (OIT) instituiu o dia 28 de abril como o Dia Mundial da Seguran\u00e7a e da Sa\u00fade no Trabalho, em mem\u00f3ria \u00e0s v\u00edtimas de acidentes e doen\u00e7as relacionadas ao trabalho. No Brasil, a\u00a0Lei 11.121\/2005\u00a0instituiu o mesmo dia como o Dia Nacional em Mem\u00f3ria das V\u00edtimas de Acidentes e Doen\u00e7as do Trabalho.<\/p>\n<p>De acordo com a Previd\u00eancia Social e o Minist\u00e9rio do Trabalho, no Brasil acontecem mais de 700 mil acidentes do trabalho por ano.<br \/>\nO dia 28 de abril significa, no mundo inteiro, a data escolhida para lembrar dos trabalhadores e trabalhadoras vitimados por acidentes do trabalho e por doen\u00e7as profissionais e outras doen\u00e7as relacionadas ao trabalho, e para lutar por melhores condi\u00e7\u00f5es de trabalho, para que tais perdas humanas n\u00e3o voltem, jamais, a acontecer. E que jamais voltem a ser toleradas e \u201cnaturalizadas\u201d pela sociedade, pelos empregadores e pelos governos, como se isto fosse normal; fosse \u2018inerente\u2019 ao trabalho; fosse o \u2018pre\u00e7o do progresso\u2019, e outras fal\u00e1cias que constroem e mant\u00eam uma ideologia perversa. Isto n\u00e3o poderia ser jamais tolerado! E isto deve ser dito e repetido no 28 de abril de cada ano, e em todos os outros dias do ano, todos os anos!<br \/>\nProposto pelos movimentos sociais dos EUA, a data foi escolhida em fun\u00e7\u00e3o do dia 28 de abril de 1969, quando a explos\u00e3o de uma mina em Farmington, no Estado da Virg\u00ednia, matou 78 trabalhadores. A iniciativa de criar um \u201cMemorial Day\u201d rapidamente alcan\u00e7ou os movimentos sociais e de trabalhadores de outros pa\u00edses, e, tamb\u00e9m, chegou no Brasil.<\/p>\n<p>Por sua vez, a Organiza\u00e7\u00e3o Internacional do Trabalho (OIT), a partir de 2003, elegeu o \u201928 de abril\u201d para celebrar o \u201cDia Mundial de Seguran\u00e7a e Sa\u00fade no Trabalho\u201d. No Brasil, o \u201cDia Internacional em Mem\u00f3ria das V\u00edtimas de Acidentes e Doen\u00e7as do Trabalho\u201d, com o dram\u00e1tico subt\u00edtulo \u201cLembrar os mortos \u2013 Lutar pelos vivos\u201d, tornou-se, de 2005 em diante, o \u201cDia Nacional em Mem\u00f3ria das V\u00edtimas de Acidentes e Doen\u00e7as do Trabalho\u201d, gra\u00e7as \u00e0 Lei no. 11.121\/2005. Portanto, as diferentes iniciativas, com pequenas varia\u00e7\u00f5es no nome, convergem na grande quest\u00e3o da Sa\u00fade e Seguran\u00e7a dos Trabalhadores e Trabalhadores, que deve ser lembrada todos os dias, e que tem o \u201c28 de abril\u201d como data emblem\u00e1tica de mem\u00f3ria, de luta e de promo\u00e7\u00e3o do Trabalho Digno, Seguro e Saud\u00e1vel.<\/p>\n<p>#abrilverde<\/p>\n<blockquote class=\"wp-embedded-content\" data-secret=\"by6zGaOiGt\"><p><a href=\"https:\/\/abrilverde.com.br\/portal\/2023\/04\/28\/dia-28-de-abril\/\">Dia 28 de abril<\/a><\/p><\/blockquote>\n<p><iframe class=\"wp-embedded-content\" sandbox=\"allow-scripts\" security=\"restricted\" style=\"position: absolute; clip: rect(1px, 1px, 1px, 1px);\" title=\"&#8220;Dia 28 de abril&#8221; &#8212; Abril Verde\" src=\"https:\/\/abrilverde.com.br\/portal\/2023\/04\/28\/dia-28-de-abril\/embed\/#?secret=IXf5sWWHLq#?secret=by6zGaOiGt\" data-secret=\"by6zGaOiGt\" width=\"474\" height=\"267\" frameborder=\"0\" marginwidth=\"0\" marginheight=\"0\" scrolling=\"no\"><\/iframe><\/p>\n<div class=\"sharedaddy sd-sharing-enabled\"><div class=\"robots-nocontent sd-block sd-social sd-social-icon sd-sharing\"><h3 class=\"sd-title\">Share this post<\/h3><div class=\"sd-content\"><ul><li class=\"share-facebook\"><a rel=\"nofollow noopener noreferrer\" data-shared=\"sharing-facebook-6728\" class=\"share-facebook sd-button share-icon no-text\" href=\"https:\/\/28april.org\/?p=6728&amp;share=facebook\" target=\"_blank\" title=\"Click to share on Facebook\" ><span><\/span><span class=\"sharing-screen-reader-text\">Click to share on Facebook (Opens in new window)<\/span><\/a><\/li><li class=\"share-linkedin\"><a rel=\"nofollow noopener noreferrer\" data-shared=\"sharing-linkedin-6728\" class=\"share-linkedin sd-button share-icon no-text\" href=\"https:\/\/28april.org\/?p=6728&amp;share=linkedin\" target=\"_blank\" title=\"Click to share on LinkedIn\" ><span><\/span><span class=\"sharing-screen-reader-text\">Click to share on LinkedIn (Opens in new window)<\/span><\/a><\/li><li class=\"share-twitter\"><a rel=\"nofollow noopener noreferrer\" data-shared=\"sharing-twitter-6728\" class=\"share-twitter sd-button share-icon no-text\" href=\"https:\/\/28april.org\/?p=6728&amp;share=twitter\" target=\"_blank\" title=\"Click to share on Twitter\" ><span><\/span><span class=\"sharing-screen-reader-text\">Click to share on Twitter (Opens in new window)<\/span><\/a><\/li><li class=\"share-pocket\"><a rel=\"nofollow noopener noreferrer\" data-shared=\"\" class=\"share-pocket sd-button share-icon no-text\" href=\"https:\/\/28april.org\/?p=6728&amp;share=pocket\" target=\"_blank\" title=\"Click to share on Pocket\" ><span><\/span><span class=\"sharing-screen-reader-text\">Click to share on Pocket (Opens in new window)<\/span><\/a><\/li><li class=\"share-jetpack-whatsapp\"><a rel=\"nofollow noopener noreferrer\" data-shared=\"\" class=\"share-jetpack-whatsapp sd-button share-icon no-text\" href=\"https:\/\/28april.org\/?p=6728&amp;share=jetpack-whatsapp\" target=\"_blank\" title=\"Click to share on WhatsApp\" ><span><\/span><span class=\"sharing-screen-reader-text\">Click to share on WhatsApp (Opens in new window)<\/span><\/a><\/li><li class=\"share-print\"><a rel=\"nofollow noopener noreferrer\" data-shared=\"\" class=\"share-print sd-button share-icon no-text\" href=\"https:\/\/28april.org\/?p=6728\" target=\"_blank\" title=\"Click to print\" ><span><\/span><span class=\"sharing-screen-reader-text\">Click to print (Opens in new window)<\/span><\/a><\/li><li class=\"share-email\"><a rel=\"nofollow noopener noreferrer\" data-shared=\"\" class=\"share-email sd-button share-icon no-text\" href=\"mailto:?subject=%5BShared%20Post%5D%20Brazil%3A%20Dia%20Mundial%20em%20Mem%C3%B3ria%20das%20V%C3%ADtimas%20dos%20Acidentes%20e%20Doen%C3%A7as%20do%20Trabalho%20-%20Movimento%20Abril%20Verde&body=https%3A%2F%2F28april.org%2F%3Fp%3D6728&share=email\" target=\"_blank\" title=\"Click to email a link to a friend\" data-email-share-error-title=\"Do you have email set up?\" data-email-share-error-text=\"If you&#039;re having problems sharing via email, you might not have email set up for your browser. You may need to create a new email yourself.\" data-email-share-nonce=\"0c1756453e\" data-email-share-track-url=\"https:\/\/28april.org\/?p=6728&amp;share=email\"><span><\/span><span class=\"sharing-screen-reader-text\">Click to email a link to a friend (Opens in new window)<\/span><\/a><\/li><li class=\"share-pinterest\"><a rel=\"nofollow noopener noreferrer\" data-shared=\"sharing-pinterest-6728\" class=\"share-pinterest sd-button share-icon no-text\" href=\"https:\/\/28april.org\/?p=6728&amp;share=pinterest\" target=\"_blank\" title=\"Click to share on Pinterest\" ><span><\/span><span class=\"sharing-screen-reader-text\">Click to share on Pinterest (Opens in new window)<\/span><\/a><\/li><li class=\"share-telegram\"><a rel=\"nofollow noopener noreferrer\" data-shared=\"\" class=\"share-telegram sd-button share-icon no-text\" href=\"https:\/\/28april.org\/?p=6728&amp;share=telegram\" target=\"_blank\" title=\"Click to share on Telegram\" ><span><\/span><span class=\"sharing-screen-reader-text\">Click to share on Telegram (Opens in new window)<\/span><\/a><\/li><li class=\"share-end\"><\/li><\/ul><\/div><\/div><\/div>","protected":false},"excerpt":{"rendered":"<p>A Organiza\u00e7\u00e3o Internacional do Trabalho (OIT) instituiu o dia 28 de abril como o Dia Mundial da Seguran\u00e7a e da Sa\u00fade no Trabalho, em mem\u00f3ria \u00e0s v\u00edtimas de acidentes e doen\u00e7as relacionadas ao trabalho. No Brasil, a\u00a0Lei 11.121\/2005\u00a0instituiu o mesmo dia como o Dia Nacional em Mem\u00f3ria das V\u00edtimas de Acidentes e Doen\u00e7as do Trabalho. &hellip; <a href=\"https:\/\/28april.org\/?p=6728\" class=\"more-link\">Continue reading <span class=\"screen-reader-text\">Brazil: Dia Mundial em Mem\u00f3ria das V\u00edtimas dos Acidentes e Doen\u00e7as do Trabalho &#8211; Movimento Abril Verde<\/span> <span class=\"meta-nav\">&rarr;<\/span><\/a><\/p>\n<div class=\"sharedaddy sd-sharing-enabled\"><div class=\"robots-nocontent sd-block sd-social sd-social-icon sd-sharing\"><h3 class=\"sd-title\">Share this post<\/h3><div class=\"sd-content\"><ul><li class=\"share-facebook\"><a rel=\"nofollow noopener noreferrer\" data-shared=\"sharing-facebook-6728\" class=\"share-facebook sd-button share-icon no-text\" href=\"https:\/\/28april.org\/?p=6728&amp;share=facebook\" target=\"_blank\" title=\"Click to share on Facebook\" ><span><\/span><span class=\"sharing-screen-reader-text\">Click to share on Facebook (Opens in new window)<\/span><\/a><\/li><li class=\"share-linkedin\"><a rel=\"nofollow noopener noreferrer\" data-shared=\"sharing-linkedin-6728\" class=\"share-linkedin sd-button share-icon no-text\" href=\"https:\/\/28april.org\/?p=6728&amp;share=linkedin\" target=\"_blank\" title=\"Click to share on LinkedIn\" ><span><\/span><span class=\"sharing-screen-reader-text\">Click to share on LinkedIn (Opens in new window)<\/span><\/a><\/li><li class=\"share-twitter\"><a rel=\"nofollow noopener noreferrer\" data-shared=\"sharing-twitter-6728\" class=\"share-twitter sd-button share-icon no-text\" href=\"https:\/\/28april.org\/?p=6728&amp;share=twitter\" target=\"_blank\" title=\"Click to share on Twitter\" ><span><\/span><span class=\"sharing-screen-reader-text\">Click to share on Twitter (Opens in new window)<\/span><\/a><\/li><li class=\"share-pocket\"><a rel=\"nofollow noopener noreferrer\" data-shared=\"\" class=\"share-pocket sd-button share-icon no-text\" href=\"https:\/\/28april.org\/?p=6728&amp;share=pocket\" target=\"_blank\" title=\"Click to share on Pocket\" ><span><\/span><span class=\"sharing-screen-reader-text\">Click to share on Pocket (Opens in new window)<\/span><\/a><\/li><li class=\"share-jetpack-whatsapp\"><a rel=\"nofollow noopener noreferrer\" data-shared=\"\" class=\"share-jetpack-whatsapp sd-button share-icon no-text\" href=\"https:\/\/28april.org\/?p=6728&amp;share=jetpack-whatsapp\" target=\"_blank\" title=\"Click to share on WhatsApp\" ><span><\/span><span class=\"sharing-screen-reader-text\">Click to share on WhatsApp (Opens in new window)<\/span><\/a><\/li><li class=\"share-print\"><a rel=\"nofollow noopener noreferrer\" data-shared=\"\" class=\"share-print sd-button share-icon no-text\" href=\"https:\/\/28april.org\/?p=6728\" target=\"_blank\" title=\"Click to print\" ><span><\/span><span class=\"sharing-screen-reader-text\">Click to print (Opens in new window)<\/span><\/a><\/li><li class=\"share-email\"><a rel=\"nofollow noopener noreferrer\" data-shared=\"\" class=\"share-email sd-button share-icon no-text\" href=\"mailto:?subject=%5BShared%20Post%5D%20Brazil%3A%20Dia%20Mundial%20em%20Mem%C3%B3ria%20das%20V%C3%ADtimas%20dos%20Acidentes%20e%20Doen%C3%A7as%20do%20Trabalho%20-%20Movimento%20Abril%20Verde&body=https%3A%2F%2F28april.org%2F%3Fp%3D6728&share=email\" target=\"_blank\" title=\"Click to email a link to a friend\" data-email-share-error-title=\"Do you have email set up?\" data-email-share-error-text=\"If you&#039;re having problems sharing via email, you might not have email set up for your browser. You may need to create a new email yourself.\" data-email-share-nonce=\"0c1756453e\" data-email-share-track-url=\"https:\/\/28april.org\/?p=6728&amp;share=email\"><span><\/span><span class=\"sharing-screen-reader-text\">Click to email a link to a friend (Opens in new window)<\/span><\/a><\/li><li class=\"share-pinterest\"><a rel=\"nofollow noopener noreferrer\" data-shared=\"sharing-pinterest-6728\" class=\"share-pinterest sd-button share-icon no-text\" href=\"https:\/\/28april.org\/?p=6728&amp;share=pinterest\" target=\"_blank\" title=\"Click to share on Pinterest\" ><span><\/span><span class=\"sharing-screen-reader-text\">Click to share on Pinterest (Opens in new window)<\/span><\/a><\/li><li class=\"share-telegram\"><a rel=\"nofollow noopener noreferrer\" data-shared=\"\" class=\"share-telegram sd-button share-icon no-text\" href=\"https:\/\/28april.org\/?p=6728&amp;share=telegram\" target=\"_blank\" title=\"Click to share on Telegram\" ><span><\/span><span class=\"sharing-screen-reader-text\">Click to share on Telegram (Opens in new window)<\/span><\/a><\/li><li class=\"share-end\"><\/li><\/ul><\/div><\/div><\/div>","protected":false},"author":1,"featured_media":0,"comment_status":"open","ping_status":"open","sticky":false,"template":"","format":"standard","meta":{"jetpack_post_was_ever_published":false},"categories":[1878,1840,1877,4,3],"tags":[1841,692,765,93],"jetpack_featured_media_url":"","jetpack_shortlink":"https:\/\/wp.me\/p7r6RV-1Kw","jetpack_sharing_enabled":true,"jetpack_likes_enabled":false,"_links":{"self":[{"href":"https:\/\/28april.org\/index.php?rest_route=\/wp\/v2\/posts\/6728"}],"collection":[{"href":"https:\/\/28april.org\/index.php?rest_route=\/wp\/v2\/posts"}],"about":[{"href":"https:\/\/28april.org\/index.php?rest_route=\/wp\/v2\/types\/post"}],"author":[{"embeddable":true,"href":"https:\/\/28april.org\/index.php?rest_route=\/wp\/v2\/users\/1"}],"replies":[{"embeddable":true,"href":"https:\/\/28april.org\/index.php?rest_route=%2Fwp%2Fv2%2Fcomments&post=6728"}],"version-history":[{"count":1,"href":"https:\/\/28april.org\/index.php?rest_route=\/wp\/v2\/posts\/6728\/revisions"}],"predecessor-version":[{"id":6729,"href":"https:\/\/28april.org\/index.php?rest_route=\/wp\/v2\/posts\/6728\/revisions\/6729"}],"wp:attachment":[{"href":"https:\/\/28april.org\/index.php?rest_route=%2Fwp%2Fv2%2Fmedia&parent=6728"}],"wp:term":[{"taxonomy":"category","embeddable":true,"href":"https:\/\/28april.org\/index.php?rest_route=%2Fwp%2Fv2%2Fcategories&post=6728"},{"taxonomy":"post_tag","embeddable":true,"href":"https:\/\/28april.org\/index.php?rest_route=%2Fwp%2Fv2%2Ftags&post=6728"}],"curies":[{"name":"wp","href":"https:\/\/api.w.org\/{rel}","templated":true}]}}