{"id":6207,"date":"2023-04-27T14:27:57","date_gmt":"2023-04-27T14:27:57","guid":{"rendered":"https:\/\/28april.org\/?p=6207"},"modified":"2023-04-27T14:27:57","modified_gmt":"2023-04-27T14:27:57","slug":"portugal-sessao-comemorativa-do-dia-internacional-em-memoria-dos-trabalhadores-vitimas-de-acidentes-de-trabalho-e-doencas-profissionais-intitulada-vamos-agir-em-conjunto-para-atingir-zero-m","status":"publish","type":"post","link":"https:\/\/28april.org\/?p=6207","title":{"rendered":"Portugal: Sess\u00e3o Comemorativa do Dia Internacional em Mem\u00f3ria dos Trabalhadores V\u00edtimas de Acidentes de Trabalho e Doen\u00e7as Profissionais, intitulada \u201cVamos Agir em conjunto para atingir Zero Mortes no Trabalho at\u00e9 2030\u201d"},"content":{"rendered":"<p>No pr\u00f3ximo dia 27 de abril 2023 a UGT ir\u00e1 realizar na sua Sede, Rua Vitorino Nem\u00e9sio, n\u00ba 5, em Lisboa, a ter in\u00edcio pelas 14h30m, em formato h\u00edbrido, uma\u00a0<strong>Sess\u00e3o Comemorativa do\u00a0Dia Internacional em Mem\u00f3ria dos Trabalhadores V\u00edtimas de Acidentes de Trabalho\u00a0e Doen\u00e7as Profissionais<\/strong>, intitulada\u00a0<strong>\u201cVamos Agir em conjunto para atingir Zero Mortes no Trabalho at\u00e9 2030\u201d<\/strong>.<\/p>\n<p>Neste Dia Internacional em Mem\u00f3ria dos Trabalhadores, o movimento sindical alerta para o facto de quase 30.000 pessoas poderem perder a vida no trabalho, na UE, ao longo desta d\u00e9cada, caso n\u00e3o sejam adotadas medidas para tornar os locais de trabalho mais seguros e saud\u00e1veis.<\/p>\n<p><strong>Prev\u00ea-se que em Portugal ocorrem mais 481 mortes no trabalho at\u00e9 2030.<\/strong><\/p>\n<p>Como efeito, na \u00faltima d\u00e9cada, o n\u00famero de acidentes mortais no local de trabalho diminuiu lentamente, embora o progresso esteja longe de ser constante, com as mortes a aumentar novamente em 2019, segundo dados do Eurostat.<\/p>\n<p>Tendo em conta estas negras previs\u00f5es, a Confedera\u00e7\u00e3o Europeia de Sindicatos lan\u00e7ou um\u00a0<strong>Manifesto para ZERO MORTES NO TRABALHO<\/strong>, que apela aos l\u00edderes europeus a cumprirem o prometido no que respeita a salvar a vida dos trabalhadores.<\/p>\n<p>O Manifest\u00f3 &#8211; assinado por ministros, eurodeputados, dirigentes sindicais e peritos em Sa\u00fade e Seguran\u00e7a no Trabalho &#8211; apelou a um aumento da forma\u00e7\u00e3o em Sa\u00fade e Seguran\u00e7a no local de trabalho e a um aumento das inspe\u00e7\u00f5es e das san\u00e7\u00f5es, como forma de eliminar as mortes no local de trabalho, at\u00e9 2030.<\/p>\n<p><strong>Neste Dia Internacional em Mem\u00f3ria dos Trabalhadores, lembramo-nos dos mortos e continuamos a LUTAR PELOS VIVOS!<\/strong><\/p>\n<p><strong>PEDIMOS A MORTE ZERO NO TRABALHO.<\/strong><\/p>\n<p>Convidamos todos os interessados e interessadas a participar nesta Confer\u00eancia, no formato presencial ou online (conforme considerarem mais conveniente).<\/p>\n<p>Agradecemos a confirma\u00e7\u00e3o da sua presen\u00e7a para o seguinte endere\u00e7o de email:\u00a0<a href=\"mailto:maria.carmo@ugt.pt\">maria.carmo@ugt.pt<\/a>.<\/p>\n<p>Publicada por Seguran\u00e7a e Sa\u00fade no Trabalho em <a href=\"https:\/\/sst-ugt.blogspot.com\/2023\/04\/sessao-comemorativa-do-dia.html\">05:19<\/a><\/p>\n<p><a href=\"https:\/\/www.blogger.com\/share-post.g?blogID=4337699353294679242&amp;postID=2027096460255926912&amp;target=email\">Enviar a mensagem por email <\/a><a href=\"https:\/\/www.blogger.com\/share-post.g?blogID=4337699353294679242&amp;postID=2027096460255926912&amp;target=blog\">D\u00ea a sua opini\u00e3o! <\/a><a href=\"https:\/\/www.blogger.com\/share-post.g?blogID=4337699353294679242&amp;postID=2027096460255926912&amp;target=twitter\">Partilhar no Twitter <\/a><a href=\"https:\/\/www.blogger.com\/share-post.g?blogID=4337699353294679242&amp;postID=2027096460255926912&amp;target=facebook\">Partilhar no Facebook <\/a><\/p>\n<p>Etiquetas: <a href=\"https:\/\/sst-ugt.blogspot.com\/search\/label\/iniciativas%20Dep.%20SST\">iniciativas Dep. SST<\/a><\/p>\n<p><a href=\"https:\/\/sst-ugt.blogspot.com\/2023\/04\/sessao-comemorativa-do-dia.html?fbclid=IwAR1YJkKCXAAEQC4y6mTLsP3yfRPOv3hLzPi0GoduBvAnjxGIB6qApTOKKso\">https:\/\/sst-ugt.blogspot.com\/2023\/04\/sessao-comemorativa-do-dia.html?fbclid=IwAR1YJkKCXAAEQC4y6mTLsP3yfRPOv3hLzPi0GoduBvAnjxGIB6qApTOKKso<\/a><\/p>\n<div class=\"sharedaddy sd-sharing-enabled\"><div class=\"robots-nocontent sd-block sd-social sd-social-icon sd-sharing\"><h3 class=\"sd-title\">Share this post<\/h3><div class=\"sd-content\"><ul><li class=\"share-facebook\"><a rel=\"nofollow noopener noreferrer\" data-shared=\"sharing-facebook-6207\" class=\"share-facebook sd-button share-icon no-text\" href=\"https:\/\/28april.org\/?p=6207&amp;share=facebook\" target=\"_blank\" title=\"Click to share on Facebook\" ><span><\/span><span class=\"sharing-screen-reader-text\">Click to share on Facebook (Opens in new window)<\/span><\/a><\/li><li class=\"share-linkedin\"><a rel=\"nofollow noopener noreferrer\" data-shared=\"sharing-linkedin-6207\" class=\"share-linkedin sd-button share-icon no-text\" href=\"https:\/\/28april.org\/?p=6207&amp;share=linkedin\" target=\"_blank\" title=\"Click to share on LinkedIn\" ><span><\/span><span class=\"sharing-screen-reader-text\">Click to share on LinkedIn (Opens in new window)<\/span><\/a><\/li><li class=\"share-twitter\"><a rel=\"nofollow noopener noreferrer\" data-shared=\"sharing-twitter-6207\" class=\"share-twitter sd-button share-icon no-text\" href=\"https:\/\/28april.org\/?p=6207&amp;share=twitter\" target=\"_blank\" title=\"Click to share on Twitter\" ><span><\/span><span class=\"sharing-screen-reader-text\">Click to share on Twitter (Opens in new window)<\/span><\/a><\/li><li class=\"share-pocket\"><a rel=\"nofollow noopener noreferrer\" data-shared=\"\" class=\"share-pocket sd-button share-icon no-text\" href=\"https:\/\/28april.org\/?p=6207&amp;share=pocket\" target=\"_blank\" title=\"Click to share on Pocket\" ><span><\/span><span class=\"sharing-screen-reader-text\">Click to share on Pocket (Opens in new window)<\/span><\/a><\/li><li class=\"share-jetpack-whatsapp\"><a rel=\"nofollow noopener noreferrer\" data-shared=\"\" class=\"share-jetpack-whatsapp sd-button share-icon no-text\" href=\"https:\/\/28april.org\/?p=6207&amp;share=jetpack-whatsapp\" target=\"_blank\" title=\"Click to share on WhatsApp\" ><span><\/span><span class=\"sharing-screen-reader-text\">Click to share on WhatsApp (Opens in new window)<\/span><\/a><\/li><li class=\"share-print\"><a rel=\"nofollow noopener noreferrer\" data-shared=\"\" class=\"share-print sd-button share-icon no-text\" href=\"https:\/\/28april.org\/?p=6207\" target=\"_blank\" title=\"Click to print\" ><span><\/span><span class=\"sharing-screen-reader-text\">Click to print (Opens in new window)<\/span><\/a><\/li><li class=\"share-email\"><a rel=\"nofollow noopener noreferrer\" data-shared=\"\" class=\"share-email sd-button share-icon no-text\" href=\"mailto:?subject=%5BShared%20Post%5D%20Portugal%3A%20Sess%C3%A3o%20Comemorativa%20do%20Dia%20Internacional%20em%20Mem%C3%B3ria%20dos%20Trabalhadores%20V%C3%ADtimas%20de%20Acidentes%20de%20Trabalho%20e%20Doen%C3%A7as%20Profissionais%2C%20intitulada%20%E2%80%9CVamos%20Agir%20em%20conjunto%20para%20atingir%20Zero%20Mortes%20no%20Trabalho%20at%C3%A9%202030%E2%80%9D&body=https%3A%2F%2F28april.org%2F%3Fp%3D6207&share=email\" target=\"_blank\" title=\"Click to email a link to a friend\" data-email-share-error-title=\"Do you have email set up?\" data-email-share-error-text=\"If you&#039;re having problems sharing via email, you might not have email set up for your browser. You may need to create a new email yourself.\" data-email-share-nonce=\"e6506fb536\" data-email-share-track-url=\"https:\/\/28april.org\/?p=6207&amp;share=email\"><span><\/span><span class=\"sharing-screen-reader-text\">Click to email a link to a friend (Opens in new window)<\/span><\/a><\/li><li class=\"share-pinterest\"><a rel=\"nofollow noopener noreferrer\" data-shared=\"sharing-pinterest-6207\" class=\"share-pinterest sd-button share-icon no-text\" href=\"https:\/\/28april.org\/?p=6207&amp;share=pinterest\" target=\"_blank\" title=\"Click to share on Pinterest\" ><span><\/span><span class=\"sharing-screen-reader-text\">Click to share on Pinterest (Opens in new window)<\/span><\/a><\/li><li class=\"share-telegram\"><a rel=\"nofollow noopener noreferrer\" data-shared=\"\" class=\"share-telegram sd-button share-icon no-text\" href=\"https:\/\/28april.org\/?p=6207&amp;share=telegram\" target=\"_blank\" title=\"Click to share on Telegram\" ><span><\/span><span class=\"sharing-screen-reader-text\">Click to share on Telegram (Opens in new window)<\/span><\/a><\/li><li class=\"share-end\"><\/li><\/ul><\/div><\/div><\/div>","protected":false},"excerpt":{"rendered":"<p>No pr\u00f3ximo dia 27 de abril 2023 a UGT ir\u00e1 realizar na sua Sede, Rua Vitorino Nem\u00e9sio, n\u00ba 5, em Lisboa, a ter in\u00edcio pelas 14h30m, em formato h\u00edbrido, uma\u00a0Sess\u00e3o Comemorativa do\u00a0Dia Internacional em Mem\u00f3ria dos Trabalhadores V\u00edtimas de Acidentes de Trabalho\u00a0e Doen\u00e7as Profissionais, intitulada\u00a0\u201cVamos Agir em conjunto para atingir Zero Mortes no Trabalho at\u00e9 &hellip; <a href=\"https:\/\/28april.org\/?p=6207\" class=\"more-link\">Continue reading <span class=\"screen-reader-text\">Portugal: Sess\u00e3o Comemorativa do Dia Internacional em Mem\u00f3ria dos Trabalhadores V\u00edtimas de Acidentes de Trabalho e Doen\u00e7as Profissionais, intitulada \u201cVamos Agir em conjunto para atingir Zero Mortes no Trabalho at\u00e9 2030\u201d<\/span> <span class=\"meta-nav\">&rarr;<\/span><\/a><\/p>\n<div class=\"sharedaddy sd-sharing-enabled\"><div class=\"robots-nocontent sd-block sd-social sd-social-icon sd-sharing\"><h3 class=\"sd-title\">Share this post<\/h3><div class=\"sd-content\"><ul><li class=\"share-facebook\"><a rel=\"nofollow noopener noreferrer\" data-shared=\"sharing-facebook-6207\" class=\"share-facebook sd-button share-icon no-text\" href=\"https:\/\/28april.org\/?p=6207&amp;share=facebook\" target=\"_blank\" title=\"Click to share on Facebook\" ><span><\/span><span class=\"sharing-screen-reader-text\">Click to share on Facebook (Opens in new window)<\/span><\/a><\/li><li class=\"share-linkedin\"><a rel=\"nofollow noopener noreferrer\" data-shared=\"sharing-linkedin-6207\" class=\"share-linkedin sd-button share-icon no-text\" href=\"https:\/\/28april.org\/?p=6207&amp;share=linkedin\" target=\"_blank\" title=\"Click to share on LinkedIn\" ><span><\/span><span class=\"sharing-screen-reader-text\">Click to share on LinkedIn (Opens in new window)<\/span><\/a><\/li><li class=\"share-twitter\"><a rel=\"nofollow noopener noreferrer\" data-shared=\"sharing-twitter-6207\" class=\"share-twitter sd-button share-icon no-text\" href=\"https:\/\/28april.org\/?p=6207&amp;share=twitter\" target=\"_blank\" title=\"Click to share on Twitter\" ><span><\/span><span class=\"sharing-screen-reader-text\">Click to share on Twitter (Opens in new window)<\/span><\/a><\/li><li class=\"share-pocket\"><a rel=\"nofollow noopener noreferrer\" data-shared=\"\" class=\"share-pocket sd-button share-icon no-text\" href=\"https:\/\/28april.org\/?p=6207&amp;share=pocket\" target=\"_blank\" title=\"Click to share on Pocket\" ><span><\/span><span class=\"sharing-screen-reader-text\">Click to share on Pocket (Opens in new window)<\/span><\/a><\/li><li class=\"share-jetpack-whatsapp\"><a rel=\"nofollow noopener noreferrer\" data-shared=\"\" class=\"share-jetpack-whatsapp sd-button share-icon no-text\" href=\"https:\/\/28april.org\/?p=6207&amp;share=jetpack-whatsapp\" target=\"_blank\" title=\"Click to share on WhatsApp\" ><span><\/span><span class=\"sharing-screen-reader-text\">Click to share on WhatsApp (Opens in new window)<\/span><\/a><\/li><li class=\"share-print\"><a rel=\"nofollow noopener noreferrer\" data-shared=\"\" class=\"share-print sd-button share-icon no-text\" href=\"https:\/\/28april.org\/?p=6207\" target=\"_blank\" title=\"Click to print\" ><span><\/span><span class=\"sharing-screen-reader-text\">Click to print (Opens in new window)<\/span><\/a><\/li><li class=\"share-email\"><a rel=\"nofollow noopener noreferrer\" data-shared=\"\" class=\"share-email sd-button share-icon no-text\" href=\"mailto:?subject=%5BShared%20Post%5D%20Portugal%3A%20Sess%C3%A3o%20Comemorativa%20do%20Dia%20Internacional%20em%20Mem%C3%B3ria%20dos%20Trabalhadores%20V%C3%ADtimas%20de%20Acidentes%20de%20Trabalho%20e%20Doen%C3%A7as%20Profissionais%2C%20intitulada%20%E2%80%9CVamos%20Agir%20em%20conjunto%20para%20atingir%20Zero%20Mortes%20no%20Trabalho%20at%C3%A9%202030%E2%80%9D&body=https%3A%2F%2F28april.org%2F%3Fp%3D6207&share=email\" target=\"_blank\" title=\"Click to email a link to a friend\" data-email-share-error-title=\"Do you have email set up?\" data-email-share-error-text=\"If you&#039;re having problems sharing via email, you might not have email set up for your browser. You may need to create a new email yourself.\" data-email-share-nonce=\"e6506fb536\" data-email-share-track-url=\"https:\/\/28april.org\/?p=6207&amp;share=email\"><span><\/span><span class=\"sharing-screen-reader-text\">Click to email a link to a friend (Opens in new window)<\/span><\/a><\/li><li class=\"share-pinterest\"><a rel=\"nofollow noopener noreferrer\" data-shared=\"sharing-pinterest-6207\" class=\"share-pinterest sd-button share-icon no-text\" href=\"https:\/\/28april.org\/?p=6207&amp;share=pinterest\" target=\"_blank\" title=\"Click to share on Pinterest\" ><span><\/span><span class=\"sharing-screen-reader-text\">Click to share on Pinterest (Opens in new window)<\/span><\/a><\/li><li class=\"share-telegram\"><a rel=\"nofollow noopener noreferrer\" data-shared=\"\" class=\"share-telegram sd-button share-icon no-text\" href=\"https:\/\/28april.org\/?p=6207&amp;share=telegram\" target=\"_blank\" title=\"Click to share on Telegram\" ><span><\/span><span class=\"sharing-screen-reader-text\">Click to share on Telegram (Opens in new window)<\/span><\/a><\/li><li class=\"share-end\"><\/li><\/ul><\/div><\/div><\/div>","protected":false},"author":1,"featured_media":0,"comment_status":"open","ping_status":"open","sticky":false,"template":"","format":"standard","meta":{"jetpack_post_was_ever_published":false},"categories":[1634,1644,1760,4,3],"tags":[1637,692,1761,98],"jetpack_featured_media_url":"","jetpack_shortlink":"https:\/\/wp.me\/p7r6RV-1C7","jetpack_sharing_enabled":true,"jetpack_likes_enabled":false,"_links":{"self":[{"href":"https:\/\/28april.org\/index.php?rest_route=\/wp\/v2\/posts\/6207"}],"collection":[{"href":"https:\/\/28april.org\/index.php?rest_route=\/wp\/v2\/posts"}],"about":[{"href":"https:\/\/28april.org\/index.php?rest_route=\/wp\/v2\/types\/post"}],"author":[{"embeddable":true,"href":"https:\/\/28april.org\/index.php?rest_route=\/wp\/v2\/users\/1"}],"replies":[{"embeddable":true,"href":"https:\/\/28april.org\/index.php?rest_route=%2Fwp%2Fv2%2Fcomments&post=6207"}],"version-history":[{"count":1,"href":"https:\/\/28april.org\/index.php?rest_route=\/wp\/v2\/posts\/6207\/revisions"}],"predecessor-version":[{"id":6208,"href":"https:\/\/28april.org\/index.php?rest_route=\/wp\/v2\/posts\/6207\/revisions\/6208"}],"wp:attachment":[{"href":"https:\/\/28april.org\/index.php?rest_route=%2Fwp%2Fv2%2Fmedia&parent=6207"}],"wp:term":[{"taxonomy":"category","embeddable":true,"href":"https:\/\/28april.org\/index.php?rest_route=%2Fwp%2Fv2%2Fcategories&post=6207"},{"taxonomy":"post_tag","embeddable":true,"href":"https:\/\/28april.org\/index.php?rest_route=%2Fwp%2Fv2%2Ftags&post=6207"}],"curies":[{"name":"wp","href":"https:\/\/api.w.org\/{rel}","templated":true}]}}