{"id":5110,"date":"2022-02-08T16:49:28","date_gmt":"2022-02-08T16:49:28","guid":{"rendered":"https:\/\/28april.org\/?p=5110"},"modified":"2022-02-08T16:49:28","modified_gmt":"2022-02-08T16:49:28","slug":"semana-conmemorativa-de-les-trabajadores-fallecides-luto-empoderamiento-intensificacion","status":"publish","type":"post","link":"https:\/\/28april.org\/?p=5110","title":{"rendered":"Semana Conmemorativa de les Trabajadores Fallecides Luto\u2026. Empoderamiento\u2026. Intensificaci\u00f3n."},"content":{"rendered":"<p><strong>\u00a1ALZA TU VOZ POR TRABAJOS SEGUROS AHORA!<\/strong><\/p>\n<p><strong>\u00a1MARCA TU CALENDARIO!<\/strong><\/p>\n<p><strong>Mi\u00e9rcoles, 23 de febrero<\/strong><\/p>\n<p><strong>3pm EST\/ 2pm CST\/ 1pm MST\/ 12pm PT<\/strong><\/p>\n<p><strong>Durante la Semana Conmemorativa de les Trabajadores (WMW por sus siglas en ingl\u00e9s), les trabajadores l\u00edderes, les organizadores, les familiares sobrevivientes y los activistas en todo el mundo se unen para tomar acci\u00f3n. Juntos, recordamos a aquellos que perdieron la vida, resultaron heridos o sufrieron enfermedades en el trabajo. Juntos, renovamos nuestro compromiso de luchar por lugares de trabajo seguros.<\/strong><\/p>\n<p><strong>\u00danete a nosotros en este seminario web de 90 minutos para conocer estrategias para desarrollar el poder de les trabajadores e intensificar tus campa\u00f1as antes de la Semana Conmemorativa de les Trabajadores.\u00a0<\/strong><\/p>\n<p><strong>En este seminario web&#8230;<\/strong><\/p>\n<ul>\n<li><strong>Insp\u00edrate con historias e ideas para la Semana Conmemorativa de les Trabajadores<\/strong><\/li>\n<li><strong>\u00danete a la lluvia de ideas sobre c\u00f3mo sus acciones en la Semana Conmemorativa de les Trabajadores pueden desarrollar el liderazgo de les trabajadores e intensificar tus campa\u00f1as<\/strong><\/li>\n<li><strong>Aprende y accede a recursos y herramientas para participar y construir acciones de WMW, incluidas vigilias, acciones, eventos de prensa, fuentes de datos para informes de investigaci\u00f3n y m\u00e1s.<\/strong><\/li>\n<\/ul>\n<p><a href=\"https:\/\/us02web.zoom.us\/meeting\/register\/tZUvcuGoqzIpHtcoNBTxgQQwgZr-73w0w46p\"><strong>INSCRIBASE AQUI<\/strong><\/a><\/p>\n<p><strong>Jessica E. Martinez, MPH\u00a0<\/strong>(she\/ella)<\/p>\n<p><strong>Co-Executive Director\u00a0<\/strong><\/p>\n<p>National Council for Occupational Safety and Health<\/p>\n<p><a href=\"http:\/\/www.nationalcosh.org\/\">www.nationalcosh.org<\/a><\/p>\n<p>(213) 278-6035<\/p>\n<div class=\"sharedaddy sd-sharing-enabled\"><div class=\"robots-nocontent sd-block sd-social sd-social-icon sd-sharing\"><h3 class=\"sd-title\">Share this post<\/h3><div class=\"sd-content\"><ul><li class=\"share-facebook\"><a rel=\"nofollow noopener noreferrer\" data-shared=\"sharing-facebook-5110\" class=\"share-facebook sd-button share-icon no-text\" href=\"https:\/\/28april.org\/?p=5110&amp;share=facebook\" target=\"_blank\" title=\"Click to share on Facebook\" ><span><\/span><span class=\"sharing-screen-reader-text\">Click to share on Facebook (Opens in new window)<\/span><\/a><\/li><li class=\"share-linkedin\"><a rel=\"nofollow noopener noreferrer\" data-shared=\"sharing-linkedin-5110\" class=\"share-linkedin sd-button share-icon no-text\" href=\"https:\/\/28april.org\/?p=5110&amp;share=linkedin\" target=\"_blank\" title=\"Click to share on LinkedIn\" ><span><\/span><span class=\"sharing-screen-reader-text\">Click to share on LinkedIn (Opens in new window)<\/span><\/a><\/li><li class=\"share-twitter\"><a rel=\"nofollow noopener noreferrer\" data-shared=\"sharing-twitter-5110\" class=\"share-twitter sd-button share-icon no-text\" href=\"https:\/\/28april.org\/?p=5110&amp;share=twitter\" target=\"_blank\" title=\"Click to share on Twitter\" ><span><\/span><span class=\"sharing-screen-reader-text\">Click to share on Twitter (Opens in new window)<\/span><\/a><\/li><li class=\"share-pocket\"><a rel=\"nofollow noopener noreferrer\" data-shared=\"\" class=\"share-pocket sd-button share-icon no-text\" href=\"https:\/\/28april.org\/?p=5110&amp;share=pocket\" target=\"_blank\" title=\"Click to share on Pocket\" ><span><\/span><span class=\"sharing-screen-reader-text\">Click to share on Pocket (Opens in new window)<\/span><\/a><\/li><li class=\"share-jetpack-whatsapp\"><a rel=\"nofollow noopener noreferrer\" data-shared=\"\" class=\"share-jetpack-whatsapp sd-button share-icon no-text\" href=\"https:\/\/28april.org\/?p=5110&amp;share=jetpack-whatsapp\" target=\"_blank\" title=\"Click to share on WhatsApp\" ><span><\/span><span class=\"sharing-screen-reader-text\">Click to share on WhatsApp (Opens in new window)<\/span><\/a><\/li><li class=\"share-print\"><a rel=\"nofollow noopener noreferrer\" data-shared=\"\" class=\"share-print sd-button share-icon no-text\" href=\"https:\/\/28april.org\/?p=5110\" target=\"_blank\" title=\"Click to print\" ><span><\/span><span class=\"sharing-screen-reader-text\">Click to print (Opens in new window)<\/span><\/a><\/li><li class=\"share-email\"><a rel=\"nofollow noopener noreferrer\" data-shared=\"\" class=\"share-email sd-button share-icon no-text\" href=\"mailto:?subject=%5BShared%20Post%5D%20Semana%20Conmemorativa%20de%20les%20Trabajadores%20Fallecides%20Luto%E2%80%A6.%20Empoderamiento%E2%80%A6.%20Intensificaci%C3%B3n.&body=https%3A%2F%2F28april.org%2F%3Fp%3D5110&share=email\" target=\"_blank\" title=\"Click to email a link to a friend\" data-email-share-error-title=\"Do you have email set up?\" data-email-share-error-text=\"If you&#039;re having problems sharing via email, you might not have email set up for your browser. You may need to create a new email yourself.\" data-email-share-nonce=\"2786595e44\" data-email-share-track-url=\"https:\/\/28april.org\/?p=5110&amp;share=email\"><span><\/span><span class=\"sharing-screen-reader-text\">Click to email a link to a friend (Opens in new window)<\/span><\/a><\/li><li class=\"share-pinterest\"><a rel=\"nofollow noopener noreferrer\" data-shared=\"sharing-pinterest-5110\" class=\"share-pinterest sd-button share-icon no-text\" href=\"https:\/\/28april.org\/?p=5110&amp;share=pinterest\" target=\"_blank\" title=\"Click to share on Pinterest\" ><span><\/span><span class=\"sharing-screen-reader-text\">Click to share on Pinterest (Opens in new window)<\/span><\/a><\/li><li class=\"share-telegram\"><a rel=\"nofollow noopener noreferrer\" data-shared=\"\" class=\"share-telegram sd-button share-icon no-text\" href=\"https:\/\/28april.org\/?p=5110&amp;share=telegram\" target=\"_blank\" title=\"Click to share on Telegram\" ><span><\/span><span class=\"sharing-screen-reader-text\">Click to share on Telegram (Opens in new window)<\/span><\/a><\/li><li class=\"share-end\"><\/li><\/ul><\/div><\/div><\/div>","protected":false},"excerpt":{"rendered":"<p>\u00a1ALZA TU VOZ POR TRABAJOS SEGUROS AHORA! \u00a1MARCA TU CALENDARIO! Mi\u00e9rcoles, 23 de febrero 3pm EST\/ 2pm CST\/ 1pm MST\/ 12pm PT Durante la Semana Conmemorativa de les Trabajadores (WMW por sus siglas en ingl\u00e9s), les trabajadores l\u00edderes, les organizadores, les familiares sobrevivientes y los activistas en todo el mundo se unen para tomar acci\u00f3n. &hellip; <a href=\"https:\/\/28april.org\/?p=5110\" class=\"more-link\">Continue reading <span class=\"screen-reader-text\">Semana Conmemorativa de les Trabajadores Fallecides Luto\u2026. Empoderamiento\u2026. Intensificaci\u00f3n.<\/span> <span class=\"meta-nav\">&rarr;<\/span><\/a><\/p>\n<div class=\"sharedaddy sd-sharing-enabled\"><div class=\"robots-nocontent sd-block sd-social sd-social-icon sd-sharing\"><h3 class=\"sd-title\">Share this post<\/h3><div class=\"sd-content\"><ul><li class=\"share-facebook\"><a rel=\"nofollow noopener noreferrer\" data-shared=\"sharing-facebook-5110\" class=\"share-facebook sd-button share-icon no-text\" href=\"https:\/\/28april.org\/?p=5110&amp;share=facebook\" target=\"_blank\" title=\"Click to share on Facebook\" ><span><\/span><span class=\"sharing-screen-reader-text\">Click to share on Facebook (Opens in new window)<\/span><\/a><\/li><li class=\"share-linkedin\"><a rel=\"nofollow noopener noreferrer\" data-shared=\"sharing-linkedin-5110\" class=\"share-linkedin sd-button share-icon no-text\" href=\"https:\/\/28april.org\/?p=5110&amp;share=linkedin\" target=\"_blank\" title=\"Click to share on LinkedIn\" ><span><\/span><span class=\"sharing-screen-reader-text\">Click to share on LinkedIn (Opens in new window)<\/span><\/a><\/li><li class=\"share-twitter\"><a rel=\"nofollow noopener noreferrer\" data-shared=\"sharing-twitter-5110\" class=\"share-twitter sd-button share-icon no-text\" href=\"https:\/\/28april.org\/?p=5110&amp;share=twitter\" target=\"_blank\" title=\"Click to share on Twitter\" ><span><\/span><span class=\"sharing-screen-reader-text\">Click to share on Twitter (Opens in new window)<\/span><\/a><\/li><li class=\"share-pocket\"><a rel=\"nofollow noopener noreferrer\" data-shared=\"\" class=\"share-pocket sd-button share-icon no-text\" href=\"https:\/\/28april.org\/?p=5110&amp;share=pocket\" target=\"_blank\" title=\"Click to share on Pocket\" ><span><\/span><span class=\"sharing-screen-reader-text\">Click to share on Pocket (Opens in new window)<\/span><\/a><\/li><li class=\"share-jetpack-whatsapp\"><a rel=\"nofollow noopener noreferrer\" data-shared=\"\" class=\"share-jetpack-whatsapp sd-button share-icon no-text\" href=\"https:\/\/28april.org\/?p=5110&amp;share=jetpack-whatsapp\" target=\"_blank\" title=\"Click to share on WhatsApp\" ><span><\/span><span class=\"sharing-screen-reader-text\">Click to share on WhatsApp (Opens in new window)<\/span><\/a><\/li><li class=\"share-print\"><a rel=\"nofollow noopener noreferrer\" data-shared=\"\" class=\"share-print sd-button share-icon no-text\" href=\"https:\/\/28april.org\/?p=5110\" target=\"_blank\" title=\"Click to print\" ><span><\/span><span class=\"sharing-screen-reader-text\">Click to print (Opens in new window)<\/span><\/a><\/li><li class=\"share-email\"><a rel=\"nofollow noopener noreferrer\" data-shared=\"\" class=\"share-email sd-button share-icon no-text\" href=\"mailto:?subject=%5BShared%20Post%5D%20Semana%20Conmemorativa%20de%20les%20Trabajadores%20Fallecides%20Luto%E2%80%A6.%20Empoderamiento%E2%80%A6.%20Intensificaci%C3%B3n.&body=https%3A%2F%2F28april.org%2F%3Fp%3D5110&share=email\" target=\"_blank\" title=\"Click to email a link to a friend\" data-email-share-error-title=\"Do you have email set up?\" data-email-share-error-text=\"If you&#039;re having problems sharing via email, you might not have email set up for your browser. You may need to create a new email yourself.\" data-email-share-nonce=\"2786595e44\" data-email-share-track-url=\"https:\/\/28april.org\/?p=5110&amp;share=email\"><span><\/span><span class=\"sharing-screen-reader-text\">Click to email a link to a friend (Opens in new window)<\/span><\/a><\/li><li class=\"share-pinterest\"><a rel=\"nofollow noopener noreferrer\" data-shared=\"sharing-pinterest-5110\" class=\"share-pinterest sd-button share-icon no-text\" href=\"https:\/\/28april.org\/?p=5110&amp;share=pinterest\" target=\"_blank\" title=\"Click to share on Pinterest\" ><span><\/span><span class=\"sharing-screen-reader-text\">Click to share on Pinterest (Opens in new window)<\/span><\/a><\/li><li class=\"share-telegram\"><a rel=\"nofollow noopener noreferrer\" data-shared=\"\" class=\"share-telegram sd-button share-icon no-text\" href=\"https:\/\/28april.org\/?p=5110&amp;share=telegram\" target=\"_blank\" title=\"Click to share on Telegram\" ><span><\/span><span class=\"sharing-screen-reader-text\">Click to share on Telegram (Opens in new window)<\/span><\/a><\/li><li class=\"share-end\"><\/li><\/ul><\/div><\/div><\/div>","protected":false},"author":1,"featured_media":0,"comment_status":"open","ping_status":"open","sticky":false,"template":"","format":"standard","meta":{"jetpack_post_was_ever_published":false},"categories":[1497,1502,1501,4],"tags":[1498,692,14],"jetpack_featured_media_url":"","jetpack_shortlink":"https:\/\/wp.me\/p7r6RV-1kq","jetpack_sharing_enabled":true,"jetpack_likes_enabled":false,"_links":{"self":[{"href":"https:\/\/28april.org\/index.php?rest_route=\/wp\/v2\/posts\/5110"}],"collection":[{"href":"https:\/\/28april.org\/index.php?rest_route=\/wp\/v2\/posts"}],"about":[{"href":"https:\/\/28april.org\/index.php?rest_route=\/wp\/v2\/types\/post"}],"author":[{"embeddable":true,"href":"https:\/\/28april.org\/index.php?rest_route=\/wp\/v2\/users\/1"}],"replies":[{"embeddable":true,"href":"https:\/\/28april.org\/index.php?rest_route=%2Fwp%2Fv2%2Fcomments&post=5110"}],"version-history":[{"count":1,"href":"https:\/\/28april.org\/index.php?rest_route=\/wp\/v2\/posts\/5110\/revisions"}],"predecessor-version":[{"id":5111,"href":"https:\/\/28april.org\/index.php?rest_route=\/wp\/v2\/posts\/5110\/revisions\/5111"}],"wp:attachment":[{"href":"https:\/\/28april.org\/index.php?rest_route=%2Fwp%2Fv2%2Fmedia&parent=5110"}],"wp:term":[{"taxonomy":"category","embeddable":true,"href":"https:\/\/28april.org\/index.php?rest_route=%2Fwp%2Fv2%2Fcategories&post=5110"},{"taxonomy":"post_tag","embeddable":true,"href":"https:\/\/28april.org\/index.php?rest_route=%2Fwp%2Fv2%2Ftags&post=5110"}],"curies":[{"name":"wp","href":"https:\/\/api.w.org\/{rel}","templated":true}]}}