{"id":4583,"date":"2021-04-23T12:28:16","date_gmt":"2021-04-23T12:28:16","guid":{"rendered":"https:\/\/28april.org\/?p=4583"},"modified":"2021-04-23T12:28:16","modified_gmt":"2021-04-23T12:28:16","slug":"usa-firme-en-carta-antes-del-miercoles-28-de-abril-no-mas-demoras-emitir-estandar-temporal-de-emergencia-ahora","status":"publish","type":"post","link":"https:\/\/28april.org\/?p=4583","title":{"rendered":"USA: Firme en carta antes del mi\u00e9rcoles, 28 de abril &#8211; No m\u00e1s demoras &#8211; Emitir est\u00e1ndar temporal de emergencia ahora"},"content":{"rendered":"<p><strong>La pr\u00f3xima semana es el 28 de abril, D\u00eda Conmemorativo de los Trabajadores Fallecidos<\/strong>. En su orden ejecutiva, el presidente Biden fij\u00f3 el 15 de marzo como fecha l\u00edmite para determinar la necesidad de protecciones de COVID para los trabajadores de emergencia.<\/p>\n<p><strong>La enfermedad y la muerte confirman la necesidad. Los trabajadores han esperado lo suficiente.<\/strong><\/p>\n<p><strong>Por favor, firme <\/strong><a href=\"https:\/\/docs.google.com\/forms\/d\/e\/1FAIpQLSft2LnN3Tr8BTYchPgiy9Jx2amgIYLHwyYrgLS6TfXeoaO1Yw\/viewform?gxids=7628\"><strong>esta carta<\/strong><\/a>, desarrollada por National COSH y Oxfam America,<strong> dirigida al presidente Biden y al secretario Walsh<\/strong>, <strong>inst\u00e1ndolos a emitir un est\u00e1ndar temporal de emergencia<\/strong> <strong>de COVID<\/strong> antes del mi\u00e9rcoles 28 de abril a las 4 p.m. ET \/ 1 p.m. PT. El formulario de firma est\u00e1 debajo de<a href=\"https:\/\/docs.google.com\/forms\/d\/e\/1FAIpQLSft2LnN3Tr8BTYchPgiy9Jx2amgIYLHwyYrgLS6TfXeoaO1Yw\/viewform?gxids=7628\"> la carta<\/a>.\u00a0 (La versi\u00f3n en espa\u00f1ol estar\u00e1 lista para el lunes 26 de abril) Daremos a conocer la carta a la prensa el jueves 29 de abril.<\/p>\n<ul>\n<li><strong>Invite a sus colegas y redes a <\/strong><strong><a href=\"https:\/\/docs.google.com\/forms\/d\/e\/1FAIpQLSft2LnN3Tr8BTYchPgiy9Jx2amgIYLHwyYrgLS6TfXeoaO1Yw\/viewform?gxids=7628\">firmar la carta<\/a><\/strong><\/li>\n<li><strong>Comparta <\/strong><strong><a href=\"https:\/\/docs.google.com\/forms\/d\/e\/1FAIpQLSft2LnN3Tr8BTYchPgiy9Jx2amgIYLHwyYrgLS6TfXeoaO1Yw\/viewform?gxids=7628\">un enlace a la cart<\/a><\/strong><strong>a en los eventos de Trabajadores Fallecidos, una acci\u00f3n apropiada, luchando por los vivos, mientras lloramos a los muertos.<\/strong><\/li>\n<\/ul>\n<p><a href=\"https:\/\/nationalcosh.org\/\">COSH Nacional<\/a><\/p>\n<div class=\"sharedaddy sd-sharing-enabled\"><div class=\"robots-nocontent sd-block sd-social sd-social-icon sd-sharing\"><h3 class=\"sd-title\">Share this post<\/h3><div class=\"sd-content\"><ul><li class=\"share-facebook\"><a rel=\"nofollow noopener noreferrer\" data-shared=\"sharing-facebook-4583\" class=\"share-facebook sd-button share-icon no-text\" href=\"https:\/\/28april.org\/?p=4583&amp;share=facebook\" target=\"_blank\" title=\"Click to share on Facebook\" ><span><\/span><span class=\"sharing-screen-reader-text\">Click to share on Facebook (Opens in new window)<\/span><\/a><\/li><li class=\"share-linkedin\"><a rel=\"nofollow noopener noreferrer\" data-shared=\"sharing-linkedin-4583\" class=\"share-linkedin sd-button share-icon no-text\" href=\"https:\/\/28april.org\/?p=4583&amp;share=linkedin\" target=\"_blank\" title=\"Click to share on LinkedIn\" ><span><\/span><span class=\"sharing-screen-reader-text\">Click to share on LinkedIn (Opens in new window)<\/span><\/a><\/li><li class=\"share-twitter\"><a rel=\"nofollow noopener noreferrer\" data-shared=\"sharing-twitter-4583\" class=\"share-twitter sd-button share-icon no-text\" href=\"https:\/\/28april.org\/?p=4583&amp;share=twitter\" target=\"_blank\" title=\"Click to share on Twitter\" ><span><\/span><span class=\"sharing-screen-reader-text\">Click to share on Twitter (Opens in new window)<\/span><\/a><\/li><li class=\"share-pocket\"><a rel=\"nofollow noopener noreferrer\" data-shared=\"\" class=\"share-pocket sd-button share-icon no-text\" href=\"https:\/\/28april.org\/?p=4583&amp;share=pocket\" target=\"_blank\" title=\"Click to share on Pocket\" ><span><\/span><span class=\"sharing-screen-reader-text\">Click to share on Pocket (Opens in new window)<\/span><\/a><\/li><li class=\"share-jetpack-whatsapp\"><a rel=\"nofollow noopener noreferrer\" data-shared=\"\" class=\"share-jetpack-whatsapp sd-button share-icon no-text\" href=\"https:\/\/28april.org\/?p=4583&amp;share=jetpack-whatsapp\" target=\"_blank\" title=\"Click to share on WhatsApp\" ><span><\/span><span class=\"sharing-screen-reader-text\">Click to share on WhatsApp (Opens in new window)<\/span><\/a><\/li><li class=\"share-print\"><a rel=\"nofollow noopener noreferrer\" data-shared=\"\" class=\"share-print sd-button share-icon no-text\" href=\"https:\/\/28april.org\/?p=4583\" target=\"_blank\" title=\"Click to print\" ><span><\/span><span class=\"sharing-screen-reader-text\">Click to print (Opens in new window)<\/span><\/a><\/li><li class=\"share-email\"><a rel=\"nofollow noopener noreferrer\" data-shared=\"\" class=\"share-email sd-button share-icon no-text\" href=\"mailto:?subject=%5BShared%20Post%5D%20USA%3A%20Firme%20en%20carta%20antes%20del%20mi%C3%A9rcoles%2C%2028%20de%20abril%20-%20No%20m%C3%A1s%20demoras%20-%20Emitir%20est%C3%A1ndar%20temporal%20de%20emergencia%20ahora&body=https%3A%2F%2F28april.org%2F%3Fp%3D4583&share=email\" target=\"_blank\" title=\"Click to email a link to a friend\" data-email-share-error-title=\"Do you have email set up?\" data-email-share-error-text=\"If you&#039;re having problems sharing via email, you might not have email set up for your browser. You may need to create a new email yourself.\" data-email-share-nonce=\"5abb08edd6\" data-email-share-track-url=\"https:\/\/28april.org\/?p=4583&amp;share=email\"><span><\/span><span class=\"sharing-screen-reader-text\">Click to email a link to a friend (Opens in new window)<\/span><\/a><\/li><li class=\"share-pinterest\"><a rel=\"nofollow noopener noreferrer\" data-shared=\"sharing-pinterest-4583\" class=\"share-pinterest sd-button share-icon no-text\" href=\"https:\/\/28april.org\/?p=4583&amp;share=pinterest\" target=\"_blank\" title=\"Click to share on Pinterest\" ><span><\/span><span class=\"sharing-screen-reader-text\">Click to share on Pinterest (Opens in new window)<\/span><\/a><\/li><li class=\"share-telegram\"><a rel=\"nofollow noopener noreferrer\" data-shared=\"\" class=\"share-telegram sd-button share-icon no-text\" href=\"https:\/\/28april.org\/?p=4583&amp;share=telegram\" target=\"_blank\" title=\"Click to share on Telegram\" ><span><\/span><span class=\"sharing-screen-reader-text\">Click to share on Telegram (Opens in new window)<\/span><\/a><\/li><li class=\"share-end\"><\/li><\/ul><\/div><\/div><\/div>","protected":false},"excerpt":{"rendered":"<p>La pr\u00f3xima semana es el 28 de abril, D\u00eda Conmemorativo de los Trabajadores Fallecidos. En su orden ejecutiva, el presidente Biden fij\u00f3 el 15 de marzo como fecha l\u00edmite para determinar la necesidad de protecciones de COVID para los trabajadores de emergencia. La enfermedad y la muerte confirman la necesidad. Los trabajadores han esperado lo &hellip; <a href=\"https:\/\/28april.org\/?p=4583\" class=\"more-link\">Continue reading <span class=\"screen-reader-text\">USA: Firme en carta antes del mi\u00e9rcoles, 28 de abril &#8211; No m\u00e1s demoras &#8211; Emitir est\u00e1ndar temporal de emergencia ahora<\/span> <span class=\"meta-nav\">&rarr;<\/span><\/a><\/p>\n<div class=\"sharedaddy sd-sharing-enabled\"><div class=\"robots-nocontent sd-block sd-social sd-social-icon sd-sharing\"><h3 class=\"sd-title\">Share this post<\/h3><div class=\"sd-content\"><ul><li class=\"share-facebook\"><a rel=\"nofollow noopener noreferrer\" data-shared=\"sharing-facebook-4583\" class=\"share-facebook sd-button share-icon no-text\" href=\"https:\/\/28april.org\/?p=4583&amp;share=facebook\" target=\"_blank\" title=\"Click to share on Facebook\" ><span><\/span><span class=\"sharing-screen-reader-text\">Click to share on Facebook (Opens in new window)<\/span><\/a><\/li><li class=\"share-linkedin\"><a rel=\"nofollow noopener noreferrer\" data-shared=\"sharing-linkedin-4583\" class=\"share-linkedin sd-button share-icon no-text\" href=\"https:\/\/28april.org\/?p=4583&amp;share=linkedin\" target=\"_blank\" title=\"Click to share on LinkedIn\" ><span><\/span><span class=\"sharing-screen-reader-text\">Click to share on LinkedIn (Opens in new window)<\/span><\/a><\/li><li class=\"share-twitter\"><a rel=\"nofollow noopener noreferrer\" data-shared=\"sharing-twitter-4583\" class=\"share-twitter sd-button share-icon no-text\" href=\"https:\/\/28april.org\/?p=4583&amp;share=twitter\" target=\"_blank\" title=\"Click to share on Twitter\" ><span><\/span><span class=\"sharing-screen-reader-text\">Click to share on Twitter (Opens in new window)<\/span><\/a><\/li><li class=\"share-pocket\"><a rel=\"nofollow noopener noreferrer\" data-shared=\"\" class=\"share-pocket sd-button share-icon no-text\" href=\"https:\/\/28april.org\/?p=4583&amp;share=pocket\" target=\"_blank\" title=\"Click to share on Pocket\" ><span><\/span><span class=\"sharing-screen-reader-text\">Click to share on Pocket (Opens in new window)<\/span><\/a><\/li><li class=\"share-jetpack-whatsapp\"><a rel=\"nofollow noopener noreferrer\" data-shared=\"\" class=\"share-jetpack-whatsapp sd-button share-icon no-text\" href=\"https:\/\/28april.org\/?p=4583&amp;share=jetpack-whatsapp\" target=\"_blank\" title=\"Click to share on WhatsApp\" ><span><\/span><span class=\"sharing-screen-reader-text\">Click to share on WhatsApp (Opens in new window)<\/span><\/a><\/li><li class=\"share-print\"><a rel=\"nofollow noopener noreferrer\" data-shared=\"\" class=\"share-print sd-button share-icon no-text\" href=\"https:\/\/28april.org\/?p=4583\" target=\"_blank\" title=\"Click to print\" ><span><\/span><span class=\"sharing-screen-reader-text\">Click to print (Opens in new window)<\/span><\/a><\/li><li class=\"share-email\"><a rel=\"nofollow noopener noreferrer\" data-shared=\"\" class=\"share-email sd-button share-icon no-text\" href=\"mailto:?subject=%5BShared%20Post%5D%20USA%3A%20Firme%20en%20carta%20antes%20del%20mi%C3%A9rcoles%2C%2028%20de%20abril%20-%20No%20m%C3%A1s%20demoras%20-%20Emitir%20est%C3%A1ndar%20temporal%20de%20emergencia%20ahora&body=https%3A%2F%2F28april.org%2F%3Fp%3D4583&share=email\" target=\"_blank\" title=\"Click to email a link to a friend\" data-email-share-error-title=\"Do you have email set up?\" data-email-share-error-text=\"If you&#039;re having problems sharing via email, you might not have email set up for your browser. You may need to create a new email yourself.\" data-email-share-nonce=\"5abb08edd6\" data-email-share-track-url=\"https:\/\/28april.org\/?p=4583&amp;share=email\"><span><\/span><span class=\"sharing-screen-reader-text\">Click to email a link to a friend (Opens in new window)<\/span><\/a><\/li><li class=\"share-pinterest\"><a rel=\"nofollow noopener noreferrer\" data-shared=\"sharing-pinterest-4583\" class=\"share-pinterest sd-button share-icon no-text\" href=\"https:\/\/28april.org\/?p=4583&amp;share=pinterest\" target=\"_blank\" title=\"Click to share on Pinterest\" ><span><\/span><span class=\"sharing-screen-reader-text\">Click to share on Pinterest (Opens in new window)<\/span><\/a><\/li><li class=\"share-telegram\"><a rel=\"nofollow noopener noreferrer\" data-shared=\"\" class=\"share-telegram sd-button share-icon no-text\" href=\"https:\/\/28april.org\/?p=4583&amp;share=telegram\" target=\"_blank\" title=\"Click to share on Telegram\" ><span><\/span><span class=\"sharing-screen-reader-text\">Click to share on Telegram (Opens in new window)<\/span><\/a><\/li><li class=\"share-end\"><\/li><\/ul><\/div><\/div><\/div>","protected":false},"author":1,"featured_media":0,"comment_status":"open","ping_status":"open","sticky":false,"template":"","format":"standard","meta":{"jetpack_post_was_ever_published":false},"categories":[1302,1312,1311,4],"tags":[1306,692,1348,14],"jetpack_featured_media_url":"","jetpack_shortlink":"https:\/\/wp.me\/p7r6RV-1bV","jetpack_sharing_enabled":true,"jetpack_likes_enabled":false,"_links":{"self":[{"href":"https:\/\/28april.org\/index.php?rest_route=\/wp\/v2\/posts\/4583"}],"collection":[{"href":"https:\/\/28april.org\/index.php?rest_route=\/wp\/v2\/posts"}],"about":[{"href":"https:\/\/28april.org\/index.php?rest_route=\/wp\/v2\/types\/post"}],"author":[{"embeddable":true,"href":"https:\/\/28april.org\/index.php?rest_route=\/wp\/v2\/users\/1"}],"replies":[{"embeddable":true,"href":"https:\/\/28april.org\/index.php?rest_route=%2Fwp%2Fv2%2Fcomments&post=4583"}],"version-history":[{"count":1,"href":"https:\/\/28april.org\/index.php?rest_route=\/wp\/v2\/posts\/4583\/revisions"}],"predecessor-version":[{"id":4584,"href":"https:\/\/28april.org\/index.php?rest_route=\/wp\/v2\/posts\/4583\/revisions\/4584"}],"wp:attachment":[{"href":"https:\/\/28april.org\/index.php?rest_route=%2Fwp%2Fv2%2Fmedia&parent=4583"}],"wp:term":[{"taxonomy":"category","embeddable":true,"href":"https:\/\/28april.org\/index.php?rest_route=%2Fwp%2Fv2%2Fcategories&post=4583"},{"taxonomy":"post_tag","embeddable":true,"href":"https:\/\/28april.org\/index.php?rest_route=%2Fwp%2Fv2%2Ftags&post=4583"}],"curies":[{"name":"wp","href":"https:\/\/api.w.org\/{rel}","templated":true}]}}