{"id":4450,"date":"2021-04-20T09:21:53","date_gmt":"2021-04-20T09:21:53","guid":{"rendered":"https:\/\/28april.org\/?p=4450"},"modified":"2021-04-20T09:49:38","modified_gmt":"2021-04-20T09:49:38","slug":"canada-un-message-des-dirigeants-nationaux-pour-le-jour-de-deuil-scfp","status":"publish","type":"post","link":"https:\/\/28april.org\/?p=4450","title":{"rendered":"Canada: Un message des dirigeants nationaux pour le Jour de deuil &#8211; SCFP"},"content":{"rendered":"<p><img loading=\"lazy\" class=\"alignnone size-full\" src=\"https:\/\/cupe.azureedge.net\/sites\/cupe\/files\/styles\/event_representative_image\/public\/field_node_representative_image\/day-of-mourning-event-2.png?itok=cTguGvWn\" width=\"447\" height=\"234\" \/><\/p>\n<p>Le 28\u00a0avril, \u00e0 l\u2019occasion du Jour de deuil national pour les travailleurs tu\u00e9s ou bless\u00e9s au travail, nous nous recueillons \u00e0 la m\u00e9moire de tous ceux et celles qui ont perdu la vie et nous nous engageons \u00e0 poursuivre la lutte pour des lieux de travail sains et s\u00e9curitaires\u00a0pour\u00a0tous.<\/p>\n<p><strong>Visionnez le message vid\u00e9o des dirigeants nationaux du SCFP\u00a0:<\/strong><\/p>\n<p><iframe loading=\"lazy\" title=\"YouTube video player\" src=\"https:\/\/www.youtube.com\/embed\/k1cjglv2ImI\" width=\"560\" height=\"315\" frameborder=\"0\" allowfullscreen=\"allowfullscreen\"><\/iframe><\/p>\n<p>Chaque ann\u00e9e au Canada, environ 1000\u00a0travailleurs perdent la vie au travail. Ces d\u00e9c\u00e8s sont \u00e9vitables et ils ne devraient pas survenir. Chacun de ces d\u00e9c\u00e8s est\u00a0une\u00a0trag\u00e9die.<\/p>\n<p>Depuis le dernier Jour de deuil national, le\u00a0SCFP\u00a0a perdu 14\u00a0membres dans des accidents de\u00a0travail. Dix de ces d\u00e9c\u00e8s sont attribuables la COVID-19.<\/p>\n<p>\u00ab\u00a0Nous transmettons notre amour et notre solidarit\u00e9 aux familles, aux amis et aux coll\u00e8gues de ceux que nous avons perdus. Chaque travailleur devrait avoir droit \u00e0 un milieu de travail sain et s\u00e9curitaire, et nous luttons chaque jour en ce sens\u00a0\u00bb, a d\u00e9clar\u00e9 le pr\u00e9sident national du\u00a0SCFP,\u00a0Mark\u00a0Hancock.<\/p>\n<p>Cette journ\u00e9e est toujours tr\u00e8s \u00e9motive. C\u2019est encore plus vrai cette ann\u00e9e \u00e0 cause de la\u00a0pand\u00e9mie.<\/p>\n<p>\u00ab\u00a0Nous tenons \u00e0 exprimer notre solidarit\u00e9 et notre soutien \u00e0 tous les travailleurs et travailleuses qui continuent d\u2019offrir des services publics essentiels, malgr\u00e9 les risques pour leur sant\u00e9 et celle de leur famille.\u00a0Cette crise montre \u00e0 quel point il est important de faire front commun pour exiger des conditions de travail s\u00e9curitaires\u00a0\u00bb, a soulign\u00e9 le secr\u00e9taire-tr\u00e9sorier national du\u00a0SCFP,\u00a0Charles\u00a0Fleury.<\/p>\n<p>Ce 28\u00a0avril et chaque jour de l\u2019ann\u00e9e, le\u00a0SCFP\u00a0continuera de lutter pour un meilleur cadre l\u00e9gislatif, pour une meilleure sensibilisation et pour que ses membres aient acc\u00e8s \u00e0 l\u2019\u00e9quipement de protection individuelle dont ils\u00a0ont\u00a0besoin.<\/p>\n<ul>\n<li><strong><a href=\"https:\/\/scfp.ca\/sites\/cupe\/files\/canary_poster_2021_f_no_bleeds.pdf\">T\u00e9l\u00e9chargez et imprimez l\u2019affiche du\u00a0SCFP\u00a0comm\u00e9morant les membres du\u00a0SCFP\u00a0d\u00e9c\u00e9d\u00e9s en 2020 en raison d\u2019un accident de travail ou d\u2019une\u00a0maladie\u00a0professionnelle.<\/a><\/strong><\/li>\n<\/ul>\n<p><a href=\"https:\/\/28april.org\/wp-content\/uploads\/2021\/04\/canary_poster_fr.jpg\"><img loading=\"lazy\" class=\"alignleft size-full wp-image-4459\" src=\"https:\/\/28april.org\/wp-content\/uploads\/2021\/04\/canary_poster_fr.jpg\" alt=\"\" width=\"850\" height=\"1314\" srcset=\"https:\/\/28april.org\/wp-content\/uploads\/2021\/04\/canary_poster_fr.jpg 850w, https:\/\/28april.org\/wp-content\/uploads\/2021\/04\/canary_poster_fr-194x300.jpg 194w, https:\/\/28april.org\/wp-content\/uploads\/2021\/04\/canary_poster_fr-662x1024.jpg 662w, https:\/\/28april.org\/wp-content\/uploads\/2021\/04\/canary_poster_fr-768x1187.jpg 768w\" sizes=\"(max-width: 850px) 100vw, 850px\" \/><\/a><\/p>\n<p><strong><a href=\"https:\/\/scfp.ca\/evenement\/jour-de-deuil\">Jour de deuil<\/a><\/strong><\/p>\n<p><a href=\"https:\/\/scfp.ca\/un-message-des-dirigeants-nationaux-pour-le-jour-de-deuil\">https:\/\/scfp.ca\/un-message-des-dirigeants-nationaux-pour-le-jour-de-deuil<\/a><\/p>\n<div class=\"sharedaddy sd-sharing-enabled\"><div class=\"robots-nocontent sd-block sd-social sd-social-icon sd-sharing\"><h3 class=\"sd-title\">Share this post<\/h3><div class=\"sd-content\"><ul><li class=\"share-facebook\"><a rel=\"nofollow noopener noreferrer\" data-shared=\"sharing-facebook-4450\" class=\"share-facebook sd-button share-icon no-text\" href=\"https:\/\/28april.org\/?p=4450&amp;share=facebook\" target=\"_blank\" title=\"Click to share on Facebook\" ><span><\/span><span class=\"sharing-screen-reader-text\">Click to share on Facebook (Opens in new window)<\/span><\/a><\/li><li class=\"share-linkedin\"><a rel=\"nofollow noopener noreferrer\" data-shared=\"sharing-linkedin-4450\" class=\"share-linkedin sd-button share-icon no-text\" href=\"https:\/\/28april.org\/?p=4450&amp;share=linkedin\" target=\"_blank\" title=\"Click to share on LinkedIn\" ><span><\/span><span class=\"sharing-screen-reader-text\">Click to share on LinkedIn (Opens in new window)<\/span><\/a><\/li><li class=\"share-twitter\"><a rel=\"nofollow noopener noreferrer\" data-shared=\"sharing-twitter-4450\" class=\"share-twitter sd-button share-icon no-text\" href=\"https:\/\/28april.org\/?p=4450&amp;share=twitter\" target=\"_blank\" title=\"Click to share on Twitter\" ><span><\/span><span class=\"sharing-screen-reader-text\">Click to share on Twitter (Opens in new window)<\/span><\/a><\/li><li class=\"share-pocket\"><a rel=\"nofollow noopener noreferrer\" data-shared=\"\" class=\"share-pocket sd-button share-icon no-text\" href=\"https:\/\/28april.org\/?p=4450&amp;share=pocket\" target=\"_blank\" title=\"Click to share on Pocket\" ><span><\/span><span class=\"sharing-screen-reader-text\">Click to share on Pocket (Opens in new window)<\/span><\/a><\/li><li class=\"share-jetpack-whatsapp\"><a rel=\"nofollow noopener noreferrer\" data-shared=\"\" class=\"share-jetpack-whatsapp sd-button share-icon no-text\" href=\"https:\/\/28april.org\/?p=4450&amp;share=jetpack-whatsapp\" target=\"_blank\" title=\"Click to share on WhatsApp\" ><span><\/span><span class=\"sharing-screen-reader-text\">Click to share on WhatsApp (Opens in new window)<\/span><\/a><\/li><li class=\"share-print\"><a rel=\"nofollow noopener noreferrer\" data-shared=\"\" class=\"share-print sd-button share-icon no-text\" href=\"https:\/\/28april.org\/?p=4450\" target=\"_blank\" title=\"Click to print\" ><span><\/span><span class=\"sharing-screen-reader-text\">Click to print (Opens in new window)<\/span><\/a><\/li><li class=\"share-email\"><a rel=\"nofollow noopener noreferrer\" data-shared=\"\" class=\"share-email sd-button share-icon no-text\" href=\"mailto:?subject=%5BShared%20Post%5D%20Canada%3A%20Un%20message%20des%20dirigeants%20nationaux%20pour%20le%20Jour%20de%20deuil%20-%20SCFP&body=https%3A%2F%2F28april.org%2F%3Fp%3D4450&share=email\" target=\"_blank\" title=\"Click to email a link to a friend\" data-email-share-error-title=\"Do you have email set up?\" data-email-share-error-text=\"If you&#039;re having problems sharing via email, you might not have email set up for your browser. You may need to create a new email yourself.\" data-email-share-nonce=\"472a0f4e89\" data-email-share-track-url=\"https:\/\/28april.org\/?p=4450&amp;share=email\"><span><\/span><span class=\"sharing-screen-reader-text\">Click to email a link to a friend (Opens in new window)<\/span><\/a><\/li><li class=\"share-pinterest\"><a rel=\"nofollow noopener noreferrer\" data-shared=\"sharing-pinterest-4450\" class=\"share-pinterest sd-button share-icon no-text\" href=\"https:\/\/28april.org\/?p=4450&amp;share=pinterest\" target=\"_blank\" title=\"Click to share on Pinterest\" ><span><\/span><span class=\"sharing-screen-reader-text\">Click to share on Pinterest (Opens in new window)<\/span><\/a><\/li><li class=\"share-telegram\"><a rel=\"nofollow noopener noreferrer\" data-shared=\"\" class=\"share-telegram sd-button share-icon no-text\" href=\"https:\/\/28april.org\/?p=4450&amp;share=telegram\" target=\"_blank\" title=\"Click to share on Telegram\" ><span><\/span><span class=\"sharing-screen-reader-text\">Click to share on Telegram (Opens in new window)<\/span><\/a><\/li><li class=\"share-end\"><\/li><\/ul><\/div><\/div><\/div>","protected":false},"excerpt":{"rendered":"<p>Le 28\u00a0avril, \u00e0 l\u2019occasion du Jour de deuil national pour les travailleurs tu\u00e9s ou bless\u00e9s au travail, nous nous recueillons \u00e0 la m\u00e9moire de tous ceux et celles qui ont perdu la vie et nous nous engageons \u00e0 poursuivre la lutte pour des lieux de travail sains et s\u00e9curitaires\u00a0pour\u00a0tous. Visionnez le message vid\u00e9o des dirigeants &hellip; <a href=\"https:\/\/28april.org\/?p=4450\" class=\"more-link\">Continue reading <span class=\"screen-reader-text\">Canada: Un message des dirigeants nationaux pour le Jour de deuil &#8211; SCFP<\/span> <span class=\"meta-nav\">&rarr;<\/span><\/a><\/p>\n<div class=\"sharedaddy sd-sharing-enabled\"><div class=\"robots-nocontent sd-block sd-social sd-social-icon sd-sharing\"><h3 class=\"sd-title\">Share this post<\/h3><div class=\"sd-content\"><ul><li class=\"share-facebook\"><a rel=\"nofollow noopener noreferrer\" data-shared=\"sharing-facebook-4450\" class=\"share-facebook sd-button share-icon no-text\" href=\"https:\/\/28april.org\/?p=4450&amp;share=facebook\" target=\"_blank\" title=\"Click to share on Facebook\" ><span><\/span><span class=\"sharing-screen-reader-text\">Click to share on Facebook (Opens in new window)<\/span><\/a><\/li><li class=\"share-linkedin\"><a rel=\"nofollow noopener noreferrer\" data-shared=\"sharing-linkedin-4450\" class=\"share-linkedin sd-button share-icon no-text\" href=\"https:\/\/28april.org\/?p=4450&amp;share=linkedin\" target=\"_blank\" title=\"Click to share on LinkedIn\" ><span><\/span><span class=\"sharing-screen-reader-text\">Click to share on LinkedIn (Opens in new window)<\/span><\/a><\/li><li class=\"share-twitter\"><a rel=\"nofollow noopener noreferrer\" data-shared=\"sharing-twitter-4450\" class=\"share-twitter sd-button share-icon no-text\" href=\"https:\/\/28april.org\/?p=4450&amp;share=twitter\" target=\"_blank\" title=\"Click to share on Twitter\" ><span><\/span><span class=\"sharing-screen-reader-text\">Click to share on Twitter (Opens in new window)<\/span><\/a><\/li><li class=\"share-pocket\"><a rel=\"nofollow noopener noreferrer\" data-shared=\"\" class=\"share-pocket sd-button share-icon no-text\" href=\"https:\/\/28april.org\/?p=4450&amp;share=pocket\" target=\"_blank\" title=\"Click to share on Pocket\" ><span><\/span><span class=\"sharing-screen-reader-text\">Click to share on Pocket (Opens in new window)<\/span><\/a><\/li><li class=\"share-jetpack-whatsapp\"><a rel=\"nofollow noopener noreferrer\" data-shared=\"\" class=\"share-jetpack-whatsapp sd-button share-icon no-text\" href=\"https:\/\/28april.org\/?p=4450&amp;share=jetpack-whatsapp\" target=\"_blank\" title=\"Click to share on WhatsApp\" ><span><\/span><span class=\"sharing-screen-reader-text\">Click to share on WhatsApp (Opens in new window)<\/span><\/a><\/li><li class=\"share-print\"><a rel=\"nofollow noopener noreferrer\" data-shared=\"\" class=\"share-print sd-button share-icon no-text\" href=\"https:\/\/28april.org\/?p=4450\" target=\"_blank\" title=\"Click to print\" ><span><\/span><span class=\"sharing-screen-reader-text\">Click to print (Opens in new window)<\/span><\/a><\/li><li class=\"share-email\"><a rel=\"nofollow noopener noreferrer\" data-shared=\"\" class=\"share-email sd-button share-icon no-text\" href=\"mailto:?subject=%5BShared%20Post%5D%20Canada%3A%20Un%20message%20des%20dirigeants%20nationaux%20pour%20le%20Jour%20de%20deuil%20-%20SCFP&body=https%3A%2F%2F28april.org%2F%3Fp%3D4450&share=email\" target=\"_blank\" title=\"Click to email a link to a friend\" data-email-share-error-title=\"Do you have email set up?\" data-email-share-error-text=\"If you&#039;re having problems sharing via email, you might not have email set up for your browser. You may need to create a new email yourself.\" data-email-share-nonce=\"472a0f4e89\" data-email-share-track-url=\"https:\/\/28april.org\/?p=4450&amp;share=email\"><span><\/span><span class=\"sharing-screen-reader-text\">Click to email a link to a friend (Opens in new window)<\/span><\/a><\/li><li class=\"share-pinterest\"><a rel=\"nofollow noopener noreferrer\" data-shared=\"sharing-pinterest-4450\" class=\"share-pinterest sd-button share-icon no-text\" href=\"https:\/\/28april.org\/?p=4450&amp;share=pinterest\" target=\"_blank\" title=\"Click to share on Pinterest\" ><span><\/span><span class=\"sharing-screen-reader-text\">Click to share on Pinterest (Opens in new window)<\/span><\/a><\/li><li class=\"share-telegram\"><a rel=\"nofollow noopener noreferrer\" data-shared=\"\" class=\"share-telegram sd-button share-icon no-text\" href=\"https:\/\/28april.org\/?p=4450&amp;share=telegram\" target=\"_blank\" title=\"Click to share on Telegram\" ><span><\/span><span class=\"sharing-screen-reader-text\">Click to share on Telegram (Opens in new window)<\/span><\/a><\/li><li class=\"share-end\"><\/li><\/ul><\/div><\/div><\/div>","protected":false},"author":1,"featured_media":0,"comment_status":"open","ping_status":"open","sticky":false,"template":"","format":"standard","meta":{"jetpack_post_was_ever_published":false},"categories":[1302,1345,1312,4,396,7],"tags":[],"jetpack_featured_media_url":"","jetpack_shortlink":"https:\/\/wp.me\/p7r6RV-19M","jetpack_sharing_enabled":true,"jetpack_likes_enabled":false,"_links":{"self":[{"href":"https:\/\/28april.org\/index.php?rest_route=\/wp\/v2\/posts\/4450"}],"collection":[{"href":"https:\/\/28april.org\/index.php?rest_route=\/wp\/v2\/posts"}],"about":[{"href":"https:\/\/28april.org\/index.php?rest_route=\/wp\/v2\/types\/post"}],"author":[{"embeddable":true,"href":"https:\/\/28april.org\/index.php?rest_route=\/wp\/v2\/users\/1"}],"replies":[{"embeddable":true,"href":"https:\/\/28april.org\/index.php?rest_route=%2Fwp%2Fv2%2Fcomments&post=4450"}],"version-history":[{"count":2,"href":"https:\/\/28april.org\/index.php?rest_route=\/wp\/v2\/posts\/4450\/revisions"}],"predecessor-version":[{"id":4460,"href":"https:\/\/28april.org\/index.php?rest_route=\/wp\/v2\/posts\/4450\/revisions\/4460"}],"wp:attachment":[{"href":"https:\/\/28april.org\/index.php?rest_route=%2Fwp%2Fv2%2Fmedia&parent=4450"}],"wp:term":[{"taxonomy":"category","embeddable":true,"href":"https:\/\/28april.org\/index.php?rest_route=%2Fwp%2Fv2%2Fcategories&post=4450"},{"taxonomy":"post_tag","embeddable":true,"href":"https:\/\/28april.org\/index.php?rest_route=%2Fwp%2Fv2%2Ftags&post=4450"}],"curies":[{"name":"wp","href":"https:\/\/api.w.org\/{rel}","templated":true}]}}