{"id":4258,"date":"2021-03-31T12:22:48","date_gmt":"2021-03-31T12:22:48","guid":{"rendered":"https:\/\/28april.org\/?p=4258"},"modified":"2021-03-31T13:26:48","modified_gmt":"2021-03-31T13:26:48","slug":"global-unase-a-la-campana-para-que-la-oit-reconozca-la-sst-como-un-derecho-fundamental","status":"publish","type":"post","link":"https:\/\/28april.org\/?p=4258","title":{"rendered":"Global: \u00danase a la campa\u00f1a para que la OIT reconozca la SST como un derecho fundamental"},"content":{"rendered":"<p class=\"paragraph\">La ICM, junto con otros miembros del movimiento sindical mundial, hace un llamado a la Conferencia de la Organizaci\u00f3n Internacional del Trabajo (OIT), de junio de 2021, para que reconozca el derecho a lugares de trabajo saludables y seguros como un derecho fundamental. La ICM est\u00e1 convencida de que esto garantizar\u00eda una mayor responsabilidad por parte de los gobiernos y los empleadores con el cumplimiento de las normas internacionales del trabajo sobre salud y seguridad.<\/p>\n<p class=\"paragraph\">Junto con la Federaci\u00f3n Europea de Trabajadores de la Construcci\u00f3n y la Madera (FETCM), la ICM ha lanzado una campa\u00f1a para mostrar que los sindicatos y los empleadores reconocen la importancia de lugares de trabajo saludables y seguros.<\/p>\n<p class=\"paragraph\">&#8220;La Declaraci\u00f3n del Centenario de la OIT de 2019, adoptada por unanimidad por gobiernos, trabajadores y empleadores, no fue lo suficientemente lejos como para garantizar salud y seguridad ocupacional para todos los trabajadores&#8221;, asegur\u00f3 Ambet Yuson, Secretario General de la ICM.<\/p>\n<p class=\"paragraph\">&#8220;La OIT deber\u00eda hacer lo correcto ahora y reconocer la salud y la seguridad en el trabajo como un derecho fundamental de la OIT en el trabajo. Nuestra campa\u00f1a con la FETCM fue dise\u00f1ada para mostrar cu\u00e1n amplio es el apoyo al reconocimiento de la salud y la seguridad como un derecho fundamental entre los sindicatos y empleadores&#8221;, agreg\u00f3 Yuson.<\/p>\n<p class=\"paragraph\">La ICM convoca a todas sus organizaciones afiliadas en el mundo a que se movilicen para negociar con los empleadores la firma de una declaraci\u00f3n conjunta que respalde el reconocimiento de los lugares de trabajo saludables y seguros como un derecho fundamental de la OIT.<\/p>\n<p class=\"paragraph\">Una vez que se hayan firmado las declaraciones, se solicitar\u00e1 a los afiliados que env\u00eden copias a la ICM, con el fin de compilarlas en una lista \u00fanica de todos los sindicatos y empleadores que est\u00e1n de acuerdo con nuestra consigna de campa\u00f1a en todo el mundo. El documento final se utilizar\u00e1 para motivar y persuadir a la OIT para que reconozca la salud y la seguridad como un derecho fundamental.<\/p>\n<p class=\"paragraph\">La ICM dar\u00e1 a conocer internacionalmente las empresas que se han sumado a esta campa\u00f1a. De esta manera, se espera conmemorar el D\u00eda Internacional de Conmemoraci\u00f3n a los Trabajadores Fallecidos y Lesionados por Accidentes de Trabajo, el 28 de abril de 2021.<\/p>\n<p class=\"paragraph\">Para obtener m\u00e1s informaci\u00f3n y obtener copias de la declaraci\u00f3n, comun\u00edquese con su Oficina Regional de la ICM.<\/p>\n<p><img src=\"https:\/\/www.bwint.org\/web\/image\/1002433\" \/><\/p>\n<p><a href=\"https:\/\/www.bwint.org\/es_ES\/cms\/unase-a-la-campana-para-que-la-oit-reconozca-la-sst-como-un-derecho-fundamental-2228\">https:\/\/www.bwint.org\/es_ES\/cms\/unase-a-la-campana-para-que-la-oit-reconozca-la-sst-como-un-derecho-fundamental-2228<\/a><\/p>\n<div class=\"sharedaddy sd-sharing-enabled\"><div class=\"robots-nocontent sd-block sd-social sd-social-icon sd-sharing\"><h3 class=\"sd-title\">Share this post<\/h3><div class=\"sd-content\"><ul><li class=\"share-facebook\"><a rel=\"nofollow noopener noreferrer\" data-shared=\"sharing-facebook-4258\" class=\"share-facebook sd-button share-icon no-text\" href=\"https:\/\/28april.org\/?p=4258&amp;share=facebook\" target=\"_blank\" title=\"Click to share on Facebook\" ><span><\/span><span class=\"sharing-screen-reader-text\">Click to share on Facebook (Opens in new window)<\/span><\/a><\/li><li class=\"share-linkedin\"><a rel=\"nofollow noopener noreferrer\" data-shared=\"sharing-linkedin-4258\" class=\"share-linkedin sd-button share-icon no-text\" href=\"https:\/\/28april.org\/?p=4258&amp;share=linkedin\" target=\"_blank\" title=\"Click to share on LinkedIn\" ><span><\/span><span class=\"sharing-screen-reader-text\">Click to share on LinkedIn (Opens in new window)<\/span><\/a><\/li><li class=\"share-twitter\"><a rel=\"nofollow noopener noreferrer\" data-shared=\"sharing-twitter-4258\" class=\"share-twitter sd-button share-icon no-text\" href=\"https:\/\/28april.org\/?p=4258&amp;share=twitter\" target=\"_blank\" title=\"Click to share on Twitter\" ><span><\/span><span class=\"sharing-screen-reader-text\">Click to share on Twitter (Opens in new window)<\/span><\/a><\/li><li class=\"share-pocket\"><a rel=\"nofollow noopener noreferrer\" data-shared=\"\" class=\"share-pocket sd-button share-icon no-text\" href=\"https:\/\/28april.org\/?p=4258&amp;share=pocket\" target=\"_blank\" title=\"Click to share on Pocket\" ><span><\/span><span class=\"sharing-screen-reader-text\">Click to share on Pocket (Opens in new window)<\/span><\/a><\/li><li class=\"share-jetpack-whatsapp\"><a rel=\"nofollow noopener noreferrer\" data-shared=\"\" class=\"share-jetpack-whatsapp sd-button share-icon no-text\" href=\"https:\/\/28april.org\/?p=4258&amp;share=jetpack-whatsapp\" target=\"_blank\" title=\"Click to share on WhatsApp\" ><span><\/span><span class=\"sharing-screen-reader-text\">Click to share on WhatsApp (Opens in new window)<\/span><\/a><\/li><li class=\"share-print\"><a rel=\"nofollow noopener noreferrer\" data-shared=\"\" class=\"share-print sd-button share-icon no-text\" href=\"https:\/\/28april.org\/?p=4258\" target=\"_blank\" title=\"Click to print\" ><span><\/span><span class=\"sharing-screen-reader-text\">Click to print (Opens in new window)<\/span><\/a><\/li><li class=\"share-email\"><a rel=\"nofollow noopener noreferrer\" data-shared=\"\" class=\"share-email sd-button share-icon no-text\" href=\"mailto:?subject=%5BShared%20Post%5D%20Global%3A%20%C3%9Anase%20a%20la%20campa%C3%B1a%20para%20que%20la%20OIT%20reconozca%20la%20SST%20como%20un%20derecho%20fundamental&body=https%3A%2F%2F28april.org%2F%3Fp%3D4258&share=email\" target=\"_blank\" title=\"Click to email a link to a friend\" data-email-share-error-title=\"Do you have email set up?\" data-email-share-error-text=\"If you&#039;re having problems sharing via email, you might not have email set up for your browser. You may need to create a new email yourself.\" data-email-share-nonce=\"ec3b8dc54b\" data-email-share-track-url=\"https:\/\/28april.org\/?p=4258&amp;share=email\"><span><\/span><span class=\"sharing-screen-reader-text\">Click to email a link to a friend (Opens in new window)<\/span><\/a><\/li><li class=\"share-pinterest\"><a rel=\"nofollow noopener noreferrer\" data-shared=\"sharing-pinterest-4258\" class=\"share-pinterest sd-button share-icon no-text\" href=\"https:\/\/28april.org\/?p=4258&amp;share=pinterest\" target=\"_blank\" title=\"Click to share on Pinterest\" ><span><\/span><span class=\"sharing-screen-reader-text\">Click to share on Pinterest (Opens in new window)<\/span><\/a><\/li><li class=\"share-telegram\"><a rel=\"nofollow noopener noreferrer\" data-shared=\"\" class=\"share-telegram sd-button share-icon no-text\" href=\"https:\/\/28april.org\/?p=4258&amp;share=telegram\" target=\"_blank\" title=\"Click to share on Telegram\" ><span><\/span><span class=\"sharing-screen-reader-text\">Click to share on Telegram (Opens in new window)<\/span><\/a><\/li><li class=\"share-end\"><\/li><\/ul><\/div><\/div><\/div>","protected":false},"excerpt":{"rendered":"<p>La ICM, junto con otros miembros del movimiento sindical mundial, hace un llamado a la Conferencia de la Organizaci\u00f3n Internacional del Trabajo (OIT), de junio de 2021, para que reconozca el derecho a lugares de trabajo saludables y seguros como un derecho fundamental. La ICM est\u00e1 convencida de que esto garantizar\u00eda una mayor responsabilidad por &hellip; <a href=\"https:\/\/28april.org\/?p=4258\" class=\"more-link\">Continue reading <span class=\"screen-reader-text\">Global: \u00danase a la campa\u00f1a para que la OIT reconozca la SST como un derecho fundamental<\/span> <span class=\"meta-nav\">&rarr;<\/span><\/a><\/p>\n<div class=\"sharedaddy sd-sharing-enabled\"><div class=\"robots-nocontent sd-block sd-social sd-social-icon sd-sharing\"><h3 class=\"sd-title\">Share this post<\/h3><div class=\"sd-content\"><ul><li class=\"share-facebook\"><a rel=\"nofollow noopener noreferrer\" data-shared=\"sharing-facebook-4258\" class=\"share-facebook sd-button share-icon no-text\" href=\"https:\/\/28april.org\/?p=4258&amp;share=facebook\" target=\"_blank\" title=\"Click to share on Facebook\" ><span><\/span><span class=\"sharing-screen-reader-text\">Click to share on Facebook (Opens in new window)<\/span><\/a><\/li><li class=\"share-linkedin\"><a rel=\"nofollow noopener noreferrer\" data-shared=\"sharing-linkedin-4258\" class=\"share-linkedin sd-button share-icon no-text\" href=\"https:\/\/28april.org\/?p=4258&amp;share=linkedin\" target=\"_blank\" title=\"Click to share on LinkedIn\" ><span><\/span><span class=\"sharing-screen-reader-text\">Click to share on LinkedIn (Opens in new window)<\/span><\/a><\/li><li class=\"share-twitter\"><a rel=\"nofollow noopener noreferrer\" data-shared=\"sharing-twitter-4258\" class=\"share-twitter sd-button share-icon no-text\" href=\"https:\/\/28april.org\/?p=4258&amp;share=twitter\" target=\"_blank\" title=\"Click to share on Twitter\" ><span><\/span><span class=\"sharing-screen-reader-text\">Click to share on Twitter (Opens in new window)<\/span><\/a><\/li><li class=\"share-pocket\"><a rel=\"nofollow noopener noreferrer\" data-shared=\"\" class=\"share-pocket sd-button share-icon no-text\" href=\"https:\/\/28april.org\/?p=4258&amp;share=pocket\" target=\"_blank\" title=\"Click to share on Pocket\" ><span><\/span><span class=\"sharing-screen-reader-text\">Click to share on Pocket (Opens in new window)<\/span><\/a><\/li><li class=\"share-jetpack-whatsapp\"><a rel=\"nofollow noopener noreferrer\" data-shared=\"\" class=\"share-jetpack-whatsapp sd-button share-icon no-text\" href=\"https:\/\/28april.org\/?p=4258&amp;share=jetpack-whatsapp\" target=\"_blank\" title=\"Click to share on WhatsApp\" ><span><\/span><span class=\"sharing-screen-reader-text\">Click to share on WhatsApp (Opens in new window)<\/span><\/a><\/li><li class=\"share-print\"><a rel=\"nofollow noopener noreferrer\" data-shared=\"\" class=\"share-print sd-button share-icon no-text\" href=\"https:\/\/28april.org\/?p=4258\" target=\"_blank\" title=\"Click to print\" ><span><\/span><span class=\"sharing-screen-reader-text\">Click to print (Opens in new window)<\/span><\/a><\/li><li class=\"share-email\"><a rel=\"nofollow noopener noreferrer\" data-shared=\"\" class=\"share-email sd-button share-icon no-text\" href=\"mailto:?subject=%5BShared%20Post%5D%20Global%3A%20%C3%9Anase%20a%20la%20campa%C3%B1a%20para%20que%20la%20OIT%20reconozca%20la%20SST%20como%20un%20derecho%20fundamental&body=https%3A%2F%2F28april.org%2F%3Fp%3D4258&share=email\" target=\"_blank\" title=\"Click to email a link to a friend\" data-email-share-error-title=\"Do you have email set up?\" data-email-share-error-text=\"If you&#039;re having problems sharing via email, you might not have email set up for your browser. You may need to create a new email yourself.\" data-email-share-nonce=\"ec3b8dc54b\" data-email-share-track-url=\"https:\/\/28april.org\/?p=4258&amp;share=email\"><span><\/span><span class=\"sharing-screen-reader-text\">Click to email a link to a friend (Opens in new window)<\/span><\/a><\/li><li class=\"share-pinterest\"><a rel=\"nofollow noopener noreferrer\" data-shared=\"sharing-pinterest-4258\" class=\"share-pinterest sd-button share-icon no-text\" href=\"https:\/\/28april.org\/?p=4258&amp;share=pinterest\" target=\"_blank\" title=\"Click to share on Pinterest\" ><span><\/span><span class=\"sharing-screen-reader-text\">Click to share on Pinterest (Opens in new window)<\/span><\/a><\/li><li class=\"share-telegram\"><a rel=\"nofollow noopener noreferrer\" data-shared=\"\" class=\"share-telegram sd-button share-icon no-text\" href=\"https:\/\/28april.org\/?p=4258&amp;share=telegram\" target=\"_blank\" title=\"Click to share on Telegram\" ><span><\/span><span class=\"sharing-screen-reader-text\">Click to share on Telegram (Opens in new window)<\/span><\/a><\/li><li class=\"share-end\"><\/li><\/ul><\/div><\/div><\/div>","protected":false},"author":1,"featured_media":0,"comment_status":"open","ping_status":"open","sticky":false,"template":"","format":"standard","meta":{"jetpack_post_was_ever_published":false},"categories":[1302,1307,4],"tags":[],"jetpack_featured_media_url":"","jetpack_shortlink":"https:\/\/wp.me\/p7r6RV-16G","jetpack_sharing_enabled":true,"jetpack_likes_enabled":false,"_links":{"self":[{"href":"https:\/\/28april.org\/index.php?rest_route=\/wp\/v2\/posts\/4258"}],"collection":[{"href":"https:\/\/28april.org\/index.php?rest_route=\/wp\/v2\/posts"}],"about":[{"href":"https:\/\/28april.org\/index.php?rest_route=\/wp\/v2\/types\/post"}],"author":[{"embeddable":true,"href":"https:\/\/28april.org\/index.php?rest_route=\/wp\/v2\/users\/1"}],"replies":[{"embeddable":true,"href":"https:\/\/28april.org\/index.php?rest_route=%2Fwp%2Fv2%2Fcomments&post=4258"}],"version-history":[{"count":2,"href":"https:\/\/28april.org\/index.php?rest_route=\/wp\/v2\/posts\/4258\/revisions"}],"predecessor-version":[{"id":4282,"href":"https:\/\/28april.org\/index.php?rest_route=\/wp\/v2\/posts\/4258\/revisions\/4282"}],"wp:attachment":[{"href":"https:\/\/28april.org\/index.php?rest_route=%2Fwp%2Fv2%2Fmedia&parent=4258"}],"wp:term":[{"taxonomy":"category","embeddable":true,"href":"https:\/\/28april.org\/index.php?rest_route=%2Fwp%2Fv2%2Fcategories&post=4258"},{"taxonomy":"post_tag","embeddable":true,"href":"https:\/\/28april.org\/index.php?rest_route=%2Fwp%2Fv2%2Ftags&post=4258"}],"curies":[{"name":"wp","href":"https:\/\/api.w.org\/{rel}","templated":true}]}}