{"id":4008,"date":"2020-04-28T16:35:16","date_gmt":"2020-04-28T16:35:16","guid":{"rendered":"https:\/\/28april.org\/?p=4008"},"modified":"2020-04-28T16:35:16","modified_gmt":"2020-04-28T16:35:16","slug":"global-jornada-internacional-para-recordar-a-las-os-trabajadoras-es-fallecidas-os-lesionadas-os-y-enfermas-os-producto-del-trabajo","status":"publish","type":"post","link":"https:\/\/28april.org\/?p=4008","title":{"rendered":"Global: Jornada Internacional para recordar a las\/os trabajadoras\/es fallecidas\/os, lesionadas\/os y enfermas\/os producto del trabajo"},"content":{"rendered":"<p><img loading=\"lazy\" class=\"alignnone size-full\" src=\"http:\/\/csa-csi.org\/wp-content\/uploads\/2020\/04\/28-de-abril.-Jornada-Internacional-de-conmemoraci%C3%B3n-de-trabajadores-fallecidos-heridos-o-lesionados.jpeg\" width=\"560\" height=\"315\" \/><\/p>\n<p><strong>28 de abril: Jornada Internacional para recordar a las\/os trabajadoras\/es fallecidas\/os, lesionadas\/os y enfermas\/os producto del trabajo<\/strong><\/p>\n<p><strong>ALTO A LA PANDEMIA EN EL TRABAJO<\/strong><\/p>\n<p><strong><br \/>\nLa salud y la vida de las\/os trabajadoras\/es no son mercanc\u00eda<\/strong><\/p>\n<p>Cada 28 de abril el sindicalismo internacional conmemora y recuerda a las\/os trabajadoras\/es que han muerto, est\u00e1n enfermas\/os o han sufrido accidentes durante el trabajo. Fecha declarada por la ONU \u201cD\u00eda Mundial de la Seguridad y Salud en el Trabajo\u201d, en la cual reivindicamos la necesidad de hacer visibles las graves condiciones de inseguridad en las que millones de trabajadoras\/es del mundo realizan sus labores.<\/p>\n<p>En 2019, la OIT llam\u00f3 la atenci\u00f3n ante la gravedad de que 317 millones de trabajadoras\/es fueron v\u00edctimas de accidentes de trabajo en todo el mundo y 2,34 millones murieron debido a accidentes o a enfermedades profesionales. En las Am\u00e9ricas, las cifras aproximadas seg\u00fan la OIT para el mismo per\u00edodo son 11,1 accidentes mortales por cada 100.000 trabajadores en la industria, 10,7 en la agricultura, y 6,9 en el sector de los servicios; esto a pesar del subregistro existente en todos los pa\u00edses.<\/p>\n<p><strong>El Covid19 agrava las condiciones de salud y seguridad de las\/os trabajadoras\/es<br \/>\n<\/strong><br \/>\nEste a\u00f1o del 2020 la pandemia del Covid19 ha cobrado hasta el momento la vida de m\u00e1s de 100 mil personas en las Am\u00e9ricas, seg\u00fan datos de la Organizaci\u00f3n Panamericana de la Salud (OPS). Para la CSA, esta pandemia aparte de ser una crisis sanitaria y de salud p\u00fablica, es sobre todo una crisis del sistema econ\u00f3mico neoliberal en tanto evidencia el fracaso de sus pol\u00edticas de reducci\u00f3n del Estado, las privatizaciones, la precarizaci\u00f3n del trabajo y la disminuci\u00f3n de derechos sociales y laborales.<\/p>\n<p>La situaci\u00f3n se agrava cuando encontramos que, en nuestra regi\u00f3n, seg\u00fan la OIT, existen alrededor de 300 millones de trabajadoras\/es en condiciones de informalidad, quienes se ven obligadas\/os a salir a trabajar (porque si no trabajan no comen) y se contabiliza un aumento de 14 millones de desempleadas\/os a la primera quincena del mes de abril en el marco de la actual crisis por la pandemia.<\/p>\n<p>Este 28 de abril queremos hacer visible de manera particular, la situaci\u00f3n de inseguridad en que se encuentra un gran n\u00famero de trabajadoras\/es de servicios esenciales, que est\u00e1n en la primera l\u00ednea de atenci\u00f3n a la pandemia (trabajadoras\/es de los sectores de la salud, funerario, transporte, bomberos, trabajadores de gesti\u00f3n de desechos hospitalarios), que no cuentan con la suficiente protecci\u00f3n, con escasa provisi\u00f3n y dotaci\u00f3n de los elementos de bioseguridad, expuestos al contagio, muchas de las cuales han muerto. Raz\u00f3n por la que la CSA se une al llamado del sindicalismo internacional para que se declare el Covid19 como enfermedad profesional.<\/p>\n<p>Igualmente, ante la flexibilizaci\u00f3n de las medidas de aislamiento por parte de los gobiernos, bajo el argumento de recuperar la din\u00e1mica econ\u00f3mica de sus pa\u00edses, se est\u00e1n llamando a las\/os trabajadoras\/es a retornar a sus labores sin ofrecerles las debidas medidas de protecci\u00f3n.<\/p>\n<p>Junto al riesgo de contagio, es necesario visibilizar el impacto psicosocial en las\/os trabajadoras\/es asociado no s\u00f3lo a la incertidumbre y vulnerabilidad de la exposici\u00f3n al virus, sino tambi\u00e9n a las derivadas de su situaci\u00f3n laboral; por ejemplo, el teletrabajo que est\u00e1 siendo usado por muchas empresas y gobiernos de la regi\u00f3n. Esto representa una novedad para muchas personas quienes est\u00e1n trabajando por causa mayor en sus casas, con los equipos, espacios y mobiliario propios; conviviendo, adem\u00e1s, con las otras personas confinadas en el mismo domicilio, incluidos menores, adolescentes y de edad avanzada, teniendo que combinar su trabajo formal con todo lo que implican las tareas de cuidados.<\/p>\n<p>Afirmamos que las diversas situaciones asociadas a accidentes, muertes y a enfermedades en el trabajo y los nuevos escenarios que se abren en el marco de esta crisis sanitaria, son consecuencia del actual modelo de desarrollo econ\u00f3mico perverso y concentrador de riquezas que prevalece en nuestros pa\u00edses; modelo contrario a la l\u00f3gica del desarrollo sustentable que proponemos en la PLADA, que coloca como eje central del desarrollo el trabajo decente, sano y seguro.<\/p>\n<p>Ante este cuadro, este 28 de abril la CSA reafirma que:<br \/>\n\u2022 Es necesario un cambio de paradigma para que la salud y la seguridad de las personas trabajadoras se convierta en la prioridad de las pol\u00edticas p\u00fablicas efectivas.<br \/>\n\u2022 Es urgente fortalecer el di\u00e1logo social y la negociaci\u00f3n colectiva para que juntos, gobiernos, empleadores y sindicatos, podamos definir acciones concretas para garantizar la vida y la salud de las\/os trabajadoras\/es incluyendo a las\/os trabajadoras\/es en situaci\u00f3n de precariedad e informalidad laboral, en concordancia con las normas y acuerdos internacionales ya establecidos.<br \/>\n\u2022 Se requiere garantizar las medidas m\u00ednimas como los Equipos de Protecci\u00f3n Personal (EPP) y de bioseguridad para todas las personas trabajadoras que hacen frente a la pandemia. S\u00f3lo de esta manera estar\u00e1n en mejores condiciones de salvar vidas. Igualmente, garantizar medidas de protecci\u00f3n de salud para toda la poblaci\u00f3n trabajadora.<br \/>\n\u2022 En el contexto de la pandemia es necesario proporcionar ingresos m\u00ednimos que permitan a las\/os trabajadoras\/es garantizar sus necesidades fundamentales.<br \/>\n\u2022 La salud, la vida y la salud laboral son derechos humanos y son condiciones necesarias para garantizar trabajos decentes. La salud y la vida no son una mercanc\u00eda.<\/p>\n<p>Este 28 de abril, desde la CSA recordamos a todas las v\u00edctimas de la pandemia y en particular a quienes han perdido la vida por ejercer sus trabajos; reafirmamos nuestro compromiso de luchar por mejores condiciones de trabajo, por la defensa de la salud laboral para todas personas trabajadoras, en todos los lugares de trabajo. Por lugares de trabajo sanos y seguros. Hagamos visible lo invisible. Alto a la pandemia en el trabajo.<\/p>\n<p>Compartir:<\/p>\n<p><a href=\"http:\/\/csa-csi.org\/2020\/04\/28\/jornada-internacional-para-recordar-a-las-os-trabajadoras-es-fallecidas-os-lesionadas-os-y-enfermas-os-producto-del-trabajo\/\">http:\/\/csa-csi.org\/2020\/04\/28\/jornada-internacional-para-recordar-a-las-os-trabajadoras-es-fallecidas-os-lesionadas-os-y-enfermas-os-producto-del-trabajo\/<\/a><\/p>\n<div class=\"sharedaddy sd-sharing-enabled\"><div class=\"robots-nocontent sd-block sd-social sd-social-icon sd-sharing\"><h3 class=\"sd-title\">Share this post<\/h3><div class=\"sd-content\"><ul><li class=\"share-facebook\"><a rel=\"nofollow noopener noreferrer\" data-shared=\"sharing-facebook-4008\" class=\"share-facebook sd-button share-icon no-text\" href=\"https:\/\/28april.org\/?p=4008&amp;share=facebook\" target=\"_blank\" title=\"Click to share on Facebook\" ><span><\/span><span class=\"sharing-screen-reader-text\">Click to share on Facebook (Opens in new window)<\/span><\/a><\/li><li class=\"share-linkedin\"><a rel=\"nofollow noopener noreferrer\" data-shared=\"sharing-linkedin-4008\" class=\"share-linkedin sd-button share-icon no-text\" href=\"https:\/\/28april.org\/?p=4008&amp;share=linkedin\" target=\"_blank\" title=\"Click to share on LinkedIn\" ><span><\/span><span class=\"sharing-screen-reader-text\">Click to share on LinkedIn (Opens in new window)<\/span><\/a><\/li><li class=\"share-twitter\"><a rel=\"nofollow noopener noreferrer\" data-shared=\"sharing-twitter-4008\" class=\"share-twitter sd-button share-icon no-text\" href=\"https:\/\/28april.org\/?p=4008&amp;share=twitter\" target=\"_blank\" title=\"Click to share on Twitter\" ><span><\/span><span class=\"sharing-screen-reader-text\">Click to share on Twitter (Opens in new window)<\/span><\/a><\/li><li class=\"share-pocket\"><a rel=\"nofollow noopener noreferrer\" data-shared=\"\" class=\"share-pocket sd-button share-icon no-text\" href=\"https:\/\/28april.org\/?p=4008&amp;share=pocket\" target=\"_blank\" title=\"Click to share on Pocket\" ><span><\/span><span class=\"sharing-screen-reader-text\">Click to share on Pocket (Opens in new window)<\/span><\/a><\/li><li class=\"share-jetpack-whatsapp\"><a rel=\"nofollow noopener noreferrer\" data-shared=\"\" class=\"share-jetpack-whatsapp sd-button share-icon no-text\" href=\"https:\/\/28april.org\/?p=4008&amp;share=jetpack-whatsapp\" target=\"_blank\" title=\"Click to share on WhatsApp\" ><span><\/span><span class=\"sharing-screen-reader-text\">Click to share on WhatsApp (Opens in new window)<\/span><\/a><\/li><li class=\"share-print\"><a rel=\"nofollow noopener noreferrer\" data-shared=\"\" class=\"share-print sd-button share-icon no-text\" href=\"https:\/\/28april.org\/?p=4008\" target=\"_blank\" title=\"Click to print\" ><span><\/span><span class=\"sharing-screen-reader-text\">Click to print (Opens in new window)<\/span><\/a><\/li><li class=\"share-email\"><a rel=\"nofollow noopener noreferrer\" data-shared=\"\" class=\"share-email sd-button share-icon no-text\" href=\"mailto:?subject=%5BShared%20Post%5D%20Global%3A%20Jornada%20Internacional%20para%20recordar%20a%20las%2Fos%20trabajadoras%2Fes%20fallecidas%2Fos%2C%20lesionadas%2Fos%20y%20enfermas%2Fos%20producto%20del%20trabajo&body=https%3A%2F%2F28april.org%2F%3Fp%3D4008&share=email\" target=\"_blank\" title=\"Click to email a link to a friend\" data-email-share-error-title=\"Do you have email set up?\" data-email-share-error-text=\"If you&#039;re having problems sharing via email, you might not have email set up for your browser. You may need to create a new email yourself.\" data-email-share-nonce=\"0aad09e024\" data-email-share-track-url=\"https:\/\/28april.org\/?p=4008&amp;share=email\"><span><\/span><span class=\"sharing-screen-reader-text\">Click to email a link to a friend (Opens in new window)<\/span><\/a><\/li><li class=\"share-pinterest\"><a rel=\"nofollow noopener noreferrer\" data-shared=\"sharing-pinterest-4008\" class=\"share-pinterest sd-button share-icon no-text\" href=\"https:\/\/28april.org\/?p=4008&amp;share=pinterest\" target=\"_blank\" title=\"Click to share on Pinterest\" ><span><\/span><span class=\"sharing-screen-reader-text\">Click to share on Pinterest (Opens in new window)<\/span><\/a><\/li><li class=\"share-telegram\"><a rel=\"nofollow noopener noreferrer\" data-shared=\"\" class=\"share-telegram sd-button share-icon no-text\" href=\"https:\/\/28april.org\/?p=4008&amp;share=telegram\" target=\"_blank\" title=\"Click to share on Telegram\" ><span><\/span><span class=\"sharing-screen-reader-text\">Click to share on Telegram (Opens in new window)<\/span><\/a><\/li><li class=\"share-end\"><\/li><\/ul><\/div><\/div><\/div>","protected":false},"excerpt":{"rendered":"<p>28 de abril: Jornada Internacional para recordar a las\/os trabajadoras\/es fallecidas\/os, lesionadas\/os y enfermas\/os producto del trabajo ALTO A LA PANDEMIA EN EL TRABAJO La salud y la vida de las\/os trabajadoras\/es no son mercanc\u00eda Cada 28 de abril el sindicalismo internacional conmemora y recuerda a las\/os trabajadoras\/es que han muerto, est\u00e1n enfermas\/os o han &hellip; <a href=\"https:\/\/28april.org\/?p=4008\" class=\"more-link\">Continue reading <span class=\"screen-reader-text\">Global: Jornada Internacional para recordar a las\/os trabajadoras\/es fallecidas\/os, lesionadas\/os y enfermas\/os producto del trabajo<\/span> <span class=\"meta-nav\">&rarr;<\/span><\/a><\/p>\n<div class=\"sharedaddy sd-sharing-enabled\"><div class=\"robots-nocontent sd-block sd-social sd-social-icon sd-sharing\"><h3 class=\"sd-title\">Share this post<\/h3><div class=\"sd-content\"><ul><li class=\"share-facebook\"><a rel=\"nofollow noopener noreferrer\" data-shared=\"sharing-facebook-4008\" class=\"share-facebook sd-button share-icon no-text\" href=\"https:\/\/28april.org\/?p=4008&amp;share=facebook\" target=\"_blank\" title=\"Click to share on Facebook\" ><span><\/span><span class=\"sharing-screen-reader-text\">Click to share on Facebook (Opens in new window)<\/span><\/a><\/li><li class=\"share-linkedin\"><a rel=\"nofollow noopener noreferrer\" data-shared=\"sharing-linkedin-4008\" class=\"share-linkedin sd-button share-icon no-text\" href=\"https:\/\/28april.org\/?p=4008&amp;share=linkedin\" target=\"_blank\" title=\"Click to share on LinkedIn\" ><span><\/span><span class=\"sharing-screen-reader-text\">Click to share on LinkedIn (Opens in new window)<\/span><\/a><\/li><li class=\"share-twitter\"><a rel=\"nofollow noopener noreferrer\" data-shared=\"sharing-twitter-4008\" class=\"share-twitter sd-button share-icon no-text\" href=\"https:\/\/28april.org\/?p=4008&amp;share=twitter\" target=\"_blank\" title=\"Click to share on Twitter\" ><span><\/span><span class=\"sharing-screen-reader-text\">Click to share on Twitter (Opens in new window)<\/span><\/a><\/li><li class=\"share-pocket\"><a rel=\"nofollow noopener noreferrer\" data-shared=\"\" class=\"share-pocket sd-button share-icon no-text\" href=\"https:\/\/28april.org\/?p=4008&amp;share=pocket\" target=\"_blank\" title=\"Click to share on Pocket\" ><span><\/span><span class=\"sharing-screen-reader-text\">Click to share on Pocket (Opens in new window)<\/span><\/a><\/li><li class=\"share-jetpack-whatsapp\"><a rel=\"nofollow noopener noreferrer\" data-shared=\"\" class=\"share-jetpack-whatsapp sd-button share-icon no-text\" href=\"https:\/\/28april.org\/?p=4008&amp;share=jetpack-whatsapp\" target=\"_blank\" title=\"Click to share on WhatsApp\" ><span><\/span><span class=\"sharing-screen-reader-text\">Click to share on WhatsApp (Opens in new window)<\/span><\/a><\/li><li class=\"share-print\"><a rel=\"nofollow noopener noreferrer\" data-shared=\"\" class=\"share-print sd-button share-icon no-text\" href=\"https:\/\/28april.org\/?p=4008\" target=\"_blank\" title=\"Click to print\" ><span><\/span><span class=\"sharing-screen-reader-text\">Click to print (Opens in new window)<\/span><\/a><\/li><li class=\"share-email\"><a rel=\"nofollow noopener noreferrer\" data-shared=\"\" class=\"share-email sd-button share-icon no-text\" href=\"mailto:?subject=%5BShared%20Post%5D%20Global%3A%20Jornada%20Internacional%20para%20recordar%20a%20las%2Fos%20trabajadoras%2Fes%20fallecidas%2Fos%2C%20lesionadas%2Fos%20y%20enfermas%2Fos%20producto%20del%20trabajo&body=https%3A%2F%2F28april.org%2F%3Fp%3D4008&share=email\" target=\"_blank\" title=\"Click to email a link to a friend\" data-email-share-error-title=\"Do you have email set up?\" data-email-share-error-text=\"If you&#039;re having problems sharing via email, you might not have email set up for your browser. You may need to create a new email yourself.\" data-email-share-nonce=\"0aad09e024\" data-email-share-track-url=\"https:\/\/28april.org\/?p=4008&amp;share=email\"><span><\/span><span class=\"sharing-screen-reader-text\">Click to email a link to a friend (Opens in new window)<\/span><\/a><\/li><li class=\"share-pinterest\"><a rel=\"nofollow noopener noreferrer\" data-shared=\"sharing-pinterest-4008\" class=\"share-pinterest sd-button share-icon no-text\" href=\"https:\/\/28april.org\/?p=4008&amp;share=pinterest\" target=\"_blank\" title=\"Click to share on Pinterest\" ><span><\/span><span class=\"sharing-screen-reader-text\">Click to share on Pinterest (Opens in new window)<\/span><\/a><\/li><li class=\"share-telegram\"><a rel=\"nofollow noopener noreferrer\" data-shared=\"\" class=\"share-telegram sd-button share-icon no-text\" href=\"https:\/\/28april.org\/?p=4008&amp;share=telegram\" target=\"_blank\" title=\"Click to share on Telegram\" ><span><\/span><span class=\"sharing-screen-reader-text\">Click to share on Telegram (Opens in new window)<\/span><\/a><\/li><li class=\"share-end\"><\/li><\/ul><\/div><\/div><\/div>","protected":false},"author":4,"featured_media":0,"comment_status":"open","ping_status":"open","sticky":false,"template":"","format":"standard","meta":{"jetpack_post_was_ever_published":false},"categories":[958,966,4,3],"tags":[],"jetpack_featured_media_url":"","jetpack_shortlink":"https:\/\/wp.me\/p7r6RV-12E","jetpack_sharing_enabled":true,"jetpack_likes_enabled":false,"_links":{"self":[{"href":"https:\/\/28april.org\/index.php?rest_route=\/wp\/v2\/posts\/4008"}],"collection":[{"href":"https:\/\/28april.org\/index.php?rest_route=\/wp\/v2\/posts"}],"about":[{"href":"https:\/\/28april.org\/index.php?rest_route=\/wp\/v2\/types\/post"}],"author":[{"embeddable":true,"href":"https:\/\/28april.org\/index.php?rest_route=\/wp\/v2\/users\/4"}],"replies":[{"embeddable":true,"href":"https:\/\/28april.org\/index.php?rest_route=%2Fwp%2Fv2%2Fcomments&post=4008"}],"version-history":[{"count":1,"href":"https:\/\/28april.org\/index.php?rest_route=\/wp\/v2\/posts\/4008\/revisions"}],"predecessor-version":[{"id":4009,"href":"https:\/\/28april.org\/index.php?rest_route=\/wp\/v2\/posts\/4008\/revisions\/4009"}],"wp:attachment":[{"href":"https:\/\/28april.org\/index.php?rest_route=%2Fwp%2Fv2%2Fmedia&parent=4008"}],"wp:term":[{"taxonomy":"category","embeddable":true,"href":"https:\/\/28april.org\/index.php?rest_route=%2Fwp%2Fv2%2Fcategories&post=4008"},{"taxonomy":"post_tag","embeddable":true,"href":"https:\/\/28april.org\/index.php?rest_route=%2Fwp%2Fv2%2Ftags&post=4008"}],"curies":[{"name":"wp","href":"https:\/\/api.w.org\/{rel}","templated":true}]}}