{"id":3967,"date":"2020-04-28T12:48:30","date_gmt":"2020-04-28T12:48:30","guid":{"rendered":"https:\/\/28april.org\/?p=3967"},"modified":"2020-04-28T12:48:30","modified_gmt":"2020-04-28T12:48:30","slug":"belgium-pour-la-reconnaissance-du-covid-19-comme-maladie-professionnelle-pour-tous-les-secteurs-essentiels-centrale-generale-fgtb","status":"publish","type":"post","link":"https:\/\/28april.org\/?p=3967","title":{"rendered":"Belgium: Pour la reconnaissance du COVID-19 comme maladie professionnelle pour tous les secteurs essentiels | Centrale G\u00e9n\u00e9rale &#8211; FGTB"},"content":{"rendered":"<p><a href=\"https:\/\/28april.org\/wp-content\/uploads\/2020\/04\/fgtb.jpg\"><img loading=\"lazy\" class=\"alignnone size-full wp-image-3968\" src=\"https:\/\/28april.org\/wp-content\/uploads\/2020\/04\/fgtb.jpg\" alt=\"\" width=\"840\" height=\"420\" srcset=\"https:\/\/28april.org\/wp-content\/uploads\/2020\/04\/fgtb.jpg 840w, https:\/\/28april.org\/wp-content\/uploads\/2020\/04\/fgtb-300x150.jpg 300w, https:\/\/28april.org\/wp-content\/uploads\/2020\/04\/fgtb-768x384.jpg 768w\" sizes=\"(max-width: 840px) 100vw, 840px\" \/><\/a><\/p>\n<p><strong>L&#8217;\u00e9pid\u00e9mie de coronavirus\u00a0qui s\u00e9vit actuellement a soulev\u00e9 la question de savoir si cette maladie peut \u00eatre reconnue comme une maladie professionnelle dans certains cas. La position de la Centrale G\u00e9n\u00e9rale &#8211; FGTB est ferme : le COVID-19 doit \u00eatre reconnu comme maladie professionnelle pour tous les secteurs &#8220;essentiels&#8221;. Soutenez notre appel en signant notre <a href=\"https:\/\/fr.surveymonkey.com\/r\/petition-covid\">p\u00e9tition<\/a>.<\/strong><\/p>\n<p>Le lundi 23 mars 2020, <a href=\"https:\/\/fedris.be\/fr\">FEDRIS<\/a>, l&#8217;Agence f\u00e9d\u00e9rale des risques professionnels, a confirm\u00e9\u00a0que les personnes atteintes de COVID-19 (diagnostiqu\u00e9es par le test d\u2019un laboratoire) qui travaillent dans le secteur des soins de sant\u00e9 et qui courent un risque nettement accru d&#8217;\u00eatre infect\u00e9es par le virus peuvent pr\u00e9tendre \u00e0 une indemnisation pour maladie professionnelle.\u00a0Ces dispositions concernent tout le personnel travaillant dans les h\u00f4pitaux en ce compris le personnel m\u00e9dical, param\u00e9dical, logistique et de nettoyage.<\/p>\n<p><strong>Maladie professionnelle pour tous les secteurs essentiels<\/strong><\/p>\n<p>Ce 28 avril, \u00e0\u00a0l\u2019occasion la journ\u00e9e mondiale pour les victimes d\u2019accidents et de maladies professionnelles, la Centrale G\u00e9n\u00e9rale &#8211; FGTB appelle\u00a0FEDRIS \u00e0 \u00e9tendre cette reconnaissance \u00e0 l\u2019ensemble des travailleurs qui ont \u00e9t\u00e9 expos\u00e9s et contamin\u00e9s par le virus du fait de leurs activit\u00e9s professionnelles dans les secteurs consid\u00e9r\u00e9s comme \u00ab essentiels \u00bb aux termes de l\u2019arr\u00eat\u00e9 minist\u00e9riel du 23 mars 2020 (Chimie, p\u00e9trole, gardiennage, construction,\u2026)<\/p>\n<p>Notre centrale s\u2019engage \u00e0 interpeller FEDRIS et la ministre de tutelle\u00a0sur ce point que nous estimons l\u00e9gitime pour l\u2019ensemble des travailleurs qui ont \u00e9t\u00e9 contraints de prendre des risques.<\/p>\n<p>Pour appuyer cette interpellation, nous vous invitons \u00e0 signer massivement notre p\u00e9tition ci-dessous et \u00e0 la diffuser au maximum autour de vous.<\/p>\n<p><a href=\"https:\/\/fr.surveymonkey.com\/r\/petition-covid\">SIGNEZ LA P\u00c9TITION<\/a><\/p>\n<p><a href=\"https:\/\/www.accg.be\/fr\/actualite\/20200427-pour-la-reconnaissance-du-covid-19-comme-maladie-professionnelle-pour-tous-les-secteurs-essentiels\">https:\/\/www.accg.be\/fr\/actualite\/20200427-pour-la-reconnaissance-du-covid-19-comme-maladie-professionnelle-pour-tous-les-secteurs-essentiels<\/a><\/p>\n<div class=\"sharedaddy sd-sharing-enabled\"><div class=\"robots-nocontent sd-block sd-social sd-social-icon sd-sharing\"><h3 class=\"sd-title\">Share this post<\/h3><div class=\"sd-content\"><ul><li class=\"share-facebook\"><a rel=\"nofollow noopener noreferrer\" data-shared=\"sharing-facebook-3967\" class=\"share-facebook sd-button share-icon no-text\" href=\"https:\/\/28april.org\/?p=3967&amp;share=facebook\" target=\"_blank\" title=\"Click to share on Facebook\" ><span><\/span><span class=\"sharing-screen-reader-text\">Click to share on Facebook (Opens in new window)<\/span><\/a><\/li><li class=\"share-linkedin\"><a rel=\"nofollow noopener noreferrer\" data-shared=\"sharing-linkedin-3967\" class=\"share-linkedin sd-button share-icon no-text\" href=\"https:\/\/28april.org\/?p=3967&amp;share=linkedin\" target=\"_blank\" title=\"Click to share on LinkedIn\" ><span><\/span><span class=\"sharing-screen-reader-text\">Click to share on LinkedIn (Opens in new window)<\/span><\/a><\/li><li class=\"share-twitter\"><a rel=\"nofollow noopener noreferrer\" data-shared=\"sharing-twitter-3967\" class=\"share-twitter sd-button share-icon no-text\" href=\"https:\/\/28april.org\/?p=3967&amp;share=twitter\" target=\"_blank\" title=\"Click to share on Twitter\" ><span><\/span><span class=\"sharing-screen-reader-text\">Click to share on Twitter (Opens in new window)<\/span><\/a><\/li><li class=\"share-pocket\"><a rel=\"nofollow noopener noreferrer\" data-shared=\"\" class=\"share-pocket sd-button share-icon no-text\" href=\"https:\/\/28april.org\/?p=3967&amp;share=pocket\" target=\"_blank\" title=\"Click to share on Pocket\" ><span><\/span><span class=\"sharing-screen-reader-text\">Click to share on Pocket (Opens in new window)<\/span><\/a><\/li><li class=\"share-jetpack-whatsapp\"><a rel=\"nofollow noopener noreferrer\" data-shared=\"\" class=\"share-jetpack-whatsapp sd-button share-icon no-text\" href=\"https:\/\/28april.org\/?p=3967&amp;share=jetpack-whatsapp\" target=\"_blank\" title=\"Click to share on WhatsApp\" ><span><\/span><span class=\"sharing-screen-reader-text\">Click to share on WhatsApp (Opens in new window)<\/span><\/a><\/li><li class=\"share-print\"><a rel=\"nofollow noopener noreferrer\" data-shared=\"\" class=\"share-print sd-button share-icon no-text\" href=\"https:\/\/28april.org\/?p=3967\" target=\"_blank\" title=\"Click to print\" ><span><\/span><span class=\"sharing-screen-reader-text\">Click to print (Opens in new window)<\/span><\/a><\/li><li class=\"share-email\"><a rel=\"nofollow noopener noreferrer\" data-shared=\"\" class=\"share-email sd-button share-icon no-text\" href=\"mailto:?subject=%5BShared%20Post%5D%20Belgium%3A%20Pour%20la%20reconnaissance%20du%20COVID-19%20comme%20maladie%20professionnelle%20pour%20tous%20les%20secteurs%20essentiels%20%7C%20Centrale%20G%C3%A9n%C3%A9rale%20-%20FGTB&body=https%3A%2F%2F28april.org%2F%3Fp%3D3967&share=email\" target=\"_blank\" title=\"Click to email a link to a friend\" data-email-share-error-title=\"Do you have email set up?\" data-email-share-error-text=\"If you&#039;re having problems sharing via email, you might not have email set up for your browser. You may need to create a new email yourself.\" data-email-share-nonce=\"bbaefbad81\" data-email-share-track-url=\"https:\/\/28april.org\/?p=3967&amp;share=email\"><span><\/span><span class=\"sharing-screen-reader-text\">Click to email a link to a friend (Opens in new window)<\/span><\/a><\/li><li class=\"share-pinterest\"><a rel=\"nofollow noopener noreferrer\" data-shared=\"sharing-pinterest-3967\" class=\"share-pinterest sd-button share-icon no-text\" href=\"https:\/\/28april.org\/?p=3967&amp;share=pinterest\" target=\"_blank\" title=\"Click to share on Pinterest\" ><span><\/span><span class=\"sharing-screen-reader-text\">Click to share on Pinterest (Opens in new window)<\/span><\/a><\/li><li class=\"share-telegram\"><a rel=\"nofollow noopener noreferrer\" data-shared=\"\" class=\"share-telegram sd-button share-icon no-text\" href=\"https:\/\/28april.org\/?p=3967&amp;share=telegram\" target=\"_blank\" title=\"Click to share on Telegram\" ><span><\/span><span class=\"sharing-screen-reader-text\">Click to share on Telegram (Opens in new window)<\/span><\/a><\/li><li class=\"share-end\"><\/li><\/ul><\/div><\/div><\/div>","protected":false},"excerpt":{"rendered":"<p>L&#8217;\u00e9pid\u00e9mie de coronavirus\u00a0qui s\u00e9vit actuellement a soulev\u00e9 la question de savoir si cette maladie peut \u00eatre reconnue comme une maladie professionnelle dans certains cas. La position de la Centrale G\u00e9n\u00e9rale &#8211; FGTB est ferme : le COVID-19 doit \u00eatre reconnu comme maladie professionnelle pour tous les secteurs &#8220;essentiels&#8221;. Soutenez notre appel en signant notre p\u00e9tition. &hellip; <a href=\"https:\/\/28april.org\/?p=3967\" class=\"more-link\">Continue reading <span class=\"screen-reader-text\">Belgium: Pour la reconnaissance du COVID-19 comme maladie professionnelle pour tous les secteurs essentiels | Centrale G\u00e9n\u00e9rale &#8211; FGTB<\/span> <span class=\"meta-nav\">&rarr;<\/span><\/a><\/p>\n<div class=\"sharedaddy sd-sharing-enabled\"><div class=\"robots-nocontent sd-block sd-social sd-social-icon sd-sharing\"><h3 class=\"sd-title\">Share this post<\/h3><div class=\"sd-content\"><ul><li class=\"share-facebook\"><a rel=\"nofollow noopener noreferrer\" data-shared=\"sharing-facebook-3967\" class=\"share-facebook sd-button share-icon no-text\" href=\"https:\/\/28april.org\/?p=3967&amp;share=facebook\" target=\"_blank\" title=\"Click to share on Facebook\" ><span><\/span><span class=\"sharing-screen-reader-text\">Click to share on Facebook (Opens in new window)<\/span><\/a><\/li><li class=\"share-linkedin\"><a rel=\"nofollow noopener noreferrer\" data-shared=\"sharing-linkedin-3967\" class=\"share-linkedin sd-button share-icon no-text\" href=\"https:\/\/28april.org\/?p=3967&amp;share=linkedin\" target=\"_blank\" title=\"Click to share on LinkedIn\" ><span><\/span><span class=\"sharing-screen-reader-text\">Click to share on LinkedIn (Opens in new window)<\/span><\/a><\/li><li class=\"share-twitter\"><a rel=\"nofollow noopener noreferrer\" data-shared=\"sharing-twitter-3967\" class=\"share-twitter sd-button share-icon no-text\" href=\"https:\/\/28april.org\/?p=3967&amp;share=twitter\" target=\"_blank\" title=\"Click to share on Twitter\" ><span><\/span><span class=\"sharing-screen-reader-text\">Click to share on Twitter (Opens in new window)<\/span><\/a><\/li><li class=\"share-pocket\"><a rel=\"nofollow noopener noreferrer\" data-shared=\"\" class=\"share-pocket sd-button share-icon no-text\" href=\"https:\/\/28april.org\/?p=3967&amp;share=pocket\" target=\"_blank\" title=\"Click to share on Pocket\" ><span><\/span><span class=\"sharing-screen-reader-text\">Click to share on Pocket (Opens in new window)<\/span><\/a><\/li><li class=\"share-jetpack-whatsapp\"><a rel=\"nofollow noopener noreferrer\" data-shared=\"\" class=\"share-jetpack-whatsapp sd-button share-icon no-text\" href=\"https:\/\/28april.org\/?p=3967&amp;share=jetpack-whatsapp\" target=\"_blank\" title=\"Click to share on WhatsApp\" ><span><\/span><span class=\"sharing-screen-reader-text\">Click to share on WhatsApp (Opens in new window)<\/span><\/a><\/li><li class=\"share-print\"><a rel=\"nofollow noopener noreferrer\" data-shared=\"\" class=\"share-print sd-button share-icon no-text\" href=\"https:\/\/28april.org\/?p=3967\" target=\"_blank\" title=\"Click to print\" ><span><\/span><span class=\"sharing-screen-reader-text\">Click to print (Opens in new window)<\/span><\/a><\/li><li class=\"share-email\"><a rel=\"nofollow noopener noreferrer\" data-shared=\"\" class=\"share-email sd-button share-icon no-text\" href=\"mailto:?subject=%5BShared%20Post%5D%20Belgium%3A%20Pour%20la%20reconnaissance%20du%20COVID-19%20comme%20maladie%20professionnelle%20pour%20tous%20les%20secteurs%20essentiels%20%7C%20Centrale%20G%C3%A9n%C3%A9rale%20-%20FGTB&body=https%3A%2F%2F28april.org%2F%3Fp%3D3967&share=email\" target=\"_blank\" title=\"Click to email a link to a friend\" data-email-share-error-title=\"Do you have email set up?\" data-email-share-error-text=\"If you&#039;re having problems sharing via email, you might not have email set up for your browser. You may need to create a new email yourself.\" data-email-share-nonce=\"bbaefbad81\" data-email-share-track-url=\"https:\/\/28april.org\/?p=3967&amp;share=email\"><span><\/span><span class=\"sharing-screen-reader-text\">Click to email a link to a friend (Opens in new window)<\/span><\/a><\/li><li class=\"share-pinterest\"><a rel=\"nofollow noopener noreferrer\" data-shared=\"sharing-pinterest-3967\" class=\"share-pinterest sd-button share-icon no-text\" href=\"https:\/\/28april.org\/?p=3967&amp;share=pinterest\" target=\"_blank\" title=\"Click to share on Pinterest\" ><span><\/span><span class=\"sharing-screen-reader-text\">Click to share on Pinterest (Opens in new window)<\/span><\/a><\/li><li class=\"share-telegram\"><a rel=\"nofollow noopener noreferrer\" data-shared=\"\" class=\"share-telegram sd-button share-icon no-text\" href=\"https:\/\/28april.org\/?p=3967&amp;share=telegram\" target=\"_blank\" title=\"Click to share on Telegram\" ><span><\/span><span class=\"sharing-screen-reader-text\">Click to share on Telegram (Opens in new window)<\/span><\/a><\/li><li class=\"share-end\"><\/li><\/ul><\/div><\/div><\/div>","protected":false},"author":4,"featured_media":0,"comment_status":"open","ping_status":"open","sticky":false,"template":"","format":"standard","meta":{"jetpack_post_was_ever_published":false},"categories":[958,1208,4,3],"tags":[959,164,971,974,167,969],"jetpack_featured_media_url":"","jetpack_shortlink":"https:\/\/wp.me\/p7r6RV-11Z","jetpack_sharing_enabled":true,"jetpack_likes_enabled":false,"_links":{"self":[{"href":"https:\/\/28april.org\/index.php?rest_route=\/wp\/v2\/posts\/3967"}],"collection":[{"href":"https:\/\/28april.org\/index.php?rest_route=\/wp\/v2\/posts"}],"about":[{"href":"https:\/\/28april.org\/index.php?rest_route=\/wp\/v2\/types\/post"}],"author":[{"embeddable":true,"href":"https:\/\/28april.org\/index.php?rest_route=\/wp\/v2\/users\/4"}],"replies":[{"embeddable":true,"href":"https:\/\/28april.org\/index.php?rest_route=%2Fwp%2Fv2%2Fcomments&post=3967"}],"version-history":[{"count":1,"href":"https:\/\/28april.org\/index.php?rest_route=\/wp\/v2\/posts\/3967\/revisions"}],"predecessor-version":[{"id":3969,"href":"https:\/\/28april.org\/index.php?rest_route=\/wp\/v2\/posts\/3967\/revisions\/3969"}],"wp:attachment":[{"href":"https:\/\/28april.org\/index.php?rest_route=%2Fwp%2Fv2%2Fmedia&parent=3967"}],"wp:term":[{"taxonomy":"category","embeddable":true,"href":"https:\/\/28april.org\/index.php?rest_route=%2Fwp%2Fv2%2Fcategories&post=3967"},{"taxonomy":"post_tag","embeddable":true,"href":"https:\/\/28april.org\/index.php?rest_route=%2Fwp%2Fv2%2Ftags&post=3967"}],"curies":[{"name":"wp","href":"https:\/\/api.w.org\/{rel}","templated":true}]}}