{"id":2953,"date":"2019-04-24T12:06:43","date_gmt":"2019-04-24T11:06:43","guid":{"rendered":"https:\/\/28april.org\/?p=2953"},"modified":"2019-04-25T13:42:44","modified_gmt":"2019-04-25T12:42:44","slug":"germany-dgb-bundesvorstand-workers-memorial-day","status":"publish","type":"post","link":"https:\/\/28april.org\/?p=2953","title":{"rendered":"Germany: DGB &#8211; Bundesvorstand | Workers\u2019 Memorial Day"},"content":{"rendered":"<div class=\"event-container\">\n<dl class=\"event-metadata\">\n<dt>Termin: 28.04.2019<\/dt>\n<dt>Ort: Breitscheidplatz, 10789 Berlin<\/dt>\n<dt>Veranstalter: DGB, IG BAU<\/dt>\n<dt>Wiederholung: j\u00e4hrlich<\/dt>\n<\/dl>\n<\/div>\n<p><strong>Jedes Jahr am 28. April gedenken wir den verstorbenen und beruflich veranlasst verletzten und erkrankten Arbeitnehmerinnen und Arbeitnehmern.Durch Arbeitsunf\u00e4lle und Folgen von Berufskrankheiten werden mehr Menschen get\u00f6tet und verletzt als in Kriegen. Die Zahlen sprechen eine deutliche Sprache.<\/strong><\/p>\n<p>Allein in Deutschland sterben drei bis vier Menschen t\u00e4glich auf der Arbeit, auf dem Weg dorthin oder an unfallbedingten bzw. berufskrankheitsbedingten Sp\u00e4tfo&#8230;lgen. T\u00e4glich ereignen sich hierzulande tausende Arbeitsunf\u00e4lle. Gl\u00fccklicher Weise ist die Zahl der Arbeitsunf\u00e4lle in Deutschland zuletzt zur\u00fcckgegangen. Aber daf\u00fcr nimmt die Zahl der Berufskrankheiten zu.<\/p>\n<p>Es ist wichtig, sich als\u00a0<a class=\"highlightedGlossarTerm\" href=\"https:\/\/www.dgb.de\/++co++08d60204-ca64-11e0-46c4-00188b4dc422\/@@glossary.html\">Arbeitnehmer<\/a>\u00a0im Berufsleben vor diesen Gefahren zu sch\u00fctzen oder gesch\u00fctzt zu werden! Eine besonders hohe Gefahr f\u00fcr Arbeitsunf\u00e4lle und Berufs-erkrankungen besteht in Deutschland u. a. f\u00fcr Leiharbeiter. Das Risiko f\u00fcr Leiharbeiterinnen und Leiharbeiter, einem Arbeitsunfall zum Opfer zu fallen, ist drei Mal so hoch wie das f\u00fcr Stammbelegschaften, bedingt durch hohe Fluktuationen und psychische Belastung. An all diese Missst\u00e4nde erinnert der Workers Memorial Day.<\/p>\n<div class=\"image none\">\n<p><img class=\"none\" src=\"https:\/\/www.dgb.de\/++co++9b92b0b8-5c58-11e9-b053-52540088cada\/scaled\/size\/904\" alt=\"Logo Workers Memorial Day 2019\" \/><span class=\"imagepublisher\">DGB\/IG BAU<\/span><\/p>\n<\/div>\n<p>Bereits 1984 rief erstmals die kanadische Gewerkschaft f\u00fcr Angestellte im \u00f6ffentlichen Dienst dazu auf, der im Arbeitsleben verstorbenen Kolleginnen und Kollegen zu gedenken. Seither wird dieser Gedenktag am 28. April in vielen L\u00e4ndern weltweit begangen, in immer mehr L\u00e4ndern ist er ein offizieller Gedenktag.<\/p>\n<p>Seit dem Jahr 2011 rufen der DGB und die IG Bauen-Agrar-Umwelt jeweils am 28. April dazu auf, der Kolleginnen und Kollegen zu gedenken, die im Rahmen ihrer beruflichen T\u00e4tigkeit durch Unfall oder Berufskrankheit ihr Leben lassen mussten.<\/p>\n<p>Wir laden jeden ein, diesen Gedenktag mit uns auf unserer zentralen Gedenkveranstaltung in der Kaiser-Wilhelm-Ged\u00e4chtnis-Kirche in Berlin zu begehen. Wir rufen dazu auf, der verstorbenen Kolleginnen und Kollegen auch bundesweit in Betrieben, auf Baustellen und in Objekten zu gedenken.<\/p>\n<p>Nicht nur das Gedenken an die Verstorbenen ist uns wichtig. Wir k\u00e4mpfen auch f\u00fcr die Gesunderhaltung der heute Besch\u00e4ftigten.<\/p>\n<p><a href=\"https:\/\/www.dgb.de\/termine\/++co++37e7a856-0f42-11e9-abbd-52540088cada\">Website des DGB<\/a><\/p>\n<hr \/>\n<p><strong>Der Einladungsflyer zum Download:<\/strong><\/p>\n<div class=\"filepreview\">\n<div class=\"download\"><a class=\"filelink\" href=\"https:\/\/www.dgb.de\/termine\/++co++edcf08d0-5c59-11e9-ba47-52540088cada\" target=\"_blank\" rel=\"noopener noreferrer\">Einladung zum Workers Memorial Day Seite 1 (PDF, 2\u00a0<acronym id=\"Megabytes\" title=\"Megabytes\">MB<\/acronym>)<\/a><\/div>\n<\/div>\n<div class=\"filepreview\">\n<div class=\"download\"><a class=\"filelink\" href=\"https:\/\/www.dgb.de\/termine\/++co++f577e3ea-5c59-11e9-9bb5-52540088cada\" target=\"_blank\" rel=\"noopener noreferrer\">Einladung zum Workers Memorial Day Seite 2 (PDF, 564\u00a0<acronym id=\"Kilobytes\" title=\"Kilobytes\">kB<\/acronym>)<\/a><\/div>\n<\/div>\n<div class=\"sharedaddy sd-sharing-enabled\"><div class=\"robots-nocontent sd-block sd-social sd-social-icon sd-sharing\"><h3 class=\"sd-title\">Share this post<\/h3><div class=\"sd-content\"><ul><li class=\"share-facebook\"><a rel=\"nofollow noopener noreferrer\" data-shared=\"sharing-facebook-2953\" class=\"share-facebook sd-button share-icon no-text\" href=\"https:\/\/28april.org\/?p=2953&amp;share=facebook\" target=\"_blank\" title=\"Click to share on Facebook\" ><span><\/span><span class=\"sharing-screen-reader-text\">Click to share on Facebook (Opens in new window)<\/span><\/a><\/li><li class=\"share-linkedin\"><a rel=\"nofollow noopener noreferrer\" data-shared=\"sharing-linkedin-2953\" class=\"share-linkedin sd-button share-icon no-text\" href=\"https:\/\/28april.org\/?p=2953&amp;share=linkedin\" target=\"_blank\" title=\"Click to share on LinkedIn\" ><span><\/span><span class=\"sharing-screen-reader-text\">Click to share on LinkedIn (Opens in new window)<\/span><\/a><\/li><li class=\"share-twitter\"><a rel=\"nofollow noopener noreferrer\" data-shared=\"sharing-twitter-2953\" class=\"share-twitter sd-button share-icon no-text\" href=\"https:\/\/28april.org\/?p=2953&amp;share=twitter\" target=\"_blank\" title=\"Click to share on Twitter\" ><span><\/span><span class=\"sharing-screen-reader-text\">Click to share on Twitter (Opens in new window)<\/span><\/a><\/li><li class=\"share-pocket\"><a rel=\"nofollow noopener noreferrer\" data-shared=\"\" class=\"share-pocket sd-button share-icon no-text\" href=\"https:\/\/28april.org\/?p=2953&amp;share=pocket\" target=\"_blank\" title=\"Click to share on Pocket\" ><span><\/span><span class=\"sharing-screen-reader-text\">Click to share on Pocket (Opens in new window)<\/span><\/a><\/li><li class=\"share-jetpack-whatsapp\"><a rel=\"nofollow noopener noreferrer\" data-shared=\"\" class=\"share-jetpack-whatsapp sd-button share-icon no-text\" href=\"https:\/\/28april.org\/?p=2953&amp;share=jetpack-whatsapp\" target=\"_blank\" title=\"Click to share on WhatsApp\" ><span><\/span><span class=\"sharing-screen-reader-text\">Click to share on WhatsApp (Opens in new window)<\/span><\/a><\/li><li class=\"share-print\"><a rel=\"nofollow noopener noreferrer\" data-shared=\"\" class=\"share-print sd-button share-icon no-text\" href=\"https:\/\/28april.org\/?p=2953\" target=\"_blank\" title=\"Click to print\" ><span><\/span><span class=\"sharing-screen-reader-text\">Click to print (Opens in new window)<\/span><\/a><\/li><li class=\"share-email\"><a rel=\"nofollow noopener noreferrer\" data-shared=\"\" class=\"share-email sd-button share-icon no-text\" href=\"mailto:?subject=%5BShared%20Post%5D%20Germany%3A%20DGB%20-%20Bundesvorstand%20%7C%20Workers%E2%80%99%20Memorial%20Day&body=https%3A%2F%2F28april.org%2F%3Fp%3D2953&share=email\" target=\"_blank\" title=\"Click to email a link to a friend\" data-email-share-error-title=\"Do you have email set up?\" data-email-share-error-text=\"If you&#039;re having problems sharing via email, you might not have email set up for your browser. You may need to create a new email yourself.\" data-email-share-nonce=\"388c00c886\" data-email-share-track-url=\"https:\/\/28april.org\/?p=2953&amp;share=email\"><span><\/span><span class=\"sharing-screen-reader-text\">Click to email a link to a friend (Opens in new window)<\/span><\/a><\/li><li class=\"share-pinterest\"><a rel=\"nofollow noopener noreferrer\" data-shared=\"sharing-pinterest-2953\" class=\"share-pinterest sd-button share-icon no-text\" href=\"https:\/\/28april.org\/?p=2953&amp;share=pinterest\" target=\"_blank\" title=\"Click to share on Pinterest\" ><span><\/span><span class=\"sharing-screen-reader-text\">Click to share on Pinterest (Opens in new window)<\/span><\/a><\/li><li class=\"share-telegram\"><a rel=\"nofollow noopener noreferrer\" data-shared=\"\" class=\"share-telegram sd-button share-icon no-text\" href=\"https:\/\/28april.org\/?p=2953&amp;share=telegram\" target=\"_blank\" title=\"Click to share on Telegram\" ><span><\/span><span class=\"sharing-screen-reader-text\">Click to share on Telegram (Opens in new window)<\/span><\/a><\/li><li class=\"share-end\"><\/li><\/ul><\/div><\/div><\/div>","protected":false},"excerpt":{"rendered":"<p>Termin: 28.04.2019 Ort: Breitscheidplatz, 10789 Berlin Veranstalter: DGB, IG BAU Wiederholung: j\u00e4hrlich Jedes Jahr am 28. April gedenken wir den verstorbenen und beruflich veranlasst verletzten und erkrankten Arbeitnehmerinnen und Arbeitnehmern.Durch Arbeitsunf\u00e4lle und Folgen von Berufskrankheiten werden mehr Menschen get\u00f6tet und verletzt als in Kriegen. Die Zahlen sprechen eine deutliche Sprache. Allein in Deutschland sterben drei &hellip; <a href=\"https:\/\/28april.org\/?p=2953\" class=\"more-link\">Continue reading <span class=\"screen-reader-text\">Germany: DGB &#8211; Bundesvorstand | Workers\u2019 Memorial Day<\/span> <span class=\"meta-nav\">&rarr;<\/span><\/a><\/p>\n<div class=\"sharedaddy sd-sharing-enabled\"><div class=\"robots-nocontent sd-block sd-social sd-social-icon sd-sharing\"><h3 class=\"sd-title\">Share this post<\/h3><div class=\"sd-content\"><ul><li class=\"share-facebook\"><a rel=\"nofollow noopener noreferrer\" data-shared=\"sharing-facebook-2953\" class=\"share-facebook sd-button share-icon no-text\" href=\"https:\/\/28april.org\/?p=2953&amp;share=facebook\" target=\"_blank\" title=\"Click to share on Facebook\" ><span><\/span><span class=\"sharing-screen-reader-text\">Click to share on Facebook (Opens in new window)<\/span><\/a><\/li><li class=\"share-linkedin\"><a rel=\"nofollow noopener noreferrer\" data-shared=\"sharing-linkedin-2953\" class=\"share-linkedin sd-button share-icon no-text\" href=\"https:\/\/28april.org\/?p=2953&amp;share=linkedin\" target=\"_blank\" title=\"Click to share on LinkedIn\" ><span><\/span><span class=\"sharing-screen-reader-text\">Click to share on LinkedIn (Opens in new window)<\/span><\/a><\/li><li class=\"share-twitter\"><a rel=\"nofollow noopener noreferrer\" data-shared=\"sharing-twitter-2953\" class=\"share-twitter sd-button share-icon no-text\" href=\"https:\/\/28april.org\/?p=2953&amp;share=twitter\" target=\"_blank\" title=\"Click to share on Twitter\" ><span><\/span><span class=\"sharing-screen-reader-text\">Click to share on Twitter (Opens in new window)<\/span><\/a><\/li><li class=\"share-pocket\"><a rel=\"nofollow noopener noreferrer\" data-shared=\"\" class=\"share-pocket sd-button share-icon no-text\" href=\"https:\/\/28april.org\/?p=2953&amp;share=pocket\" target=\"_blank\" title=\"Click to share on Pocket\" ><span><\/span><span class=\"sharing-screen-reader-text\">Click to share on Pocket (Opens in new window)<\/span><\/a><\/li><li class=\"share-jetpack-whatsapp\"><a rel=\"nofollow noopener noreferrer\" data-shared=\"\" class=\"share-jetpack-whatsapp sd-button share-icon no-text\" href=\"https:\/\/28april.org\/?p=2953&amp;share=jetpack-whatsapp\" target=\"_blank\" title=\"Click to share on WhatsApp\" ><span><\/span><span class=\"sharing-screen-reader-text\">Click to share on WhatsApp (Opens in new window)<\/span><\/a><\/li><li class=\"share-print\"><a rel=\"nofollow noopener noreferrer\" data-shared=\"\" class=\"share-print sd-button share-icon no-text\" href=\"https:\/\/28april.org\/?p=2953\" target=\"_blank\" title=\"Click to print\" ><span><\/span><span class=\"sharing-screen-reader-text\">Click to print (Opens in new window)<\/span><\/a><\/li><li class=\"share-email\"><a rel=\"nofollow noopener noreferrer\" data-shared=\"\" class=\"share-email sd-button share-icon no-text\" href=\"mailto:?subject=%5BShared%20Post%5D%20Germany%3A%20DGB%20-%20Bundesvorstand%20%7C%20Workers%E2%80%99%20Memorial%20Day&body=https%3A%2F%2F28april.org%2F%3Fp%3D2953&share=email\" target=\"_blank\" title=\"Click to email a link to a friend\" data-email-share-error-title=\"Do you have email set up?\" data-email-share-error-text=\"If you&#039;re having problems sharing via email, you might not have email set up for your browser. You may need to create a new email yourself.\" data-email-share-nonce=\"388c00c886\" data-email-share-track-url=\"https:\/\/28april.org\/?p=2953&amp;share=email\"><span><\/span><span class=\"sharing-screen-reader-text\">Click to email a link to a friend (Opens in new window)<\/span><\/a><\/li><li class=\"share-pinterest\"><a rel=\"nofollow noopener noreferrer\" data-shared=\"sharing-pinterest-2953\" class=\"share-pinterest sd-button share-icon no-text\" href=\"https:\/\/28april.org\/?p=2953&amp;share=pinterest\" target=\"_blank\" title=\"Click to share on Pinterest\" ><span><\/span><span class=\"sharing-screen-reader-text\">Click to share on Pinterest (Opens in new window)<\/span><\/a><\/li><li class=\"share-telegram\"><a rel=\"nofollow noopener noreferrer\" data-shared=\"\" class=\"share-telegram sd-button share-icon no-text\" href=\"https:\/\/28april.org\/?p=2953&amp;share=telegram\" target=\"_blank\" title=\"Click to share on Telegram\" ><span><\/span><span class=\"sharing-screen-reader-text\">Click to share on Telegram (Opens in new window)<\/span><\/a><\/li><li class=\"share-end\"><\/li><\/ul><\/div><\/div><\/div>","protected":false},"author":1,"featured_media":0,"comment_status":"open","ping_status":"open","sticky":false,"template":"","format":"standard","meta":{"jetpack_post_was_ever_published":false},"categories":[678,849,4,396],"tags":[692,851,850,315,686],"jetpack_featured_media_url":"","jetpack_shortlink":"https:\/\/wp.me\/p7r6RV-LD","jetpack_sharing_enabled":true,"jetpack_likes_enabled":false,"_links":{"self":[{"href":"https:\/\/28april.org\/index.php?rest_route=\/wp\/v2\/posts\/2953"}],"collection":[{"href":"https:\/\/28april.org\/index.php?rest_route=\/wp\/v2\/posts"}],"about":[{"href":"https:\/\/28april.org\/index.php?rest_route=\/wp\/v2\/types\/post"}],"author":[{"embeddable":true,"href":"https:\/\/28april.org\/index.php?rest_route=\/wp\/v2\/users\/1"}],"replies":[{"embeddable":true,"href":"https:\/\/28april.org\/index.php?rest_route=%2Fwp%2Fv2%2Fcomments&post=2953"}],"version-history":[{"count":2,"href":"https:\/\/28april.org\/index.php?rest_route=\/wp\/v2\/posts\/2953\/revisions"}],"predecessor-version":[{"id":2990,"href":"https:\/\/28april.org\/index.php?rest_route=\/wp\/v2\/posts\/2953\/revisions\/2990"}],"wp:attachment":[{"href":"https:\/\/28april.org\/index.php?rest_route=%2Fwp%2Fv2%2Fmedia&parent=2953"}],"wp:term":[{"taxonomy":"category","embeddable":true,"href":"https:\/\/28april.org\/index.php?rest_route=%2Fwp%2Fv2%2Fcategories&post=2953"},{"taxonomy":"post_tag","embeddable":true,"href":"https:\/\/28april.org\/index.php?rest_route=%2Fwp%2Fv2%2Ftags&post=2953"}],"curies":[{"name":"wp","href":"https:\/\/api.w.org\/{rel}","templated":true}]}}