{"id":2471,"date":"2018-05-01T10:41:16","date_gmt":"2018-05-01T09:41:16","guid":{"rendered":"https:\/\/28april.org\/?p=2471"},"modified":"2018-05-09T19:19:15","modified_gmt":"2018-05-09T18:19:15","slug":"sweden-sag-ja-till-ilo-konvention-mot-konsbaserat-vald-regeringen","status":"publish","type":"post","link":"https:\/\/28april.org\/?p=2471","title":{"rendered":"Sweden: S\u00e4g ja till ILO-konvention mot k\u00f6nsbaserat v\u00e5ld, regeringen!"},"content":{"rendered":"<p><a href=\"http:\/\/www.dagensarena.se\/vill-du-skriva-debatt-eller-replik\/\">Vill du skriva debatt eller replik?<\/a><\/p>\n<p><a href=\"https:\/\/28april.org\/wp-content\/uploads\/2018\/04\/losweden.jpg\"><img loading=\"lazy\" class=\"alignleft wp-image-2345\" src=\"https:\/\/28april.org\/wp-content\/uploads\/2018\/04\/losweden.jpg\" alt=\"\" width=\"165\" height=\"148\" \/><\/a>Debatt <strong>Den svenska regeringen och svenska arbetsgivare har i juni chansen att st\u00e4lla sig bakom en ILO-konvention mot k\u00f6nsbaserat v\u00e5ld och trakasserier i arbetslivet. Idag p\u00e5 V\u00e4rldsarbetsmilj\u00f6dagen uppmanar vi dem att s\u00e4ga ja, skriver tre LO-f\u00f6retr\u00e4dare.<\/strong><\/p>\n<p>K\u00f6nsbaserat v\u00e5ld och trakasserier \u00e4r ett av de mest vanligt f\u00f6rekommande och mest osynliggjorda arbetsmilj\u00f6problemen runt om i v\u00e4rlden. F\u00f6r den fackliga r\u00f6relsen \u00e4r det emellertid ingen nyhet.<\/p>\n<p><strong>Det globala facket<\/strong>,<strong> IFS<\/strong>, har visat att k\u00f6nsbaserade trakasserier m\u00f6ter kvinnor oavsett position och yrke. Men oftast \u00e4r det kvinnor med os\u00e4kra anst\u00e4llningar och l\u00e5gstatusarbeten som uts\u00e4tts, s\u00e5v\u00e4l av chefer och kollegor som av kunder, g\u00e4ster eller brukare.<\/p>\n<p>Ensamarbete och arbete i andras hem \u00e4r riskfaktorer som s\u00e4rskilt s\u00e4tter hush\u00e5llsarbetare, omsorgspersonal och st\u00e4dpersonal i utsatta situationer.<\/p>\n<p>Ensamarbete och arbete i andras hem \u00e4r riskfaktorer som s\u00e4rskilt s\u00e4tter hush\u00e5llsarbetare, omsorgspersonal och st\u00e4dpersonal i utsatta situationer. Os\u00e4kerheten i arbetsvillkoren g\u00f6r att f\u00e5 har m\u00f6jlighet att s\u00e4ga ifr\u00e5n och kontakta sin arbetsgivare. Inte minst n\u00e4r arbetsgivaren st\u00e5r f\u00f6r problemen. D\u00e4rf\u00f6r \u00e4r den kollektiva fackliga r\u00f6sten mycket viktig.<\/p>\n<p><strong>Idag, den 28 april<\/strong> firas <strong>V\u00e4rldsarbetsmilj\u00f6dagen<\/strong> av fackliga organisationer runt om i v\u00e4rlden. Syftet med dagen \u00e4r att understryka vikten av ett f\u00f6rebyggande arbetsmilj\u00f6arbete p\u00e5 alla omr\u00e5den. Arbetsmilj\u00f6arbete bygger p\u00e5 en l\u00e5ng tradition av trepartssamverkan mellan arbetstagare, arbetsgivare och staten. Inom <strong>FN<\/strong>:s organ f\u00f6r arbetslivsfr\u00e5gor, <strong>ILO<\/strong>, finns alla parter representerade.<\/p>\n<p>Just i \u00e5r finns en unik chans f\u00f6r den svenska regeringen och svenska arbetsgivare att ge arbetstagare ett v\u00e4rldsomsp\u00e4nnande skydd mot k\u00f6nsbaserat v\u00e5ld och trakasserier i arbetslivet. Det som kr\u00e4vs \u00e4r att man st\u00e4ller sig bakom f\u00f6rslaget till ny ILO-konvention som ska behandlas p\u00e5 ILO:s arbetskonferens i juni.<\/p>\n<p><strong>Det \u00e4r viktigt<\/strong> att stater och arbetsgivare enas om att det \u00e4r nog. D\u00e4rf\u00f6r vill vi att regeringen driver p\u00e5 f\u00f6r en ILO-konvention mot v\u00e5ld och trakasserier i arbetslivet. Vi m\u00e5ste se till att skapa tryggare arbetsplatser f\u00f6r kvinnor.<\/p>\n<p>Bara genom att st\u00e5 enade kan vi f\u00e5 ett stopp p\u00e5 k\u00f6nsbaserat v\u00e5ld och trakasserier p\u00e5 arbetsplatser runt om i v\u00e4rlden.<\/p>\n<p><a href=\"https:\/\/28april.org\/wp-content\/uploads\/2018\/05\/swedenlo.jpg\"><img loading=\"lazy\" class=\"alignleft size-full wp-image-2469\" src=\"https:\/\/28april.org\/wp-content\/uploads\/2018\/05\/swedenlo.jpg\" alt=\"\" width=\"650\" height=\"217\" srcset=\"https:\/\/28april.org\/wp-content\/uploads\/2018\/05\/swedenlo.jpg 650w, https:\/\/28april.org\/wp-content\/uploads\/2018\/05\/swedenlo-300x100.jpg 300w\" sizes=\"(max-width: 650px) 100vw, 650px\" \/><\/a><\/p>\n<p><strong><em>Berit M\u00fcllerstr\u00f6m<\/em><\/strong><em>, andre vice ordf\u00f6rande LO<\/em><\/p>\n<p><strong><em>Joa Bergold<\/em><\/strong><em>, utredare LO:s enhet f\u00f6r v\u00e4lf\u00e4rd, utbildning och arbetsmarknad<\/em><\/p>\n<p><strong><em>Oscar Ernerot<\/em><\/strong><em>, Ombudsman LO:s enhet f\u00f6r internationella fr\u00e5gor<\/em><\/p>\n<p>F\u00f6lj Dagens Arena p\u00e5 <a href=\"http:\/\/www.facebook.com\/DagensArena\">Facebook<\/a> och <a href=\"http:\/\/twitter.com\/DagensArena\">Twitter<\/a>, och <a href=\"http:\/\/www.dagensarena.se\/prenumerera\/\">prenumerera p\u00e5 v\u00e5rt nyhetsbrev<\/a> f\u00f6r att ta del av granskande journalistik, nyheter, opinion och f\u00f6rdjupning.<\/p>\n<p><a href=\"http:\/\/www.dagensarena.se\/opinion\/sag-ja-till-ilo-konvention-mot-konsbaserat-vald-regeringen\/\">http:\/\/www.dagensarena.se\/opinion\/sag-ja-till-ilo-konvention-mot-konsbaserat-vald-regeringen\/<\/a><\/p>\n<div class=\"sharedaddy sd-sharing-enabled\"><div class=\"robots-nocontent sd-block sd-social sd-social-icon sd-sharing\"><h3 class=\"sd-title\">Share this post<\/h3><div class=\"sd-content\"><ul><li class=\"share-facebook\"><a rel=\"nofollow noopener noreferrer\" data-shared=\"sharing-facebook-2471\" class=\"share-facebook sd-button share-icon no-text\" href=\"https:\/\/28april.org\/?p=2471&amp;share=facebook\" target=\"_blank\" title=\"Click to share on Facebook\" ><span><\/span><span class=\"sharing-screen-reader-text\">Click to share on Facebook (Opens in new window)<\/span><\/a><\/li><li class=\"share-linkedin\"><a rel=\"nofollow noopener noreferrer\" data-shared=\"sharing-linkedin-2471\" class=\"share-linkedin sd-button share-icon no-text\" href=\"https:\/\/28april.org\/?p=2471&amp;share=linkedin\" target=\"_blank\" title=\"Click to share on LinkedIn\" ><span><\/span><span class=\"sharing-screen-reader-text\">Click to share on LinkedIn (Opens in new window)<\/span><\/a><\/li><li class=\"share-twitter\"><a rel=\"nofollow noopener noreferrer\" data-shared=\"sharing-twitter-2471\" class=\"share-twitter sd-button share-icon no-text\" href=\"https:\/\/28april.org\/?p=2471&amp;share=twitter\" target=\"_blank\" title=\"Click to share on Twitter\" ><span><\/span><span class=\"sharing-screen-reader-text\">Click to share on Twitter (Opens in new window)<\/span><\/a><\/li><li class=\"share-pocket\"><a rel=\"nofollow noopener noreferrer\" data-shared=\"\" class=\"share-pocket sd-button share-icon no-text\" href=\"https:\/\/28april.org\/?p=2471&amp;share=pocket\" target=\"_blank\" title=\"Click to share on Pocket\" ><span><\/span><span class=\"sharing-screen-reader-text\">Click to share on Pocket (Opens in new window)<\/span><\/a><\/li><li class=\"share-jetpack-whatsapp\"><a rel=\"nofollow noopener noreferrer\" data-shared=\"\" class=\"share-jetpack-whatsapp sd-button share-icon no-text\" href=\"https:\/\/28april.org\/?p=2471&amp;share=jetpack-whatsapp\" target=\"_blank\" title=\"Click to share on WhatsApp\" ><span><\/span><span class=\"sharing-screen-reader-text\">Click to share on WhatsApp (Opens in new window)<\/span><\/a><\/li><li class=\"share-print\"><a rel=\"nofollow noopener noreferrer\" data-shared=\"\" class=\"share-print sd-button share-icon no-text\" href=\"https:\/\/28april.org\/?p=2471\" target=\"_blank\" title=\"Click to print\" ><span><\/span><span class=\"sharing-screen-reader-text\">Click to print (Opens in new window)<\/span><\/a><\/li><li class=\"share-email\"><a rel=\"nofollow noopener noreferrer\" data-shared=\"\" class=\"share-email sd-button share-icon no-text\" href=\"mailto:?subject=%5BShared%20Post%5D%20Sweden%3A%20S%C3%A4g%20ja%20till%20ILO-konvention%20mot%20k%C3%B6nsbaserat%20v%C3%A5ld%2C%20regeringen%21&body=https%3A%2F%2F28april.org%2F%3Fp%3D2471&share=email\" target=\"_blank\" title=\"Click to email a link to a friend\" data-email-share-error-title=\"Do you have email set up?\" data-email-share-error-text=\"If you&#039;re having problems sharing via email, you might not have email set up for your browser. You may need to create a new email yourself.\" data-email-share-nonce=\"4506b694c6\" data-email-share-track-url=\"https:\/\/28april.org\/?p=2471&amp;share=email\"><span><\/span><span class=\"sharing-screen-reader-text\">Click to email a link to a friend (Opens in new window)<\/span><\/a><\/li><li class=\"share-pinterest\"><a rel=\"nofollow noopener noreferrer\" data-shared=\"sharing-pinterest-2471\" class=\"share-pinterest sd-button share-icon no-text\" href=\"https:\/\/28april.org\/?p=2471&amp;share=pinterest\" target=\"_blank\" title=\"Click to share on Pinterest\" ><span><\/span><span class=\"sharing-screen-reader-text\">Click to share on Pinterest (Opens in new window)<\/span><\/a><\/li><li class=\"share-telegram\"><a rel=\"nofollow noopener noreferrer\" data-shared=\"\" class=\"share-telegram sd-button share-icon no-text\" href=\"https:\/\/28april.org\/?p=2471&amp;share=telegram\" target=\"_blank\" title=\"Click to share on Telegram\" ><span><\/span><span class=\"sharing-screen-reader-text\">Click to share on Telegram (Opens in new window)<\/span><\/a><\/li><li class=\"share-end\"><\/li><\/ul><\/div><\/div><\/div>","protected":false},"excerpt":{"rendered":"<p>Vill du skriva debatt eller replik? Debatt Den svenska regeringen och svenska arbetsgivare har i juni chansen att st\u00e4lla sig bakom en ILO-konvention mot k\u00f6nsbaserat v\u00e5ld och trakasserier i arbetslivet. Idag p\u00e5 V\u00e4rldsarbetsmilj\u00f6dagen uppmanar vi dem att s\u00e4ga ja, skriver tre LO-f\u00f6retr\u00e4dare. K\u00f6nsbaserat v\u00e5ld och trakasserier \u00e4r ett av de mest vanligt f\u00f6rekommande och mest &hellip; <a href=\"https:\/\/28april.org\/?p=2471\" class=\"more-link\">Continue reading <span class=\"screen-reader-text\">Sweden: S\u00e4g ja till ILO-konvention mot k\u00f6nsbaserat v\u00e5ld, regeringen!<\/span> <span class=\"meta-nav\">&rarr;<\/span><\/a><\/p>\n<div class=\"sharedaddy sd-sharing-enabled\"><div class=\"robots-nocontent sd-block sd-social sd-social-icon sd-sharing\"><h3 class=\"sd-title\">Share this post<\/h3><div class=\"sd-content\"><ul><li class=\"share-facebook\"><a rel=\"nofollow noopener noreferrer\" data-shared=\"sharing-facebook-2471\" class=\"share-facebook sd-button share-icon no-text\" href=\"https:\/\/28april.org\/?p=2471&amp;share=facebook\" target=\"_blank\" title=\"Click to share on Facebook\" ><span><\/span><span class=\"sharing-screen-reader-text\">Click to share on Facebook (Opens in new window)<\/span><\/a><\/li><li class=\"share-linkedin\"><a rel=\"nofollow noopener noreferrer\" data-shared=\"sharing-linkedin-2471\" class=\"share-linkedin sd-button share-icon no-text\" href=\"https:\/\/28april.org\/?p=2471&amp;share=linkedin\" target=\"_blank\" title=\"Click to share on LinkedIn\" ><span><\/span><span class=\"sharing-screen-reader-text\">Click to share on LinkedIn (Opens in new window)<\/span><\/a><\/li><li class=\"share-twitter\"><a rel=\"nofollow noopener noreferrer\" data-shared=\"sharing-twitter-2471\" class=\"share-twitter sd-button share-icon no-text\" href=\"https:\/\/28april.org\/?p=2471&amp;share=twitter\" target=\"_blank\" title=\"Click to share on Twitter\" ><span><\/span><span class=\"sharing-screen-reader-text\">Click to share on Twitter (Opens in new window)<\/span><\/a><\/li><li class=\"share-pocket\"><a rel=\"nofollow noopener noreferrer\" data-shared=\"\" class=\"share-pocket sd-button share-icon no-text\" href=\"https:\/\/28april.org\/?p=2471&amp;share=pocket\" target=\"_blank\" title=\"Click to share on Pocket\" ><span><\/span><span class=\"sharing-screen-reader-text\">Click to share on Pocket (Opens in new window)<\/span><\/a><\/li><li class=\"share-jetpack-whatsapp\"><a rel=\"nofollow noopener noreferrer\" data-shared=\"\" class=\"share-jetpack-whatsapp sd-button share-icon no-text\" href=\"https:\/\/28april.org\/?p=2471&amp;share=jetpack-whatsapp\" target=\"_blank\" title=\"Click to share on WhatsApp\" ><span><\/span><span class=\"sharing-screen-reader-text\">Click to share on WhatsApp (Opens in new window)<\/span><\/a><\/li><li class=\"share-print\"><a rel=\"nofollow noopener noreferrer\" data-shared=\"\" class=\"share-print sd-button share-icon no-text\" href=\"https:\/\/28april.org\/?p=2471\" target=\"_blank\" title=\"Click to print\" ><span><\/span><span class=\"sharing-screen-reader-text\">Click to print (Opens in new window)<\/span><\/a><\/li><li class=\"share-email\"><a rel=\"nofollow noopener noreferrer\" data-shared=\"\" class=\"share-email sd-button share-icon no-text\" href=\"mailto:?subject=%5BShared%20Post%5D%20Sweden%3A%20S%C3%A4g%20ja%20till%20ILO-konvention%20mot%20k%C3%B6nsbaserat%20v%C3%A5ld%2C%20regeringen%21&body=https%3A%2F%2F28april.org%2F%3Fp%3D2471&share=email\" target=\"_blank\" title=\"Click to email a link to a friend\" data-email-share-error-title=\"Do you have email set up?\" data-email-share-error-text=\"If you&#039;re having problems sharing via email, you might not have email set up for your browser. You may need to create a new email yourself.\" data-email-share-nonce=\"4506b694c6\" data-email-share-track-url=\"https:\/\/28april.org\/?p=2471&amp;share=email\"><span><\/span><span class=\"sharing-screen-reader-text\">Click to email a link to a friend (Opens in new window)<\/span><\/a><\/li><li class=\"share-pinterest\"><a rel=\"nofollow noopener noreferrer\" data-shared=\"sharing-pinterest-2471\" class=\"share-pinterest sd-button share-icon no-text\" href=\"https:\/\/28april.org\/?p=2471&amp;share=pinterest\" target=\"_blank\" title=\"Click to share on Pinterest\" ><span><\/span><span class=\"sharing-screen-reader-text\">Click to share on Pinterest (Opens in new window)<\/span><\/a><\/li><li class=\"share-telegram\"><a rel=\"nofollow noopener noreferrer\" data-shared=\"\" class=\"share-telegram sd-button share-icon no-text\" href=\"https:\/\/28april.org\/?p=2471&amp;share=telegram\" target=\"_blank\" title=\"Click to share on Telegram\" ><span><\/span><span class=\"sharing-screen-reader-text\">Click to share on Telegram (Opens in new window)<\/span><\/a><\/li><li class=\"share-end\"><\/li><\/ul><\/div><\/div><\/div>","protected":false},"author":1,"featured_media":0,"comment_status":"open","ping_status":"open","sticky":false,"template":"","format":"standard","meta":{"jetpack_post_was_ever_published":false},"categories":[528,603,4],"tags":[],"jetpack_featured_media_url":"","jetpack_shortlink":"https:\/\/wp.me\/p7r6RV-DR","jetpack_sharing_enabled":true,"jetpack_likes_enabled":false,"_links":{"self":[{"href":"https:\/\/28april.org\/index.php?rest_route=\/wp\/v2\/posts\/2471"}],"collection":[{"href":"https:\/\/28april.org\/index.php?rest_route=\/wp\/v2\/posts"}],"about":[{"href":"https:\/\/28april.org\/index.php?rest_route=\/wp\/v2\/types\/post"}],"author":[{"embeddable":true,"href":"https:\/\/28april.org\/index.php?rest_route=\/wp\/v2\/users\/1"}],"replies":[{"embeddable":true,"href":"https:\/\/28april.org\/index.php?rest_route=%2Fwp%2Fv2%2Fcomments&post=2471"}],"version-history":[{"count":1,"href":"https:\/\/28april.org\/index.php?rest_route=\/wp\/v2\/posts\/2471\/revisions"}],"predecessor-version":[{"id":2472,"href":"https:\/\/28april.org\/index.php?rest_route=\/wp\/v2\/posts\/2471\/revisions\/2472"}],"wp:attachment":[{"href":"https:\/\/28april.org\/index.php?rest_route=%2Fwp%2Fv2%2Fmedia&parent=2471"}],"wp:term":[{"taxonomy":"category","embeddable":true,"href":"https:\/\/28april.org\/index.php?rest_route=%2Fwp%2Fv2%2Fcategories&post=2471"},{"taxonomy":"post_tag","embeddable":true,"href":"https:\/\/28april.org\/index.php?rest_route=%2Fwp%2Fv2%2Ftags&post=2471"}],"curies":[{"name":"wp","href":"https:\/\/api.w.org\/{rel}","templated":true}]}}