{"id":2468,"date":"2018-05-01T10:35:26","date_gmt":"2018-05-01T09:35:26","guid":{"rendered":"https:\/\/28april.org\/?p=2468"},"modified":"2018-05-01T10:35:26","modified_gmt":"2018-05-01T09:35:26","slug":"on-28-april-swedish-unions-push-for-an-ilo-convention-to-tackle-gender-based-violence-at-work","status":"publish","type":"post","link":"https:\/\/28april.org\/?p=2468","title":{"rendered":"On 28 April, Swedish unions push for an ILO convention to tackle gender-based violence at work"},"content":{"rendered":"<p><a href=\"http:\/\/www.dagensarena.se\/opinion\/sag-ja-till-ilo-konvention-mot-konsbaserat-vald-regeringen\/\">LO Sweden opinion piece published on 28 April in Dagens Arena<\/a>.<\/p>\n<p><a href=\"https:\/\/28april.org\/wp-content\/uploads\/2018\/04\/losweden.jpg\"><img loading=\"lazy\" class=\"alignleft wp-image-2345\" src=\"https:\/\/28april.org\/wp-content\/uploads\/2018\/04\/losweden.jpg\" alt=\"\" width=\"165\" height=\"148\" \/><\/a>Today, 28 April, is the world day for safety and health at work celebrated of trade union organisations around the world. The purpose of the day is to underline the importance of preventive work in all areas.<\/p>\n<p>This year, there is a unique chance for the Swedish government and Swedish employers to give workers a worldwide protection against gender-based violence and harassment in the workplace. What is required is that you agree with the proposed new ILO Convention to be treated at the ILO Labour Conference in June. It is important that States and employers agree that enough is enough. Therefore, we want the Government pushing for an ILO Convention against violence and harassment in the workplace. We must make sure to create safer workplaces for women. Only by standing together we can put an end to gender-based violence and harassment in workplaces around the world.<\/p>\n<p><a href=\"https:\/\/28april.org\/wp-content\/uploads\/2018\/05\/swedenlo.jpg\"><img loading=\"lazy\" class=\"alignleft size-full wp-image-2469\" src=\"https:\/\/28april.org\/wp-content\/uploads\/2018\/05\/swedenlo.jpg\" alt=\"\" width=\"650\" height=\"217\" srcset=\"https:\/\/28april.org\/wp-content\/uploads\/2018\/05\/swedenlo.jpg 650w, https:\/\/28april.org\/wp-content\/uploads\/2018\/05\/swedenlo-300x100.jpg 300w\" sizes=\"(max-width: 650px) 100vw, 650px\" \/><\/a><\/p>\n<p><strong>Berit M\u00fcllerstr\u00f6m<\/strong>, andre vice ordf\u00f6rande LO<br \/>\n<strong>Joa Bergold<\/strong>, utredare LO:s enhet f\u00f6r v\u00e4lf\u00e4rd, utbildning och arbetsmarknad<br \/>\n<strong>Oscar Ernerot<\/strong>, Ombudsman LO:s enhet f\u00f6r internationella fr\u00e5gor<\/p>\n<p>Contact<br \/>\nOscar Ernerot<br \/>\nLO Sweden<br \/>\nOmbudsman\/International Secretary<br \/>\nInternationella Enheten\/International Department<br \/>\n<a href=\"http:\/\/www.lo.se\">www.lo.se<\/a><\/p>\n<p>&nbsp;<\/p>\n<div class=\"sharedaddy sd-sharing-enabled\"><div class=\"robots-nocontent sd-block sd-social sd-social-icon sd-sharing\"><h3 class=\"sd-title\">Share this post<\/h3><div class=\"sd-content\"><ul><li class=\"share-facebook\"><a rel=\"nofollow noopener noreferrer\" data-shared=\"sharing-facebook-2468\" class=\"share-facebook sd-button share-icon no-text\" href=\"https:\/\/28april.org\/?p=2468&amp;share=facebook\" target=\"_blank\" title=\"Click to share on Facebook\" ><span><\/span><span class=\"sharing-screen-reader-text\">Click to share on Facebook (Opens in new window)<\/span><\/a><\/li><li class=\"share-linkedin\"><a rel=\"nofollow noopener noreferrer\" data-shared=\"sharing-linkedin-2468\" class=\"share-linkedin sd-button share-icon no-text\" href=\"https:\/\/28april.org\/?p=2468&amp;share=linkedin\" target=\"_blank\" title=\"Click to share on LinkedIn\" ><span><\/span><span class=\"sharing-screen-reader-text\">Click to share on LinkedIn (Opens in new window)<\/span><\/a><\/li><li class=\"share-twitter\"><a rel=\"nofollow noopener noreferrer\" data-shared=\"sharing-twitter-2468\" class=\"share-twitter sd-button share-icon no-text\" href=\"https:\/\/28april.org\/?p=2468&amp;share=twitter\" target=\"_blank\" title=\"Click to share on Twitter\" ><span><\/span><span class=\"sharing-screen-reader-text\">Click to share on Twitter (Opens in new window)<\/span><\/a><\/li><li class=\"share-pocket\"><a rel=\"nofollow noopener noreferrer\" data-shared=\"\" class=\"share-pocket sd-button share-icon no-text\" href=\"https:\/\/28april.org\/?p=2468&amp;share=pocket\" target=\"_blank\" title=\"Click to share on Pocket\" ><span><\/span><span class=\"sharing-screen-reader-text\">Click to share on Pocket (Opens in new window)<\/span><\/a><\/li><li class=\"share-jetpack-whatsapp\"><a rel=\"nofollow noopener noreferrer\" data-shared=\"\" class=\"share-jetpack-whatsapp sd-button share-icon no-text\" href=\"https:\/\/28april.org\/?p=2468&amp;share=jetpack-whatsapp\" target=\"_blank\" title=\"Click to share on WhatsApp\" ><span><\/span><span class=\"sharing-screen-reader-text\">Click to share on WhatsApp (Opens in new window)<\/span><\/a><\/li><li class=\"share-print\"><a rel=\"nofollow noopener noreferrer\" data-shared=\"\" class=\"share-print sd-button share-icon no-text\" href=\"https:\/\/28april.org\/?p=2468\" target=\"_blank\" title=\"Click to print\" ><span><\/span><span class=\"sharing-screen-reader-text\">Click to print (Opens in new window)<\/span><\/a><\/li><li class=\"share-email\"><a rel=\"nofollow noopener noreferrer\" data-shared=\"\" class=\"share-email sd-button share-icon no-text\" href=\"mailto:?subject=%5BShared%20Post%5D%20On%2028%20April%2C%20Swedish%20unions%20push%20for%20an%20ILO%20convention%20to%20tackle%20gender-based%20violence%20at%20work&body=https%3A%2F%2F28april.org%2F%3Fp%3D2468&share=email\" target=\"_blank\" title=\"Click to email a link to a friend\" data-email-share-error-title=\"Do you have email set up?\" data-email-share-error-text=\"If you&#039;re having problems sharing via email, you might not have email set up for your browser. You may need to create a new email yourself.\" data-email-share-nonce=\"e50662109d\" data-email-share-track-url=\"https:\/\/28april.org\/?p=2468&amp;share=email\"><span><\/span><span class=\"sharing-screen-reader-text\">Click to email a link to a friend (Opens in new window)<\/span><\/a><\/li><li class=\"share-pinterest\"><a rel=\"nofollow noopener noreferrer\" data-shared=\"sharing-pinterest-2468\" class=\"share-pinterest sd-button share-icon no-text\" href=\"https:\/\/28april.org\/?p=2468&amp;share=pinterest\" target=\"_blank\" title=\"Click to share on Pinterest\" ><span><\/span><span class=\"sharing-screen-reader-text\">Click to share on Pinterest (Opens in new window)<\/span><\/a><\/li><li class=\"share-telegram\"><a rel=\"nofollow noopener noreferrer\" data-shared=\"\" class=\"share-telegram sd-button share-icon no-text\" href=\"https:\/\/28april.org\/?p=2468&amp;share=telegram\" target=\"_blank\" title=\"Click to share on Telegram\" ><span><\/span><span class=\"sharing-screen-reader-text\">Click to share on Telegram (Opens in new window)<\/span><\/a><\/li><li class=\"share-end\"><\/li><\/ul><\/div><\/div><\/div>","protected":false},"excerpt":{"rendered":"<p>LO Sweden opinion piece published on 28 April in Dagens Arena. Today, 28 April, is the world day for safety and health at work celebrated of trade union organisations around the world. The purpose of the day is to underline the importance of preventive work in all areas. This year, there is a unique chance &hellip; <a href=\"https:\/\/28april.org\/?p=2468\" class=\"more-link\">Continue reading <span class=\"screen-reader-text\">On 28 April, Swedish unions push for an ILO convention to tackle gender-based violence at work<\/span> <span class=\"meta-nav\">&rarr;<\/span><\/a><\/p>\n<div class=\"sharedaddy sd-sharing-enabled\"><div class=\"robots-nocontent sd-block sd-social sd-social-icon sd-sharing\"><h3 class=\"sd-title\">Share this post<\/h3><div class=\"sd-content\"><ul><li class=\"share-facebook\"><a rel=\"nofollow noopener noreferrer\" data-shared=\"sharing-facebook-2468\" class=\"share-facebook sd-button share-icon no-text\" href=\"https:\/\/28april.org\/?p=2468&amp;share=facebook\" target=\"_blank\" title=\"Click to share on Facebook\" ><span><\/span><span class=\"sharing-screen-reader-text\">Click to share on Facebook (Opens in new window)<\/span><\/a><\/li><li class=\"share-linkedin\"><a rel=\"nofollow noopener noreferrer\" data-shared=\"sharing-linkedin-2468\" class=\"share-linkedin sd-button share-icon no-text\" href=\"https:\/\/28april.org\/?p=2468&amp;share=linkedin\" target=\"_blank\" title=\"Click to share on LinkedIn\" ><span><\/span><span class=\"sharing-screen-reader-text\">Click to share on LinkedIn (Opens in new window)<\/span><\/a><\/li><li class=\"share-twitter\"><a rel=\"nofollow noopener noreferrer\" data-shared=\"sharing-twitter-2468\" class=\"share-twitter sd-button share-icon no-text\" href=\"https:\/\/28april.org\/?p=2468&amp;share=twitter\" target=\"_blank\" title=\"Click to share on Twitter\" ><span><\/span><span class=\"sharing-screen-reader-text\">Click to share on Twitter (Opens in new window)<\/span><\/a><\/li><li class=\"share-pocket\"><a rel=\"nofollow noopener noreferrer\" data-shared=\"\" class=\"share-pocket sd-button share-icon no-text\" href=\"https:\/\/28april.org\/?p=2468&amp;share=pocket\" target=\"_blank\" title=\"Click to share on Pocket\" ><span><\/span><span class=\"sharing-screen-reader-text\">Click to share on Pocket (Opens in new window)<\/span><\/a><\/li><li class=\"share-jetpack-whatsapp\"><a rel=\"nofollow noopener noreferrer\" data-shared=\"\" class=\"share-jetpack-whatsapp sd-button share-icon no-text\" href=\"https:\/\/28april.org\/?p=2468&amp;share=jetpack-whatsapp\" target=\"_blank\" title=\"Click to share on WhatsApp\" ><span><\/span><span class=\"sharing-screen-reader-text\">Click to share on WhatsApp (Opens in new window)<\/span><\/a><\/li><li class=\"share-print\"><a rel=\"nofollow noopener noreferrer\" data-shared=\"\" class=\"share-print sd-button share-icon no-text\" href=\"https:\/\/28april.org\/?p=2468\" target=\"_blank\" title=\"Click to print\" ><span><\/span><span class=\"sharing-screen-reader-text\">Click to print (Opens in new window)<\/span><\/a><\/li><li class=\"share-email\"><a rel=\"nofollow noopener noreferrer\" data-shared=\"\" class=\"share-email sd-button share-icon no-text\" href=\"mailto:?subject=%5BShared%20Post%5D%20On%2028%20April%2C%20Swedish%20unions%20push%20for%20an%20ILO%20convention%20to%20tackle%20gender-based%20violence%20at%20work&body=https%3A%2F%2F28april.org%2F%3Fp%3D2468&share=email\" target=\"_blank\" title=\"Click to email a link to a friend\" data-email-share-error-title=\"Do you have email set up?\" data-email-share-error-text=\"If you&#039;re having problems sharing via email, you might not have email set up for your browser. You may need to create a new email yourself.\" data-email-share-nonce=\"e50662109d\" data-email-share-track-url=\"https:\/\/28april.org\/?p=2468&amp;share=email\"><span><\/span><span class=\"sharing-screen-reader-text\">Click to email a link to a friend (Opens in new window)<\/span><\/a><\/li><li class=\"share-pinterest\"><a rel=\"nofollow noopener noreferrer\" data-shared=\"sharing-pinterest-2468\" class=\"share-pinterest sd-button share-icon no-text\" href=\"https:\/\/28april.org\/?p=2468&amp;share=pinterest\" target=\"_blank\" title=\"Click to share on Pinterest\" ><span><\/span><span class=\"sharing-screen-reader-text\">Click to share on Pinterest (Opens in new window)<\/span><\/a><\/li><li class=\"share-telegram\"><a rel=\"nofollow noopener noreferrer\" data-shared=\"\" class=\"share-telegram sd-button share-icon no-text\" href=\"https:\/\/28april.org\/?p=2468&amp;share=telegram\" target=\"_blank\" title=\"Click to share on Telegram\" ><span><\/span><span class=\"sharing-screen-reader-text\">Click to share on Telegram (Opens in new window)<\/span><\/a><\/li><li class=\"share-end\"><\/li><\/ul><\/div><\/div><\/div>","protected":false},"author":1,"featured_media":0,"comment_status":"open","ping_status":"open","sticky":false,"template":"","format":"standard","meta":{"jetpack_post_was_ever_published":false},"categories":[528,603,4],"tags":[],"jetpack_featured_media_url":"","jetpack_shortlink":"https:\/\/wp.me\/p7r6RV-DO","jetpack_sharing_enabled":true,"jetpack_likes_enabled":false,"_links":{"self":[{"href":"https:\/\/28april.org\/index.php?rest_route=\/wp\/v2\/posts\/2468"}],"collection":[{"href":"https:\/\/28april.org\/index.php?rest_route=\/wp\/v2\/posts"}],"about":[{"href":"https:\/\/28april.org\/index.php?rest_route=\/wp\/v2\/types\/post"}],"author":[{"embeddable":true,"href":"https:\/\/28april.org\/index.php?rest_route=\/wp\/v2\/users\/1"}],"replies":[{"embeddable":true,"href":"https:\/\/28april.org\/index.php?rest_route=%2Fwp%2Fv2%2Fcomments&post=2468"}],"version-history":[{"count":1,"href":"https:\/\/28april.org\/index.php?rest_route=\/wp\/v2\/posts\/2468\/revisions"}],"predecessor-version":[{"id":2470,"href":"https:\/\/28april.org\/index.php?rest_route=\/wp\/v2\/posts\/2468\/revisions\/2470"}],"wp:attachment":[{"href":"https:\/\/28april.org\/index.php?rest_route=%2Fwp%2Fv2%2Fmedia&parent=2468"}],"wp:term":[{"taxonomy":"category","embeddable":true,"href":"https:\/\/28april.org\/index.php?rest_route=%2Fwp%2Fv2%2Fcategories&post=2468"},{"taxonomy":"post_tag","embeddable":true,"href":"https:\/\/28april.org\/index.php?rest_route=%2Fwp%2Fv2%2Ftags&post=2468"}],"curies":[{"name":"wp","href":"https:\/\/api.w.org\/{rel}","templated":true}]}}