{"id":2358,"date":"2018-04-27T15:35:25","date_gmt":"2018-04-27T14:35:25","guid":{"rendered":"https:\/\/28april.org\/?p=2358"},"modified":"2018-04-27T15:45:23","modified_gmt":"2018-04-27T14:45:23","slug":"global-28-avril-journee-internationale-de-commemoration-des-travailleuses-et-des-travailleurs-csi","status":"publish","type":"post","link":"https:\/\/28april.org\/?p=2358","title":{"rendered":"Global: 28 avril\u00a0&#8211; Journ\u00e9e internationale de comm\u00e9moration des travailleuses et des travailleurs, CSI"},"content":{"rendered":"<p><strong><a href=\"https:\/\/28april.org\/wp-content\/uploads\/2018\/04\/28aprilituc_poster_fr.jpg\"><img loading=\"lazy\" class=\"alignleft wp-image-1797\" src=\"https:\/\/28april.org\/wp-content\/uploads\/2018\/04\/28aprilituc_poster_fr.jpg\" alt=\"\" width=\"200\" height=\"283\" srcset=\"https:\/\/28april.org\/wp-content\/uploads\/2018\/04\/28aprilituc_poster_fr.jpg 868w, https:\/\/28april.org\/wp-content\/uploads\/2018\/04\/28aprilituc_poster_fr-212x300.jpg 212w, https:\/\/28april.org\/wp-content\/uploads\/2018\/04\/28aprilituc_poster_fr-768x1087.jpg 768w, https:\/\/28april.org\/wp-content\/uploads\/2018\/04\/28aprilituc_poster_fr-723x1024.jpg 723w\" sizes=\"(max-width: 200px) 100vw, 200px\" \/><\/a>Le 28 avril, Journ\u00e9e internationale de comm\u00e9moration des travailleuses et travailleurs morts ou bless\u00e9s au travail, des \u00e9v\u00e9nements seront organis\u00e9s dans le monde entier pour souligner le r\u00f4le vital jou\u00e9 par les syndicats en vue de prot\u00e9ger les travailleurs contre les accidents du travail et maladies professionnelles.<\/strong><\/p>\n<p>Plus de 2,5 millions de travailleurs ont trouv\u00e9 la mort en 2017 en raison de blessures sur leur lieu de travail ou de maladies professionnelles, et l\u2019on sait que de nombreux d\u00e9c\u00e8s li\u00e9s au travail ne sont pas enregistr\u00e9s.<\/p>\n<p>\u00ab\u00a0Les pi\u00e8tres conditions de travail tuent \u00e0 l\u2019\u00e9chelle mondiale un travailleur toutes les 11 secondes. Toutes ces morts sont \u00e9vitables, et pourtant leur nombre augmente. Les syndicats, et des lois efficaces et r\u00e9ellement mises en \u0153uvre, fournissent une protection vitale aux travailleurs. Mais avec l\u2019affaiblissement de la l\u00e9gislation du travail et l\u2019attaque \u00e0 la libert\u00e9 syndicale dans toutes les r\u00e9gions monde, il n\u2019est pas surprenant que le nombre de d\u00e9c\u00e8s li\u00e9s au travail soit si \u00e9lev\u00e9. C\u2019est la raison pour laquelle les syndicats mondiaux organisent actuellement vigoureusement une campagne urgente en vue d\u2019exiger s\u00e9curit\u00e9, justice et responsabilisation\u00a0\u00bb, a dit Sharan Burrow, Secr\u00e9taire g\u00e9n\u00e9rale de la CSI.<\/p>\n<p>Cette ann\u00e9e, les syndicats vont en outre se concentrer sur le fl\u00e9au des cancers professionnels, auxquels est due une grande partie des 2,4 millions de morts li\u00e9es aux maladies professionnelles tous les ans. Plus de 10\u00a0% des cancers r\u00e9sultent d\u2019une exposition \u00e0 des substances dangereuses sur le lieu de travail.<\/p>\n<p>\u00ab\u00a0Le cancer provoqu\u00e9 par le travail est un fl\u00e9au meurtrier\u00a0; or, l\u00e0 o\u00f9 les travailleurs n\u2019ont pas le droit de s\u2019organiser et o\u00f9 les pouvoirs publics ne r\u00e9glementent pas efficacement et n\u2019assurent pas la mise en \u0153uvre, les risques montent en fl\u00e8che. Les exemples du type Samsung en Cor\u00e9e sont trop nombreux\u00a0: cette soci\u00e9t\u00e9 invoquait le \u00ab\u00a0secret commercial\u00a0\u00bb pour camoufler la toxicit\u00e9 des produits chimiques que les ouvriers de la cha\u00eene de production devaient utiliser\u00a0\u00bb, a dit Burrow.<\/p>\n<p>Le mouvement syndical appelle \u00e9galement \u00e0 une reconnaissance de la sant\u00e9 et la s\u00e9curit\u00e9 sur le lieu de travail comme \u00e9tant un des Principes et droits fondamentaux au travail de l\u2019Organisation internationale du travail, au m\u00eame titre que les normes existantes en mati\u00e8re de travail forc\u00e9, travail des enfants et discrimination au travail, et que la libert\u00e9 syndicale et le droit de n\u00e9gociation collective.<\/p>\n<p>Pour plus d\u2019information, voir\u00a0: <a href=\"https:\/\/28april.org\/\">https:\/\/28april.org\/<\/a><\/p>\n<p>Pour de plus amples informations, veuillez contacter le d\u00e9partement de la presse de la CSI par t\u00e9l\u00e9phone\u00a0: +32 2 224 03 52 ou par courriel\u00a0: <a href=\"mailto:press@ituc-csi.org\">press@ituc-csi.org<\/a><\/p>\n<p><a href=\"https:\/\/www.ituc-csi.org\/28-avril-journee-internationale-de\">https:\/\/www.ituc-csi.org\/28-avril-journee-internationale-de<\/a><\/p>\n<p><strong>\u00a0<\/strong><\/p>\n<p>&nbsp;<\/p>\n<p>&nbsp;<\/p>\n<div class=\"sharedaddy sd-sharing-enabled\"><div class=\"robots-nocontent sd-block sd-social sd-social-icon sd-sharing\"><h3 class=\"sd-title\">Share this post<\/h3><div class=\"sd-content\"><ul><li class=\"share-facebook\"><a rel=\"nofollow noopener noreferrer\" data-shared=\"sharing-facebook-2358\" class=\"share-facebook sd-button share-icon no-text\" href=\"https:\/\/28april.org\/?p=2358&amp;share=facebook\" target=\"_blank\" title=\"Click to share on Facebook\" ><span><\/span><span class=\"sharing-screen-reader-text\">Click to share on Facebook (Opens in new window)<\/span><\/a><\/li><li class=\"share-linkedin\"><a rel=\"nofollow noopener noreferrer\" data-shared=\"sharing-linkedin-2358\" class=\"share-linkedin sd-button share-icon no-text\" href=\"https:\/\/28april.org\/?p=2358&amp;share=linkedin\" target=\"_blank\" title=\"Click to share on LinkedIn\" ><span><\/span><span class=\"sharing-screen-reader-text\">Click to share on LinkedIn (Opens in new window)<\/span><\/a><\/li><li class=\"share-twitter\"><a rel=\"nofollow noopener noreferrer\" data-shared=\"sharing-twitter-2358\" class=\"share-twitter sd-button share-icon no-text\" href=\"https:\/\/28april.org\/?p=2358&amp;share=twitter\" target=\"_blank\" title=\"Click to share on Twitter\" ><span><\/span><span class=\"sharing-screen-reader-text\">Click to share on Twitter (Opens in new window)<\/span><\/a><\/li><li class=\"share-pocket\"><a rel=\"nofollow noopener noreferrer\" data-shared=\"\" class=\"share-pocket sd-button share-icon no-text\" href=\"https:\/\/28april.org\/?p=2358&amp;share=pocket\" target=\"_blank\" title=\"Click to share on Pocket\" ><span><\/span><span class=\"sharing-screen-reader-text\">Click to share on Pocket (Opens in new window)<\/span><\/a><\/li><li class=\"share-jetpack-whatsapp\"><a rel=\"nofollow noopener noreferrer\" data-shared=\"\" class=\"share-jetpack-whatsapp sd-button share-icon no-text\" href=\"https:\/\/28april.org\/?p=2358&amp;share=jetpack-whatsapp\" target=\"_blank\" title=\"Click to share on WhatsApp\" ><span><\/span><span class=\"sharing-screen-reader-text\">Click to share on WhatsApp (Opens in new window)<\/span><\/a><\/li><li class=\"share-print\"><a rel=\"nofollow noopener noreferrer\" data-shared=\"\" class=\"share-print sd-button share-icon no-text\" href=\"https:\/\/28april.org\/?p=2358\" target=\"_blank\" title=\"Click to print\" ><span><\/span><span class=\"sharing-screen-reader-text\">Click to print (Opens in new window)<\/span><\/a><\/li><li class=\"share-email\"><a rel=\"nofollow noopener noreferrer\" data-shared=\"\" class=\"share-email sd-button share-icon no-text\" href=\"mailto:?subject=%5BShared%20Post%5D%20Global%3A%2028%20avril%C2%A0-%20Journ%C3%A9e%20internationale%20de%20comm%C3%A9moration%20des%20travailleuses%20et%20des%20travailleurs%2C%20CSI&body=https%3A%2F%2F28april.org%2F%3Fp%3D2358&share=email\" target=\"_blank\" title=\"Click to email a link to a friend\" data-email-share-error-title=\"Do you have email set up?\" data-email-share-error-text=\"If you&#039;re having problems sharing via email, you might not have email set up for your browser. You may need to create a new email yourself.\" data-email-share-nonce=\"55121c4c61\" data-email-share-track-url=\"https:\/\/28april.org\/?p=2358&amp;share=email\"><span><\/span><span class=\"sharing-screen-reader-text\">Click to email a link to a friend (Opens in new window)<\/span><\/a><\/li><li class=\"share-pinterest\"><a rel=\"nofollow noopener noreferrer\" data-shared=\"sharing-pinterest-2358\" class=\"share-pinterest sd-button share-icon no-text\" href=\"https:\/\/28april.org\/?p=2358&amp;share=pinterest\" target=\"_blank\" title=\"Click to share on Pinterest\" ><span><\/span><span class=\"sharing-screen-reader-text\">Click to share on Pinterest (Opens in new window)<\/span><\/a><\/li><li class=\"share-telegram\"><a rel=\"nofollow noopener noreferrer\" data-shared=\"\" class=\"share-telegram sd-button share-icon no-text\" href=\"https:\/\/28april.org\/?p=2358&amp;share=telegram\" target=\"_blank\" title=\"Click to share on Telegram\" ><span><\/span><span class=\"sharing-screen-reader-text\">Click to share on Telegram (Opens in new window)<\/span><\/a><\/li><li class=\"share-end\"><\/li><\/ul><\/div><\/div><\/div>","protected":false},"excerpt":{"rendered":"<p>Le 28 avril, Journ\u00e9e internationale de comm\u00e9moration des travailleuses et travailleurs morts ou bless\u00e9s au travail, des \u00e9v\u00e9nements seront organis\u00e9s dans le monde entier pour souligner le r\u00f4le vital jou\u00e9 par les syndicats en vue de prot\u00e9ger les travailleurs contre les accidents du travail et maladies professionnelles. Plus de 2,5 millions de travailleurs ont trouv\u00e9 &hellip; <a href=\"https:\/\/28april.org\/?p=2358\" class=\"more-link\">Continue reading <span class=\"screen-reader-text\">Global: 28 avril\u00a0&#8211; Journ\u00e9e internationale de comm\u00e9moration des travailleuses et des travailleurs, CSI<\/span> <span class=\"meta-nav\">&rarr;<\/span><\/a><\/p>\n<div class=\"sharedaddy sd-sharing-enabled\"><div class=\"robots-nocontent sd-block sd-social sd-social-icon sd-sharing\"><h3 class=\"sd-title\">Share this post<\/h3><div class=\"sd-content\"><ul><li class=\"share-facebook\"><a rel=\"nofollow noopener noreferrer\" data-shared=\"sharing-facebook-2358\" class=\"share-facebook sd-button share-icon no-text\" href=\"https:\/\/28april.org\/?p=2358&amp;share=facebook\" target=\"_blank\" title=\"Click to share on Facebook\" ><span><\/span><span class=\"sharing-screen-reader-text\">Click to share on Facebook (Opens in new window)<\/span><\/a><\/li><li class=\"share-linkedin\"><a rel=\"nofollow noopener noreferrer\" data-shared=\"sharing-linkedin-2358\" class=\"share-linkedin sd-button share-icon no-text\" href=\"https:\/\/28april.org\/?p=2358&amp;share=linkedin\" target=\"_blank\" title=\"Click to share on LinkedIn\" ><span><\/span><span class=\"sharing-screen-reader-text\">Click to share on LinkedIn (Opens in new window)<\/span><\/a><\/li><li class=\"share-twitter\"><a rel=\"nofollow noopener noreferrer\" data-shared=\"sharing-twitter-2358\" class=\"share-twitter sd-button share-icon no-text\" href=\"https:\/\/28april.org\/?p=2358&amp;share=twitter\" target=\"_blank\" title=\"Click to share on Twitter\" ><span><\/span><span class=\"sharing-screen-reader-text\">Click to share on Twitter (Opens in new window)<\/span><\/a><\/li><li class=\"share-pocket\"><a rel=\"nofollow noopener noreferrer\" data-shared=\"\" class=\"share-pocket sd-button share-icon no-text\" href=\"https:\/\/28april.org\/?p=2358&amp;share=pocket\" target=\"_blank\" title=\"Click to share on Pocket\" ><span><\/span><span class=\"sharing-screen-reader-text\">Click to share on Pocket (Opens in new window)<\/span><\/a><\/li><li class=\"share-jetpack-whatsapp\"><a rel=\"nofollow noopener noreferrer\" data-shared=\"\" class=\"share-jetpack-whatsapp sd-button share-icon no-text\" href=\"https:\/\/28april.org\/?p=2358&amp;share=jetpack-whatsapp\" target=\"_blank\" title=\"Click to share on WhatsApp\" ><span><\/span><span class=\"sharing-screen-reader-text\">Click to share on WhatsApp (Opens in new window)<\/span><\/a><\/li><li class=\"share-print\"><a rel=\"nofollow noopener noreferrer\" data-shared=\"\" class=\"share-print sd-button share-icon no-text\" href=\"https:\/\/28april.org\/?p=2358\" target=\"_blank\" title=\"Click to print\" ><span><\/span><span class=\"sharing-screen-reader-text\">Click to print (Opens in new window)<\/span><\/a><\/li><li class=\"share-email\"><a rel=\"nofollow noopener noreferrer\" data-shared=\"\" class=\"share-email sd-button share-icon no-text\" href=\"mailto:?subject=%5BShared%20Post%5D%20Global%3A%2028%20avril%C2%A0-%20Journ%C3%A9e%20internationale%20de%20comm%C3%A9moration%20des%20travailleuses%20et%20des%20travailleurs%2C%20CSI&body=https%3A%2F%2F28april.org%2F%3Fp%3D2358&share=email\" target=\"_blank\" title=\"Click to email a link to a friend\" data-email-share-error-title=\"Do you have email set up?\" data-email-share-error-text=\"If you&#039;re having problems sharing via email, you might not have email set up for your browser. You may need to create a new email yourself.\" data-email-share-nonce=\"55121c4c61\" data-email-share-track-url=\"https:\/\/28april.org\/?p=2358&amp;share=email\"><span><\/span><span class=\"sharing-screen-reader-text\">Click to email a link to a friend (Opens in new window)<\/span><\/a><\/li><li class=\"share-pinterest\"><a rel=\"nofollow noopener noreferrer\" data-shared=\"sharing-pinterest-2358\" class=\"share-pinterest sd-button share-icon no-text\" href=\"https:\/\/28april.org\/?p=2358&amp;share=pinterest\" target=\"_blank\" title=\"Click to share on Pinterest\" ><span><\/span><span class=\"sharing-screen-reader-text\">Click to share on Pinterest (Opens in new window)<\/span><\/a><\/li><li class=\"share-telegram\"><a rel=\"nofollow noopener noreferrer\" data-shared=\"\" class=\"share-telegram sd-button share-icon no-text\" href=\"https:\/\/28april.org\/?p=2358&amp;share=telegram\" target=\"_blank\" title=\"Click to share on Telegram\" ><span><\/span><span class=\"sharing-screen-reader-text\">Click to share on Telegram (Opens in new window)<\/span><\/a><\/li><li class=\"share-end\"><\/li><\/ul><\/div><\/div><\/div>","protected":false},"author":1,"featured_media":0,"comment_status":"open","ping_status":"open","sticky":false,"template":"","format":"standard","meta":{"jetpack_post_was_ever_published":false},"categories":[528,531,4,3],"tags":[],"jetpack_featured_media_url":"","jetpack_shortlink":"https:\/\/wp.me\/p7r6RV-C2","jetpack_sharing_enabled":true,"jetpack_likes_enabled":false,"_links":{"self":[{"href":"https:\/\/28april.org\/index.php?rest_route=\/wp\/v2\/posts\/2358"}],"collection":[{"href":"https:\/\/28april.org\/index.php?rest_route=\/wp\/v2\/posts"}],"about":[{"href":"https:\/\/28april.org\/index.php?rest_route=\/wp\/v2\/types\/post"}],"author":[{"embeddable":true,"href":"https:\/\/28april.org\/index.php?rest_route=\/wp\/v2\/users\/1"}],"replies":[{"embeddable":true,"href":"https:\/\/28april.org\/index.php?rest_route=%2Fwp%2Fv2%2Fcomments&post=2358"}],"version-history":[{"count":3,"href":"https:\/\/28april.org\/index.php?rest_route=\/wp\/v2\/posts\/2358\/revisions"}],"predecessor-version":[{"id":2362,"href":"https:\/\/28april.org\/index.php?rest_route=\/wp\/v2\/posts\/2358\/revisions\/2362"}],"wp:attachment":[{"href":"https:\/\/28april.org\/index.php?rest_route=%2Fwp%2Fv2%2Fmedia&parent=2358"}],"wp:term":[{"taxonomy":"category","embeddable":true,"href":"https:\/\/28april.org\/index.php?rest_route=%2Fwp%2Fv2%2Fcategories&post=2358"},{"taxonomy":"post_tag","embeddable":true,"href":"https:\/\/28april.org\/index.php?rest_route=%2Fwp%2Fv2%2Ftags&post=2358"}],"curies":[{"name":"wp","href":"https:\/\/api.w.org\/{rel}","templated":true}]}}