{"id":1515,"date":"2017-04-27T11:53:04","date_gmt":"2017-04-27T10:53:04","guid":{"rendered":"https:\/\/28april.org\/?p=1515"},"modified":"2017-04-27T11:53:04","modified_gmt":"2017-04-27T10:53:04","slug":"europe-priorite-a-la-sante-et-la-securite-de-chacun-etuc","status":"publish","type":"post","link":"https:\/\/28april.org\/?p=1515","title":{"rendered":"Europe: Priorit\u00e9 \u00e0 la sant\u00e9 et la s\u00e9curit\u00e9 de chacun\u00a0&#8211; ETUC"},"content":{"rendered":"<p><a href=\"https:\/\/28april.org\/wp-content\/uploads\/2017\/04\/hs-2017-1500x500-06.jpg\"><img loading=\"lazy\" class=\"alignleft size-full wp-image-1512\" src=\"https:\/\/28april.org\/wp-content\/uploads\/2017\/04\/hs-2017-1500x500-06.jpg\" alt=\"\" width=\"1501\" height=\"501\" srcset=\"https:\/\/28april.org\/wp-content\/uploads\/2017\/04\/hs-2017-1500x500-06.jpg 1501w, https:\/\/28april.org\/wp-content\/uploads\/2017\/04\/hs-2017-1500x500-06-300x100.jpg 300w, https:\/\/28april.org\/wp-content\/uploads\/2017\/04\/hs-2017-1500x500-06-768x256.jpg 768w, https:\/\/28april.org\/wp-content\/uploads\/2017\/04\/hs-2017-1500x500-06-1024x342.jpg 1024w\" sizes=\"(max-width: 1501px) 100vw, 1501px\" \/><\/a><\/p>\n<table id=\"templateContainer\" border=\"0\" width=\"600\" cellspacing=\"0\" cellpadding=\"0\">\n<tbody>\n<tr>\n<td align=\"center\" valign=\"top\">\n<table id=\"templateBody\" border=\"0\" width=\"600\" cellspacing=\"0\" cellpadding=\"0\">\n<tbody>\n<tr>\n<td class=\"bodyContent\" valign=\"top\">\n<table border=\"0\" width=\"100%\" cellspacing=\"0\" cellpadding=\"20\">\n<tbody>\n<tr>\n<td valign=\"top\">\n<div>\n<div><strong>Priorit\u00e9 \u00e0 la sant\u00e9 et la s\u00e9curit\u00e9 de chacun<\/strong>\n<\/div>\n<div>Bruxelles, le 27 avril 2017<\/div>\n<p>La sant\u00e9 et la s\u00e9curit\u00e9 au travail sont importantes pour tout le monde \u2013 pour les travailleurs, pour leurs familles et les \u00eatres qui leur sont chers et pour les employeurs.<\/p>\n<p>Avec plus de 168.000 morts caus\u00e9es chaque ann\u00e9e par des accidents et des maladies li\u00e9s au travail et plus de 3 millions d\u2019accidents du travail signal\u00e9s (c.-\u00e0-d. ceux qui donnent lieu \u00e0 une absence au travail d\u2019au moins quatre jours), la sant\u00e9 et la s\u00e9curit\u00e9 au travail repr\u00e9sentent une question tr\u00e8s s\u00e9rieuse pour tous.<\/p>\n<p>Pourtant, s\u2019agissant pr\u00e9cis\u00e9ment de sant\u00e9 et de s\u00e9curit\u00e9, certains travailleurs et certains risques sont toujours n\u00e9glig\u00e9s. Voyons les faits :<\/p>\n<ul>\n<li>Les travailleurs pr\u00e9caires, dans les petites et moyennes entreprises, les jeunes travailleurs, les travailleurs migrants et les travailleurs domestiques sont plus \u00e0 risque que les employ\u00e9s permanents dans les plus grandes entreprises. Ceci est en partie d\u00fb au moindre niveau de formation, d\u2019information et de repr\u00e9sentation offert \u00e0 ce type de travailleurs dans les entreprises plus petites.<\/li>\n<li>Environ un tiers des ouvriers du b\u00e2timent sont expos\u00e9s \u00e0 des substances tr\u00e8s dangereuses telles que les agents canc\u00e9rog\u00e8nes, mutag\u00e8nes et reprotoxiques. De toutes les professions, ces travailleurs sont ceux dont la probabilit\u00e9 de mort pr\u00e9matur\u00e9e est la plus \u00e9lev\u00e9e. L\u2019industrie du b\u00e2timent inclut un grand nombre de petites entreprises, de vrais et de faux travailleurs ind\u00e9pendants et de travailleurs migrants.<\/li>\n<li>Principalement cantonn\u00e9s dans des emplois peu qualifi\u00e9s et \u00e0 risque, les travailleurs migrants souffrent davantage de troubles musculo-squelettiques, de maladies de la peau et d\u2019accidents du travail.<\/li>\n<li>Les jeunes travailleurs \u00e2g\u00e9s de 15 \u00e0 24 ans sont particuli\u00e8rement expos\u00e9s \u00e0 des risques de l\u00e9sions corporelles, ce qui sugg\u00e8re la n\u00e9cessit\u00e9 de cours d\u2019\u00e9ducation et de formation en mati\u00e8re de sant\u00e9 et de s\u00e9curit\u00e9.<\/li>\n<li>Les coiffeurs, traditionnellement employ\u00e9s dans de petites entreprises et de petits lieux de travail, repr\u00e9sentent 1% de l\u2019ensemble de la main-d\u2019\u0153uvre mais 20% des femmes qui souffrent d\u2019asthme li\u00e9 au travail sont des coiffeuses.<\/li>\n<li>Le risque d\u2019exposition des femmes enceintes \u00e0 certaines conditions de travail (par exemple, l\u2019exposition aux agents chimiques, aux rayonnements ionisants, aux ondes \u00e9lectromagn\u00e9tiques, au stress, \u00e0 une chaleur excessive, \u00e0 la manutention de charges lourdes, au bruit, etc.) est toujours insuffisamment reconnu.<\/li>\n<\/ul>\n<p><em>\u00ab La sant\u00e9 et la s\u00e9curit\u00e9 de chacun importent \u00bb<\/em>, a d\u00e9clar\u00e9 Esther Lynch, Secr\u00e9taire conf\u00e9d\u00e9rale \u00e0 la Conf\u00e9d\u00e9ration europ\u00e9enne des syndicats (CES).\u00a0<em>\u00ab Tout travailleur a droit \u00e0 un environnement de travail s\u00fbr et sain. Personne ne devrait avoir \u00e0 choisir entre son emploi et sa sant\u00e9. \u00bb<\/em><\/p>\n<p><em>\u00ab L\u2019une des meilleures choses que puisse faire un travailleur pour mieux s\u2019informer et agir concernant les risques pour sa sant\u00e9 et sa s\u00e9curit\u00e9 est d\u2019adh\u00e9rer \u00e0 un syndicat. \u00bb<\/em><\/p>\n<p>Les syndicats veillent \u00e0 ce que les r\u00e8gles europ\u00e9ennes en mati\u00e8re de sant\u00e9 et de s\u00e9curit\u00e9 qui rendent les employeurs responsables pour la pr\u00e9vention syst\u00e9matique de tous les risques pour tous les travailleurs soient respect\u00e9es sur le terrain. Les syndicats maintiennent \u00e9galement la pression pour davantage d\u2019actions au niveau europ\u00e9en et national.<\/p>\n<p>Et Mme Lynch d\u2019ajouter :\u00a0<em>\u00ab Les syndicats continueront \u00e0 lutter pour une meilleure protection contre les substances responsables de cancers. Nous faisons aussi pression pour de nouvelles r\u00e9glementations concernant les douleurs de dos, de cou et de coude. \u00bb<\/em><\/p>\n<p>L\u2019UE doit encourager les \u00c9tats membres \u00e0 augmenter leurs moyens en personnel disponible pour leurs services d\u2019inspection du travail afin d\u2019atteindre l\u2019objectif recommand\u00e9 par l\u2019OIT de minimum un inspecteur pour 10.000 travailleurs.<\/p>\n<p>La CES soutient \u00e9galement les appels pour la r\u00e9pression du commerce international de l&#8217;amiante meurtri\u00e8re, qui exigent sp\u00e9cifiquement que les parties \u00e0\u00a0la Convention de Rotterdam sur le commerce des substances dangereuses, se r\u00e9unissant \u00e0 Gen\u00e8ve, rajoutent l&#8217;amiante \u00e0 la liste de substances sujettes \u00e0 des restrictions commerciales s\u00e9v\u00e8res.<\/p>\n<p>Pour les statistiques des accidents du travail mortels et non mortels, voir :<\/p>\n<p><a href=\"http:\/\/ec.europa.eu\/eurostat\/statistics-explained\/index.php\/File:Number_of_non-fatal_and_fatal_accidents_at_work,_2014_(persons)_YB16.png\">http:\/\/ec.europa.eu\/eurostat\/statistics-explained\/index.php\/File:Number_of_non-fatal_and_fatal_accidents_at_work,_2014_(persons)_YB16.png<\/a><\/p>\n<\/div>\n<\/td>\n<\/tr>\n<\/tbody>\n<\/table>\n<\/td>\n<\/tr>\n<\/tbody>\n<\/table>\n<\/td>\n<\/tr>\n<tr>\n<td align=\"center\" valign=\"top\">\n<table id=\"templateFooter\" border=\"0\" width=\"600\" cellspacing=\"0\" cellpadding=\"10\">\n<tbody>\n<tr>\n<td class=\"footerContent\" valign=\"top\">\n<table border=\"0\" width=\"100%\" cellspacing=\"0\" cellpadding=\"10\">\n<tbody>\n<tr>\n<td id=\"social\" colspan=\"2\" valign=\"middle\">\n<div>\n<div><em><strong>La\u00a0CES\u00a0est la voix des travailleurs et repr\u00e9sente 45 millions de membres de 89 organisations syndicales nationales r\u00e9parties dans 39 pays europ\u00e9ens ainsi que dix f\u00e9d\u00e9rations syndicales europ\u00e9ennes. La CES est aussi sur<a href=\"https:\/\/www.facebook.com\/ETUCCES\" target=\"_blank\" rel=\"noopener noreferrer\">\u00a0Facebook<\/a>,\u00a0<a href=\"https:\/\/twitter.com\/etuc_ces\">Twitter<\/a>,\u00a0<a href=\"http:\/\/www.youtube.com\/etucces\">YouTube<\/a>\u00a0et\u00a0<a href=\"http:\/\/www.flickr.com\/photos\/etuc-ces\">Flickr<\/a>.<\/strong><\/em><\/div>\n<\/div>\n<\/td>\n<\/tr>\n<tr>\n<td valign=\"top\" width=\"350\">\n<div><em>Copyright \u00a9 2017 European Trade Union Confederation\/ Conf\u00e9d\u00e9ration europ\u00e9enne des syndicats, All rights reserved.<\/em><\/p>\n<div><strong>Pour plus d&#8217;informations:<\/strong><\/p>\n<p>Julian Scola<br \/>\nT\u00e9l +32 (0) 486117394<br \/>\nSt\u00e9phanie Wouters<br \/>\nT\u00e9l +32 (0) 473532730<br \/>\nDaniele Melli<br \/>\nT\u00e9l +32 (0) 473942563<br \/>\nE-mail\u00a0:\u00a0<a href=\"mailto:media@etuc.org\">media@etuc.org<\/a><\/div>\n<\/div>\n<\/td>\n<\/tr>\n<\/tbody>\n<\/table>\n<\/td>\n<\/tr>\n<\/tbody>\n<\/table>\n<\/td>\n<\/tr>\n<\/tbody>\n<\/table>\n<div class=\"sharedaddy sd-sharing-enabled\"><div class=\"robots-nocontent sd-block sd-social sd-social-icon sd-sharing\"><h3 class=\"sd-title\">Share this post<\/h3><div class=\"sd-content\"><ul><li class=\"share-facebook\"><a rel=\"nofollow noopener noreferrer\" data-shared=\"sharing-facebook-1515\" class=\"share-facebook sd-button share-icon no-text\" href=\"https:\/\/28april.org\/?p=1515&amp;share=facebook\" target=\"_blank\" title=\"Click to share on Facebook\" ><span><\/span><span class=\"sharing-screen-reader-text\">Click to share on Facebook (Opens in new window)<\/span><\/a><\/li><li class=\"share-linkedin\"><a rel=\"nofollow noopener noreferrer\" data-shared=\"sharing-linkedin-1515\" class=\"share-linkedin sd-button share-icon no-text\" href=\"https:\/\/28april.org\/?p=1515&amp;share=linkedin\" target=\"_blank\" title=\"Click to share on LinkedIn\" ><span><\/span><span class=\"sharing-screen-reader-text\">Click to share on LinkedIn (Opens in new window)<\/span><\/a><\/li><li class=\"share-twitter\"><a rel=\"nofollow noopener noreferrer\" data-shared=\"sharing-twitter-1515\" class=\"share-twitter sd-button share-icon no-text\" href=\"https:\/\/28april.org\/?p=1515&amp;share=twitter\" target=\"_blank\" title=\"Click to share on Twitter\" ><span><\/span><span class=\"sharing-screen-reader-text\">Click to share on Twitter (Opens in new window)<\/span><\/a><\/li><li class=\"share-pocket\"><a rel=\"nofollow noopener noreferrer\" data-shared=\"\" class=\"share-pocket sd-button share-icon no-text\" href=\"https:\/\/28april.org\/?p=1515&amp;share=pocket\" target=\"_blank\" title=\"Click to share on Pocket\" ><span><\/span><span class=\"sharing-screen-reader-text\">Click to share on Pocket (Opens in new window)<\/span><\/a><\/li><li class=\"share-jetpack-whatsapp\"><a rel=\"nofollow noopener noreferrer\" data-shared=\"\" class=\"share-jetpack-whatsapp sd-button share-icon no-text\" href=\"https:\/\/28april.org\/?p=1515&amp;share=jetpack-whatsapp\" target=\"_blank\" title=\"Click to share on WhatsApp\" ><span><\/span><span class=\"sharing-screen-reader-text\">Click to share on WhatsApp (Opens in new window)<\/span><\/a><\/li><li class=\"share-print\"><a rel=\"nofollow noopener noreferrer\" data-shared=\"\" class=\"share-print sd-button share-icon no-text\" href=\"https:\/\/28april.org\/?p=1515\" target=\"_blank\" title=\"Click to print\" ><span><\/span><span class=\"sharing-screen-reader-text\">Click to print (Opens in new window)<\/span><\/a><\/li><li class=\"share-email\"><a rel=\"nofollow noopener noreferrer\" data-shared=\"\" class=\"share-email sd-button share-icon no-text\" href=\"mailto:?subject=%5BShared%20Post%5D%20Europe%3A%20Priorit%C3%A9%20%C3%A0%20la%20sant%C3%A9%20et%20la%20s%C3%A9curit%C3%A9%20de%20chacun%C2%A0-%20ETUC&body=https%3A%2F%2F28april.org%2F%3Fp%3D1515&share=email\" target=\"_blank\" title=\"Click to email a link to a friend\" data-email-share-error-title=\"Do you have email set up?\" data-email-share-error-text=\"If you&#039;re having problems sharing via email, you might not have email set up for your browser. You may need to create a new email yourself.\" data-email-share-nonce=\"72eb9e78f8\" data-email-share-track-url=\"https:\/\/28april.org\/?p=1515&amp;share=email\"><span><\/span><span class=\"sharing-screen-reader-text\">Click to email a link to a friend (Opens in new window)<\/span><\/a><\/li><li class=\"share-pinterest\"><a rel=\"nofollow noopener noreferrer\" data-shared=\"sharing-pinterest-1515\" class=\"share-pinterest sd-button share-icon no-text\" href=\"https:\/\/28april.org\/?p=1515&amp;share=pinterest\" target=\"_blank\" title=\"Click to share on Pinterest\" ><span><\/span><span class=\"sharing-screen-reader-text\">Click to share on Pinterest (Opens in new window)<\/span><\/a><\/li><li class=\"share-telegram\"><a rel=\"nofollow noopener noreferrer\" data-shared=\"\" class=\"share-telegram sd-button share-icon no-text\" href=\"https:\/\/28april.org\/?p=1515&amp;share=telegram\" target=\"_blank\" title=\"Click to share on Telegram\" ><span><\/span><span class=\"sharing-screen-reader-text\">Click to share on Telegram (Opens in new window)<\/span><\/a><\/li><li class=\"share-end\"><\/li><\/ul><\/div><\/div><\/div>","protected":false},"excerpt":{"rendered":"<p>Priorit\u00e9 \u00e0 la sant\u00e9 et la s\u00e9curit\u00e9 de chacun Bruxelles, le 27 avril 2017 La sant\u00e9 et la s\u00e9curit\u00e9 au travail sont importantes pour tout le monde \u2013 pour les travailleurs, pour leurs familles et les \u00eatres qui leur sont chers et pour les employeurs. Avec plus de 168.000 morts caus\u00e9es chaque ann\u00e9e par des &hellip; <a href=\"https:\/\/28april.org\/?p=1515\" class=\"more-link\">Continue reading <span class=\"screen-reader-text\">Europe: Priorit\u00e9 \u00e0 la sant\u00e9 et la s\u00e9curit\u00e9 de chacun\u00a0&#8211; ETUC<\/span> <span class=\"meta-nav\">&rarr;<\/span><\/a><\/p>\n<div class=\"sharedaddy sd-sharing-enabled\"><div class=\"robots-nocontent sd-block sd-social sd-social-icon sd-sharing\"><h3 class=\"sd-title\">Share this post<\/h3><div class=\"sd-content\"><ul><li class=\"share-facebook\"><a rel=\"nofollow noopener noreferrer\" data-shared=\"sharing-facebook-1515\" class=\"share-facebook sd-button share-icon no-text\" href=\"https:\/\/28april.org\/?p=1515&amp;share=facebook\" target=\"_blank\" title=\"Click to share on Facebook\" ><span><\/span><span class=\"sharing-screen-reader-text\">Click to share on Facebook (Opens in new window)<\/span><\/a><\/li><li class=\"share-linkedin\"><a rel=\"nofollow noopener noreferrer\" data-shared=\"sharing-linkedin-1515\" class=\"share-linkedin sd-button share-icon no-text\" href=\"https:\/\/28april.org\/?p=1515&amp;share=linkedin\" target=\"_blank\" title=\"Click to share on LinkedIn\" ><span><\/span><span class=\"sharing-screen-reader-text\">Click to share on LinkedIn (Opens in new window)<\/span><\/a><\/li><li class=\"share-twitter\"><a rel=\"nofollow noopener noreferrer\" data-shared=\"sharing-twitter-1515\" class=\"share-twitter sd-button share-icon no-text\" href=\"https:\/\/28april.org\/?p=1515&amp;share=twitter\" target=\"_blank\" title=\"Click to share on Twitter\" ><span><\/span><span class=\"sharing-screen-reader-text\">Click to share on Twitter (Opens in new window)<\/span><\/a><\/li><li class=\"share-pocket\"><a rel=\"nofollow noopener noreferrer\" data-shared=\"\" class=\"share-pocket sd-button share-icon no-text\" href=\"https:\/\/28april.org\/?p=1515&amp;share=pocket\" target=\"_blank\" title=\"Click to share on Pocket\" ><span><\/span><span class=\"sharing-screen-reader-text\">Click to share on Pocket (Opens in new window)<\/span><\/a><\/li><li class=\"share-jetpack-whatsapp\"><a rel=\"nofollow noopener noreferrer\" data-shared=\"\" class=\"share-jetpack-whatsapp sd-button share-icon no-text\" href=\"https:\/\/28april.org\/?p=1515&amp;share=jetpack-whatsapp\" target=\"_blank\" title=\"Click to share on WhatsApp\" ><span><\/span><span class=\"sharing-screen-reader-text\">Click to share on WhatsApp (Opens in new window)<\/span><\/a><\/li><li class=\"share-print\"><a rel=\"nofollow noopener noreferrer\" data-shared=\"\" class=\"share-print sd-button share-icon no-text\" href=\"https:\/\/28april.org\/?p=1515\" target=\"_blank\" title=\"Click to print\" ><span><\/span><span class=\"sharing-screen-reader-text\">Click to print (Opens in new window)<\/span><\/a><\/li><li class=\"share-email\"><a rel=\"nofollow noopener noreferrer\" data-shared=\"\" class=\"share-email sd-button share-icon no-text\" href=\"mailto:?subject=%5BShared%20Post%5D%20Europe%3A%20Priorit%C3%A9%20%C3%A0%20la%20sant%C3%A9%20et%20la%20s%C3%A9curit%C3%A9%20de%20chacun%C2%A0-%20ETUC&body=https%3A%2F%2F28april.org%2F%3Fp%3D1515&share=email\" target=\"_blank\" title=\"Click to email a link to a friend\" data-email-share-error-title=\"Do you have email set up?\" data-email-share-error-text=\"If you&#039;re having problems sharing via email, you might not have email set up for your browser. You may need to create a new email yourself.\" data-email-share-nonce=\"72eb9e78f8\" data-email-share-track-url=\"https:\/\/28april.org\/?p=1515&amp;share=email\"><span><\/span><span class=\"sharing-screen-reader-text\">Click to email a link to a friend (Opens in new window)<\/span><\/a><\/li><li class=\"share-pinterest\"><a rel=\"nofollow noopener noreferrer\" data-shared=\"sharing-pinterest-1515\" class=\"share-pinterest sd-button share-icon no-text\" href=\"https:\/\/28april.org\/?p=1515&amp;share=pinterest\" target=\"_blank\" title=\"Click to share on Pinterest\" ><span><\/span><span class=\"sharing-screen-reader-text\">Click to share on Pinterest (Opens in new window)<\/span><\/a><\/li><li class=\"share-telegram\"><a rel=\"nofollow noopener noreferrer\" data-shared=\"\" class=\"share-telegram sd-button share-icon no-text\" href=\"https:\/\/28april.org\/?p=1515&amp;share=telegram\" target=\"_blank\" title=\"Click to share on Telegram\" ><span><\/span><span class=\"sharing-screen-reader-text\">Click to share on Telegram (Opens in new window)<\/span><\/a><\/li><li class=\"share-end\"><\/li><\/ul><\/div><\/div><\/div>","protected":false},"author":1,"featured_media":0,"comment_status":"open","ping_status":"open","sticky":false,"template":"","format":"standard","meta":{"jetpack_post_was_ever_published":false},"categories":[458,501,4],"tags":[],"jetpack_featured_media_url":"","jetpack_shortlink":"https:\/\/wp.me\/p7r6RV-or","jetpack_sharing_enabled":true,"jetpack_likes_enabled":false,"_links":{"self":[{"href":"https:\/\/28april.org\/index.php?rest_route=\/wp\/v2\/posts\/1515"}],"collection":[{"href":"https:\/\/28april.org\/index.php?rest_route=\/wp\/v2\/posts"}],"about":[{"href":"https:\/\/28april.org\/index.php?rest_route=\/wp\/v2\/types\/post"}],"author":[{"embeddable":true,"href":"https:\/\/28april.org\/index.php?rest_route=\/wp\/v2\/users\/1"}],"replies":[{"embeddable":true,"href":"https:\/\/28april.org\/index.php?rest_route=%2Fwp%2Fv2%2Fcomments&post=1515"}],"version-history":[{"count":2,"href":"https:\/\/28april.org\/index.php?rest_route=\/wp\/v2\/posts\/1515\/revisions"}],"predecessor-version":[{"id":1517,"href":"https:\/\/28april.org\/index.php?rest_route=\/wp\/v2\/posts\/1515\/revisions\/1517"}],"wp:attachment":[{"href":"https:\/\/28april.org\/index.php?rest_route=%2Fwp%2Fv2%2Fmedia&parent=1515"}],"wp:term":[{"taxonomy":"category","embeddable":true,"href":"https:\/\/28april.org\/index.php?rest_route=%2Fwp%2Fv2%2Fcategories&post=1515"},{"taxonomy":"post_tag","embeddable":true,"href":"https:\/\/28april.org\/index.php?rest_route=%2Fwp%2Fv2%2Ftags&post=1515"}],"curies":[{"name":"wp","href":"https:\/\/api.w.org\/{rel}","templated":true}]}}